{"id":26117,"date":"2020-01-21T07:43:08","date_gmt":"2020-01-21T11:43:08","guid":{"rendered":"http:\/\/blogdalucianaoliveira.com.br\/blog\/?p=26117"},"modified":"2020-01-21T07:43:19","modified_gmt":"2020-01-21T11:43:19","slug":"balburdia-no-enem","status":"publish","type":"post","link":"http:\/\/blogdalucianaoliveira.com.br\/blog\/2020\/01\/21\/balburdia-no-enem\/","title":{"rendered":"Balb\u00fardia no Enem"},"content":{"rendered":"\n<figure class=\"wp-block-image size-large\"><img data-recalc-dims=\"1\" loading=\"lazy\" decoding=\"async\" width=\"600\" height=\"400\" data-attachment-id=\"26118\" data-permalink=\"http:\/\/blogdalucianaoliveira.com.br\/blog\/2020\/01\/21\/balburdia-no-enem\/image-63-2\/\" data-orig-file=\"https:\/\/i0.wp.com\/blogdalucianaoliveira.com.br\/blog\/wp-content\/uploads\/2020\/01\/image-63.jpeg?fit=768%2C512\" data-orig-size=\"768,512\" data-comments-opened=\"0\" data-image-meta=\"{&quot;aperture&quot;:&quot;0&quot;,&quot;credit&quot;:&quot;&quot;,&quot;camera&quot;:&quot;&quot;,&quot;caption&quot;:&quot;&quot;,&quot;created_timestamp&quot;:&quot;0&quot;,&quot;copyright&quot;:&quot;&quot;,&quot;focal_length&quot;:&quot;0&quot;,&quot;iso&quot;:&quot;0&quot;,&quot;shutter_speed&quot;:&quot;0&quot;,&quot;title&quot;:&quot;&quot;,&quot;orientation&quot;:&quot;0&quot;}\" data-image-title=\"image-63\" data-image-description=\"\" data-image-caption=\"\" data-medium-file=\"https:\/\/i0.wp.com\/blogdalucianaoliveira.com.br\/blog\/wp-content\/uploads\/2020\/01\/image-63.jpeg?fit=300%2C200\" data-large-file=\"https:\/\/i0.wp.com\/blogdalucianaoliveira.com.br\/blog\/wp-content\/uploads\/2020\/01\/image-63.jpeg?fit=600%2C400\" src=\"https:\/\/i0.wp.com\/blogdalucianaoliveira.com.br\/blog\/wp-content\/uploads\/2020\/01\/image-63.jpeg?resize=600%2C400\" alt=\"\" class=\"wp-image-26118\" srcset=\"https:\/\/i0.wp.com\/blogdalucianaoliveira.com.br\/blog\/wp-content\/uploads\/2020\/01\/image-63.jpeg?w=768 768w, https:\/\/i0.wp.com\/blogdalucianaoliveira.com.br\/blog\/wp-content\/uploads\/2020\/01\/image-63.jpeg?resize=300%2C200 300w, https:\/\/i0.wp.com\/blogdalucianaoliveira.com.br\/blog\/wp-content\/uploads\/2020\/01\/image-63.jpeg?resize=450%2C300 450w\" sizes=\"auto, (max-width: 600px) 100vw, 600px\" \/><\/figure>\n\n\n\n<p>Falha no sistema \u00e9 nova marca para minist\u00e9rio envolto em cruzada ideol\u00f3gica<\/p>\n\n\n\n<!--more-->\n\n\n\n<p>Editorial Folha &#8211; Em mais uma demonstra\u00e7\u00e3o da in\u00e9pcia que vem assolando o Minist\u00e9rio da Educa\u00e7\u00e3o, o respons\u00e1vel pela pasta, Abraham Weintraub, admitiu no s\u00e1bado (18)\u00a0<a href=\"https:\/\/www1.folha.uol.com.br\/educacao\/2020\/01\/mec-identifica-6000-erros-em-notas-do-enem-e-novas-falhas.shtml\">a exist\u00eancia de erros nas notas do Enem<\/a>\u00a0realizado no ano passado.<\/p>\n\n\n\n<p>O problema, de acordo com o MEC, deveu-se a uma falha da gr\u00e1fica que passou a imprimir a prova em 2019, ap\u00f3s a fal\u00eancia da empresa que fazia o servi\u00e7o anteriormente.<\/p>\n\n\n\n<p>Verificou-se uma inconsist\u00eancia entre a identifica\u00e7\u00e3o de alguns candidatos e a respectiva cor dos exames realizados por eles (cada cor traz uma ordem diferente das mesmas quest\u00f5es). Em raz\u00e3o disso, o sistema corrigiu testes de uma vers\u00e3o como se fossem de outra.<\/p>\n\n\n\n<p>A princ\u00edpio, o minist\u00e9rio afirmou que os problemas estariam restritos \u00e0 prova de matem\u00e1tica e ci\u00eancias da natureza, feita no segundo dia do Enem. Depois, confirmou a exist\u00eancia de falhas tamb\u00e9m no teste do primeiro dia.<\/p>\n\n\n\n<p>A pasta estimou inicialmente que os erros poderiam ter afetado at\u00e9 1% dos participantes, ou cerca de 39 mil alunos. Depois, baixou a estimativa para cerca de 6.000.<\/p>\n\n\n\n<p>Embora tenha divulgado dimens\u00f5es diferentes do problema, o MEC manteve o in\u00edcio do calend\u00e1rio do Sisu, sistema que seleciona alunos para as universidades p\u00fablicas pela nota do Enem \u2014as inscri\u00e7\u00f5es come\u00e7am nesta ter\u00e7a (21) e foram estendidas por dois dias, at\u00e9 domingo (26).<\/p>\n\n\n\n<p>Mais prudente talvez fosse dirimir completamente todas as d\u00favidas antes de dar prosseguimento \u00e0s etapas seguintes do processo.&nbsp;<\/p>\n\n\n\n<p>Mas seja qual for o universo de estudantes prejudicados, o estrago est\u00e1 feito. As inconsist\u00eancias encontradas na corre\u00e7\u00e3o n\u00e3o s\u00f3 abalam a imagem e a credibilidade do exame, hoje o principal meio de ingresso nas institui\u00e7\u00f5es federais do pa\u00eds, como d\u00e3o margem a toda sorte de questionamentos, como a contesta\u00e7\u00e3o das notas da reda\u00e7\u00e3o, que n\u00e3o teriam sido afetadas.<\/p>\n\n\n\n<p>Vista em perspectiva, a balb\u00fardia no Enem constitui apenas o problema mais recente de um&nbsp;<a href=\"https:\/\/www1.folha.uol.com.br\/educacao\/2020\/01\/mec-recebe-e-nao-usa-mais-de-r-1-bi-recuperado-na-lava-jato.shtml\">minist\u00e9rio cujo desempenho at\u00e9 agora foi p\u00edfio<\/a>, e que passou o \u00faltimo ano consumido por cruzadas ideol\u00f3gicas, trocas sucessivas em cargos de comando e paralisia institucional.<\/p>\n\n\n\n<p>N\u00e3o \u00e0 toa, foi o fato de n\u00e3o ter conseguido elaborar um projeto que impediu o MEC de utilizar, em 2019, o dinheiro resgatado da Lava Jato que lhe foi repassado, ao contr\u00e1rio de outras seis pastas tamb\u00e9m contempladas, conforme revelou reportagem desta&nbsp;<strong>Folha<\/strong>.&nbsp;<\/p>\n\n\n\n<p>Em vez de explicar a ina\u00e7\u00e3o ministerial, Weintraub preferiu atacar este jornal e um dos rep\u00f3rteres que assinaram o texto.<\/p>\n\n\n\n<p>O risco agora \u00e9 que tamanho despreparo venha a macular tamb\u00e9m um avan\u00e7o bem-sucedido na \u00e1rea educacional como o Enem<\/p>\n","protected":false},"excerpt":{"rendered":"<p>Falha no sistema \u00e9 nova marca para minist\u00e9rio envolto em cruzada ideol\u00f3gica<\/p>\n","protected":false},"author":1,"featured_media":0,"comment_status":"closed","ping_status":"open","sticky":false,"template":"","format":"standard","meta":{"_exactmetrics_skip_tracking":false,"_exactmetrics_sitenote_active":false,"_exactmetrics_sitenote_note":"","_exactmetrics_sitenote_category":0,"jetpack_post_was_ever_published":false,"_jetpack_newsletter_access":"","_jetpack_dont_email_post_to_subs":false,"_jetpack_newsletter_tier_id":0,"_jetpack_memberships_contains_paywalled_content":false,"_jetpack_memberships_contains_paid_content":false,"footnotes":"","jetpack_publicize_message":"","jetpack_publicize_feature_enabled":true,"jetpack_social_post_already_shared":true,"jetpack_social_options":{"image_generator_settings":{"template":"highway","enabled":false},"version":2}},"categories":[1],"tags":[],"class_list":["post-26117","post","type-post","status-publish","format-standard","hentry","category-notas"],"jetpack_publicize_connections":[],"jetpack_sharing_enabled":true,"jetpack_featured_media_url":"","jetpack_shortlink":"https:\/\/wp.me\/p7wKYW-6Nf","jetpack-related-posts":[],"_links":{"self":[{"href":"http:\/\/blogdalucianaoliveira.com.br\/blog\/wp-json\/wp\/v2\/posts\/26117","targetHints":{"allow":["GET"]}}],"collection":[{"href":"http:\/\/blogdalucianaoliveira.com.br\/blog\/wp-json\/wp\/v2\/posts"}],"about":[{"href":"http:\/\/blogdalucianaoliveira.com.br\/blog\/wp-json\/wp\/v2\/types\/post"}],"author":[{"embeddable":true,"href":"http:\/\/blogdalucianaoliveira.com.br\/blog\/wp-json\/wp\/v2\/users\/1"}],"replies":[{"embeddable":true,"href":"http:\/\/blogdalucianaoliveira.com.br\/blog\/wp-json\/wp\/v2\/comments?post=26117"}],"version-history":[{"count":1,"href":"http:\/\/blogdalucianaoliveira.com.br\/blog\/wp-json\/wp\/v2\/posts\/26117\/revisions"}],"predecessor-version":[{"id":26119,"href":"http:\/\/blogdalucianaoliveira.com.br\/blog\/wp-json\/wp\/v2\/posts\/26117\/revisions\/26119"}],"wp:attachment":[{"href":"http:\/\/blogdalucianaoliveira.com.br\/blog\/wp-json\/wp\/v2\/media?parent=26117"}],"wp:term":[{"taxonomy":"category","embeddable":true,"href":"http:\/\/blogdalucianaoliveira.com.br\/blog\/wp-json\/wp\/v2\/categories?post=26117"},{"taxonomy":"post_tag","embeddable":true,"href":"http:\/\/blogdalucianaoliveira.com.br\/blog\/wp-json\/wp\/v2\/tags?post=26117"}],"curies":[{"name":"wp","href":"https:\/\/api.w.org\/{rel}","templated":true}]}}