{"id":26123,"date":"2020-01-21T08:03:45","date_gmt":"2020-01-21T12:03:45","guid":{"rendered":"http:\/\/blogdalucianaoliveira.com.br\/blog\/?p=26123"},"modified":"2020-01-21T08:03:48","modified_gmt":"2020-01-21T12:03:48","slug":"raoni-sera-atracao-no-carnaval-de-salvador-este-ano","status":"publish","type":"post","link":"http:\/\/blogdalucianaoliveira.com.br\/blog\/2020\/01\/21\/raoni-sera-atracao-no-carnaval-de-salvador-este-ano\/","title":{"rendered":"Raoni ser\u00e1 atra\u00e7\u00e3o no Carnaval de Salvador, este ano"},"content":{"rendered":"\n<figure class=\"wp-block-image size-large\"><img data-recalc-dims=\"1\" loading=\"lazy\" decoding=\"async\" width=\"600\" height=\"299\" data-attachment-id=\"26124\" data-permalink=\"http:\/\/blogdalucianaoliveira.com.br\/blog\/2020\/01\/21\/raoni-sera-atracao-no-carnaval-de-salvador-este-ano\/image-5-4\/\" data-orig-file=\"https:\/\/i0.wp.com\/blogdalucianaoliveira.com.br\/blog\/wp-content\/uploads\/2020\/01\/image-5.png?fit=768%2C383\" data-orig-size=\"768,383\" data-comments-opened=\"0\" data-image-meta=\"{&quot;aperture&quot;:&quot;0&quot;,&quot;credit&quot;:&quot;&quot;,&quot;camera&quot;:&quot;&quot;,&quot;caption&quot;:&quot;&quot;,&quot;created_timestamp&quot;:&quot;0&quot;,&quot;copyright&quot;:&quot;&quot;,&quot;focal_length&quot;:&quot;0&quot;,&quot;iso&quot;:&quot;0&quot;,&quot;shutter_speed&quot;:&quot;0&quot;,&quot;title&quot;:&quot;&quot;,&quot;orientation&quot;:&quot;0&quot;}\" data-image-title=\"image-5\" data-image-description=\"\" data-image-caption=\"\" data-medium-file=\"https:\/\/i0.wp.com\/blogdalucianaoliveira.com.br\/blog\/wp-content\/uploads\/2020\/01\/image-5.png?fit=300%2C150\" data-large-file=\"https:\/\/i0.wp.com\/blogdalucianaoliveira.com.br\/blog\/wp-content\/uploads\/2020\/01\/image-5.png?fit=600%2C299\" src=\"https:\/\/i0.wp.com\/blogdalucianaoliveira.com.br\/blog\/wp-content\/uploads\/2020\/01\/image-5.png?resize=600%2C299\" alt=\"\" class=\"wp-image-26124\" srcset=\"https:\/\/i0.wp.com\/blogdalucianaoliveira.com.br\/blog\/wp-content\/uploads\/2020\/01\/image-5.png?w=768 768w, https:\/\/i0.wp.com\/blogdalucianaoliveira.com.br\/blog\/wp-content\/uploads\/2020\/01\/image-5.png?resize=300%2C150 300w, https:\/\/i0.wp.com\/blogdalucianaoliveira.com.br\/blog\/wp-content\/uploads\/2020\/01\/image-5.png?resize=602%2C300 602w\" sizes=\"auto, (max-width: 600px) 100vw, 600px\" \/><\/figure>\n\n\n\n<p>O cacique subir\u00e1 no trio el\u00e9trico do cantor e compositor Edu Casanova nos circuitos Dod\u00f4 e Osmar<\/p>\n\n\n\n<!--more-->\n\n\n\n<p>Folha do Progresso <\/p>\n\n\n\n<p>O Cacique Ra\u00f3n\u00ed Metuktire, l\u00edder da etnia Caiap\u00f3, vai marcar presen\u00e7a no Carnaval de Salvador, este ano. Ele subir\u00e1 no trio el\u00e9trico do cantor e compositor Edu Casanova para participar das apresenta\u00e7\u00f5es no s\u00e1bado, 21, no Circuito Dod\u00f4, na Barra, e no domingo, 22, no Circuito Osmar, em Campo Grande.<\/p>\n\n\n\n<p>Raoni \u00e9 reconhecido internacionalmente como porta-voz das lutas pelo meio ambiente, pela Amaz\u00f4nia, pelos povos ind\u00edgenas e pela paz. Foi tornado Embaixador da Floresta Amaz\u00f4nica e dos Povos Ind\u00edgenas, em 1989.<\/p>\n\n\n\n<p>Autor de sucessos gravados por Ivete Sangalo, Chiclete com Banana, Beth Carvalho, Dudu Nobre, Gal Costa, Banda Eva, Cheiro de Amor, Netinho e \u00c9 O Tchan, Edu Casanova venceu o Trof\u00e9u Dod\u00f4 e Osmar e Trof\u00e9u Bahia Folia com a m\u00fasica \u201cCabelo Raspadinho\u201d e realizou shows em outros pa\u00edses.<\/p>\n\n\n\n<p>Em 30 anos de carreira, ele procura ligar a imagem a causas de defesa dos direitos humanos, do meio ambiente e dos povos ind\u00edgenas. Este ano, o show dele no carnaval baiano ter\u00e1 como temas \u201cEm defesa do Meio Ambiente\u201d, \u201cEm defesa da Amaz\u00f4nia e dos Povos Ind\u00edgenas\u201d e em \u201cDefesa da Paz e de todas as etnias e ra\u00e7as\u201d.<\/p>\n\n\n\n<p>Edu desenvolve um trabalho volunt\u00e1rio com diversas tribos brasileiras. Ser\u00e1 a segunda vez que ele receber\u00e1 Raoni no trio el\u00e9trico durante o carnaval de Salvador. O cantor j\u00e1 gravou um disco com venda revertida para a aldeia, no Parque Nacional do Xingu, no Mato Grosso; e tamb\u00e9m levou o artesanato da tribo Patax\u00f3 da Reserva da Jaqueira de Porto Seguro para a turn\u00ea dele na China, onde os \u00edndios comrecializaram os produtos em uma feira.<\/p>\n","protected":false},"excerpt":{"rendered":"<p>O cacique subir\u00e1 no trio el\u00e9trico do cantor e compositor Edu Casanova nos circuitos Dod\u00f4 e Osmar<\/p>\n","protected":false},"author":1,"featured_media":0,"comment_status":"closed","ping_status":"open","sticky":false,"template":"","format":"standard","meta":{"_exactmetrics_skip_tracking":false,"_exactmetrics_sitenote_active":false,"_exactmetrics_sitenote_note":"","_exactmetrics_sitenote_category":0,"jetpack_post_was_ever_published":false,"_jetpack_newsletter_access":"","_jetpack_dont_email_post_to_subs":false,"_jetpack_newsletter_tier_id":0,"_jetpack_memberships_contains_paywalled_content":false,"_jetpack_memberships_contains_paid_content":false,"footnotes":"","jetpack_publicize_message":"","jetpack_publicize_feature_enabled":true,"jetpack_social_post_already_shared":true,"jetpack_social_options":{"image_generator_settings":{"template":"highway","enabled":false},"version":2}},"categories":[1],"tags":[],"class_list":["post-26123","post","type-post","status-publish","format-standard","hentry","category-notas"],"jetpack_publicize_connections":[],"jetpack_sharing_enabled":true,"jetpack_featured_media_url":"","jetpack_shortlink":"https:\/\/wp.me\/p7wKYW-6Nl","jetpack-related-posts":[],"_links":{"self":[{"href":"http:\/\/blogdalucianaoliveira.com.br\/blog\/wp-json\/wp\/v2\/posts\/26123","targetHints":{"allow":["GET"]}}],"collection":[{"href":"http:\/\/blogdalucianaoliveira.com.br\/blog\/wp-json\/wp\/v2\/posts"}],"about":[{"href":"http:\/\/blogdalucianaoliveira.com.br\/blog\/wp-json\/wp\/v2\/types\/post"}],"author":[{"embeddable":true,"href":"http:\/\/blogdalucianaoliveira.com.br\/blog\/wp-json\/wp\/v2\/users\/1"}],"replies":[{"embeddable":true,"href":"http:\/\/blogdalucianaoliveira.com.br\/blog\/wp-json\/wp\/v2\/comments?post=26123"}],"version-history":[{"count":1,"href":"http:\/\/blogdalucianaoliveira.com.br\/blog\/wp-json\/wp\/v2\/posts\/26123\/revisions"}],"predecessor-version":[{"id":26125,"href":"http:\/\/blogdalucianaoliveira.com.br\/blog\/wp-json\/wp\/v2\/posts\/26123\/revisions\/26125"}],"wp:attachment":[{"href":"http:\/\/blogdalucianaoliveira.com.br\/blog\/wp-json\/wp\/v2\/media?parent=26123"}],"wp:term":[{"taxonomy":"category","embeddable":true,"href":"http:\/\/blogdalucianaoliveira.com.br\/blog\/wp-json\/wp\/v2\/categories?post=26123"},{"taxonomy":"post_tag","embeddable":true,"href":"http:\/\/blogdalucianaoliveira.com.br\/blog\/wp-json\/wp\/v2\/tags?post=26123"}],"curies":[{"name":"wp","href":"https:\/\/api.w.org\/{rel}","templated":true}]}}