{"id":26126,"date":"2020-01-21T14:04:42","date_gmt":"2020-01-21T18:04:42","guid":{"rendered":"http:\/\/blogdalucianaoliveira.com.br\/blog\/?p=26126"},"modified":"2020-01-21T14:04:52","modified_gmt":"2020-01-21T18:04:52","slug":"acao-ditatorial-contra-glenn-greenwald-repercute-no-new-york-times","status":"publish","type":"post","link":"http:\/\/blogdalucianaoliveira.com.br\/blog\/2020\/01\/21\/acao-ditatorial-contra-glenn-greenwald-repercute-no-new-york-times\/","title":{"rendered":"A\u00e7\u00e3o ditatorial contra Glenn Greenwald repercute no New York Times"},"content":{"rendered":"\n<figure class=\"wp-block-image size-large\"><img data-recalc-dims=\"1\" loading=\"lazy\" decoding=\"async\" width=\"500\" height=\"240\" data-attachment-id=\"26127\" data-permalink=\"http:\/\/blogdalucianaoliveira.com.br\/blog\/2020\/01\/21\/acao-ditatorial-contra-glenn-greenwald-repercute-no-new-york-times\/image-65-2\/\" data-orig-file=\"https:\/\/i0.wp.com\/blogdalucianaoliveira.com.br\/blog\/wp-content\/uploads\/2020\/01\/image-65.jpeg?fit=500%2C240\" data-orig-size=\"500,240\" data-comments-opened=\"0\" data-image-meta=\"{&quot;aperture&quot;:&quot;0&quot;,&quot;credit&quot;:&quot;&quot;,&quot;camera&quot;:&quot;&quot;,&quot;caption&quot;:&quot;&quot;,&quot;created_timestamp&quot;:&quot;0&quot;,&quot;copyright&quot;:&quot;&quot;,&quot;focal_length&quot;:&quot;0&quot;,&quot;iso&quot;:&quot;0&quot;,&quot;shutter_speed&quot;:&quot;0&quot;,&quot;title&quot;:&quot;&quot;,&quot;orientation&quot;:&quot;0&quot;}\" data-image-title=\"image-65\" data-image-description=\"\" data-image-caption=\"\" data-medium-file=\"https:\/\/i0.wp.com\/blogdalucianaoliveira.com.br\/blog\/wp-content\/uploads\/2020\/01\/image-65.jpeg?fit=300%2C144\" data-large-file=\"https:\/\/i0.wp.com\/blogdalucianaoliveira.com.br\/blog\/wp-content\/uploads\/2020\/01\/image-65.jpeg?fit=500%2C240\" src=\"https:\/\/i0.wp.com\/blogdalucianaoliveira.com.br\/blog\/wp-content\/uploads\/2020\/01\/image-65.jpeg?resize=500%2C240\" alt=\"\" class=\"wp-image-26127\" srcset=\"https:\/\/i0.wp.com\/blogdalucianaoliveira.com.br\/blog\/wp-content\/uploads\/2020\/01\/image-65.jpeg?w=500 500w, https:\/\/i0.wp.com\/blogdalucianaoliveira.com.br\/blog\/wp-content\/uploads\/2020\/01\/image-65.jpeg?resize=300%2C144 300w\" sizes=\"auto, (max-width: 500px) 100vw, 500px\" \/><\/figure>\n\n\n\n<p>247 &#8211; A den\u00fancia arbitr\u00e1ria do MPF contra o jornalista Glenn Greenwald, que sofreu acusa\u00e7\u00e3o do \u00f3rg\u00e3o sem ao menos ser investigado, foi destaque no The New York Times, jornal estadunidense com maior circula\u00e7\u00e3o no pa\u00eds. Reportagem destaca que os documentos publicados na Vaza Jato \u201clevantaram quest\u00f5es sobre a integridade, o profissionalismo e os motivos dos principais membros do sistema de justi\u00e7a do Brasil\u201d&nbsp;<\/p>\n\n\n\n<!--more-->\n\n\n\n<p>&#8220;Entre as revela\u00e7\u00f5es dos artigos, por exemplo, estavam os chats em que S\u00e9rgio Moro, ex-juiz federal que processou o ex-presidente Luiz In\u00e1cio Lula da Silva em 2017, prestou orienta\u00e7\u00e3o estrat\u00e9gica ao Minist\u00e9rio P\u00fablico, violando normas legais e \u00e9ticas. Moro \u00e9 agora ministro da Justi\u00e7a do Brasil&#8221;, acrescenta a reportagem.\u00a0<br><\/p>\n\n\n\n<p><a href=\"https:\/\/www.brasil247.com\/brasil\/comeca-a-cacada-a-glenn-mp-o-denuncia-por-invasao-de-celulares-de-autoridades\">Em den\u00fancia assinada pelo procurador da Rep\u00fablica&nbsp;<\/a>Wellington Divino de Oliveira, o Minist\u00e9rio P\u00fablico Federal (MPF) denunciou nesta ter\u00e7a-feira (21) sete pessoas por suposta invas\u00e3o de celulares de autoridades brasileiras. Um dos denunciados \u00e9 o jornalista Glenn Greenwald, editor do site The Intercept, que vem publicando v\u00e1rias irregularidades da Opera\u00e7\u00e3o Lava Jato. S\u00e3o apontadas na den\u00fancia do MPF pr\u00e1tica de organiza\u00e7\u00e3o criminosa, lavagem de dinheiro, bem como as intercepta\u00e7\u00f5es telef\u00f4nicas engendradas pelos investigados.&nbsp;<\/p>\n\n\n\n<p>O curioso \u00e9 que Greenwald n\u00e3o foi investigado nem indiciado pela Pol\u00edcia Federal. Para o MPF, ficou comprovado que ele auxiliou o grupo que acessou o conte\u00fado das mensangens trocadas por membros da Lava Jato, que feriram a equidist\u00e2ncia entre quem julga e quem acusa, pois o ministro S\u00e9rgio Moro (Justi\u00e7a) serviu como uma esp\u00e9cie de &#8220;assistente de acusa\u00e7\u00e3o&#8221; dos procuradores.&nbsp;<\/p>\n\n\n\n<p>Entenda:&nbsp;<\/p>\n","protected":false},"excerpt":{"rendered":"<p>247 &#8211; A den\u00fancia arbitr\u00e1ria do MPF contra o jornalista Glenn Greenwald, que sofreu acusa\u00e7\u00e3o do \u00f3rg\u00e3o sem ao menos ser investigado, foi destaque no The New York Times, jornal estadunidense com maior circula\u00e7\u00e3o no pa\u00eds. Reportagem destaca que os documentos publicados na Vaza Jato \u201clevantaram quest\u00f5es sobre a integridade, o profissionalismo e os motivos&#8230;<a class=\"more-link\" href=\"http:\/\/blogdalucianaoliveira.com.br\/blog\/2020\/01\/21\/acao-ditatorial-contra-glenn-greenwald-repercute-no-new-york-times\/\">Continue a leitura <span class=\"meta-nav\">&raquo;<\/span><\/a><\/p>\n","protected":false},"author":1,"featured_media":0,"comment_status":"closed","ping_status":"open","sticky":false,"template":"","format":"standard","meta":{"_exactmetrics_skip_tracking":false,"_exactmetrics_sitenote_active":false,"_exactmetrics_sitenote_note":"","_exactmetrics_sitenote_category":0,"jetpack_post_was_ever_published":false,"_jetpack_newsletter_access":"","_jetpack_dont_email_post_to_subs":false,"_jetpack_newsletter_tier_id":0,"_jetpack_memberships_contains_paywalled_content":false,"_jetpack_memberships_contains_paid_content":false,"footnotes":"","jetpack_publicize_message":"","jetpack_publicize_feature_enabled":true,"jetpack_social_post_already_shared":true,"jetpack_social_options":{"image_generator_settings":{"template":"highway","enabled":false},"version":2}},"categories":[1],"tags":[],"class_list":["post-26126","post","type-post","status-publish","format-standard","hentry","category-notas"],"jetpack_publicize_connections":[],"jetpack_sharing_enabled":true,"jetpack_featured_media_url":"","jetpack_shortlink":"https:\/\/wp.me\/p7wKYW-6No","jetpack-related-posts":[],"_links":{"self":[{"href":"http:\/\/blogdalucianaoliveira.com.br\/blog\/wp-json\/wp\/v2\/posts\/26126","targetHints":{"allow":["GET"]}}],"collection":[{"href":"http:\/\/blogdalucianaoliveira.com.br\/blog\/wp-json\/wp\/v2\/posts"}],"about":[{"href":"http:\/\/blogdalucianaoliveira.com.br\/blog\/wp-json\/wp\/v2\/types\/post"}],"author":[{"embeddable":true,"href":"http:\/\/blogdalucianaoliveira.com.br\/blog\/wp-json\/wp\/v2\/users\/1"}],"replies":[{"embeddable":true,"href":"http:\/\/blogdalucianaoliveira.com.br\/blog\/wp-json\/wp\/v2\/comments?post=26126"}],"version-history":[{"count":1,"href":"http:\/\/blogdalucianaoliveira.com.br\/blog\/wp-json\/wp\/v2\/posts\/26126\/revisions"}],"predecessor-version":[{"id":26128,"href":"http:\/\/blogdalucianaoliveira.com.br\/blog\/wp-json\/wp\/v2\/posts\/26126\/revisions\/26128"}],"wp:attachment":[{"href":"http:\/\/blogdalucianaoliveira.com.br\/blog\/wp-json\/wp\/v2\/media?parent=26126"}],"wp:term":[{"taxonomy":"category","embeddable":true,"href":"http:\/\/blogdalucianaoliveira.com.br\/blog\/wp-json\/wp\/v2\/categories?post=26126"},{"taxonomy":"post_tag","embeddable":true,"href":"http:\/\/blogdalucianaoliveira.com.br\/blog\/wp-json\/wp\/v2\/tags?post=26126"}],"curies":[{"name":"wp","href":"https:\/\/api.w.org\/{rel}","templated":true}]}}