{"id":26129,"date":"2020-01-21T14:09:32","date_gmt":"2020-01-21T18:09:32","guid":{"rendered":"http:\/\/blogdalucianaoliveira.com.br\/blog\/?p=26129"},"modified":"2020-01-21T14:09:38","modified_gmt":"2020-01-21T18:09:38","slug":"denuncia-e-tentativa-obvia-de-atacar-a-imprensa-livre-diz-glenn-greenwald","status":"publish","type":"post","link":"http:\/\/blogdalucianaoliveira.com.br\/blog\/2020\/01\/21\/denuncia-e-tentativa-obvia-de-atacar-a-imprensa-livre-diz-glenn-greenwald\/","title":{"rendered":"&#8216;Den\u00fancia \u00e9 tentativa \u00f3bvia de atacar a imprensa livre&#8217;, diz Glenn Greenwald"},"content":{"rendered":"\n<figure class=\"wp-block-image size-large\"><img data-recalc-dims=\"1\" loading=\"lazy\" decoding=\"async\" width=\"600\" height=\"407\" data-attachment-id=\"26130\" data-permalink=\"http:\/\/blogdalucianaoliveira.com.br\/blog\/2020\/01\/21\/denuncia-e-tentativa-obvia-de-atacar-a-imprensa-livre-diz-glenn-greenwald\/d241f65d-e91f-4ac3-b14b-2bee8607a228\/\" data-orig-file=\"https:\/\/i0.wp.com\/blogdalucianaoliveira.com.br\/blog\/wp-content\/uploads\/2020\/01\/D241F65D-E91F-4AC3-B14B-2BEE8607A228.jpeg?fit=723%2C490\" data-orig-size=\"723,490\" data-comments-opened=\"0\" data-image-meta=\"{&quot;aperture&quot;:&quot;0&quot;,&quot;credit&quot;:&quot;&quot;,&quot;camera&quot;:&quot;&quot;,&quot;caption&quot;:&quot;&quot;,&quot;created_timestamp&quot;:&quot;0&quot;,&quot;copyright&quot;:&quot;&quot;,&quot;focal_length&quot;:&quot;0&quot;,&quot;iso&quot;:&quot;0&quot;,&quot;shutter_speed&quot;:&quot;0&quot;,&quot;title&quot;:&quot;&quot;,&quot;orientation&quot;:&quot;0&quot;}\" data-image-title=\"D241F65D-E91F-4AC3-B14B-2BEE8607A228\" data-image-description=\"\" data-image-caption=\"\" data-medium-file=\"https:\/\/i0.wp.com\/blogdalucianaoliveira.com.br\/blog\/wp-content\/uploads\/2020\/01\/D241F65D-E91F-4AC3-B14B-2BEE8607A228.jpeg?fit=300%2C203\" data-large-file=\"https:\/\/i0.wp.com\/blogdalucianaoliveira.com.br\/blog\/wp-content\/uploads\/2020\/01\/D241F65D-E91F-4AC3-B14B-2BEE8607A228.jpeg?fit=600%2C407\" src=\"https:\/\/i0.wp.com\/blogdalucianaoliveira.com.br\/blog\/wp-content\/uploads\/2020\/01\/D241F65D-E91F-4AC3-B14B-2BEE8607A228.jpeg?resize=600%2C407\" alt=\"\" class=\"wp-image-26130\" srcset=\"https:\/\/i0.wp.com\/blogdalucianaoliveira.com.br\/blog\/wp-content\/uploads\/2020\/01\/D241F65D-E91F-4AC3-B14B-2BEE8607A228.jpeg?w=723 723w, https:\/\/i0.wp.com\/blogdalucianaoliveira.com.br\/blog\/wp-content\/uploads\/2020\/01\/D241F65D-E91F-4AC3-B14B-2BEE8607A228.jpeg?resize=300%2C203 300w, https:\/\/i0.wp.com\/blogdalucianaoliveira.com.br\/blog\/wp-content\/uploads\/2020\/01\/D241F65D-E91F-4AC3-B14B-2BEE8607A228.jpeg?resize=443%2C300 443w\" sizes=\"auto, (max-width: 600px) 100vw, 600px\" \/><\/figure>\n\n\n\n<p>Jornalista \u00e9 acusado de envolvimento no hackeamento de telefones de autoridades como Sergio Moro<\/p>\n\n\n\n<!--more-->\n\n\n\n<p>M\u00f4nica Bergamo<\/p>\n\n\n\n<p>FSP <\/p>\n\n\n\n<p>O jornalista Glenn&nbsp;Greenwald&nbsp;diz que a den\u00fancia em que o Minist\u00e9rio P\u00fablico Federal (MPF) o acusa de envolvimento no hackeamento&nbsp;de contas de Telegram&nbsp;de autoridades como o ministro Sergio&nbsp;Moro (Justi\u00e7a) &#8220;\u00e9 uma tentativa \u00f3bvia de atacar a imprensa livre em retalia\u00e7\u00e3o pelas revela\u00e7\u00f5es que relatamos sobre o ministro Moro e o governo Bolsonaro&#8221;.&nbsp;<\/p>\n\n\n\n<p><a href=\"https:\/\/www1.folha.uol.com.br\/poder\/2020\/01\/procuradoria-denuncia-glenn-e-outras-6-pessoas-sob-acusacao-de-hackear-laja-jato.shtml\">Greenwald\u00a0foi um dos sete denunciados pelo MPF nesta ter\u00e7a (21)<\/a>.<\/p>\n\n\n\n<p>&#8220;N\u00e3o seremos intimidados por essas tentativas tir\u00e2nicas de silenciar jornalistas. Estou trabalhando agora com novos relat\u00f3rios e continuarei a fazer meu\u00a0trabalho\u00a0jornal\u00edstico. Muitos brasileiros corajosos sacrificaram sua liberdade e at\u00e9 sua vida pela democracia brasileira, e\u00a0sinto\u00a0a obriga\u00e7\u00e3o de continuar esse nobre trabalho&#8221;, diz o jornalista.\u00a0Ele \u00e9 fundador do The Intercept\u00a0Brasil,\u00a0<a href=\"https:\/\/www1.folha.uol.com.br\/poder\/2020\/01\/moro-chama-mensagens-de-bobageirada-e-pede-para-gilmar-assumir-responsabilidades.shtml\">que recebeu di\u00e1logos da Lava Jato e os publicou em 2019<\/a>.<\/p>\n\n\n\n<p>O americano mandou uma nota \u00e0 coluna depois de ser procurado para comentar a den\u00fancia. Leia a \u00edntegra abaixo:<\/p>\n\n\n\n<p>&#8220;O governo Bolsonaro e o movimento que o&nbsp;apoia deixaram repetidamente claro que n\u00e3o acreditam em liberdades de imprensa &nbsp;\u2014as amea\u00e7as de Bolsonaro \u00e0&nbsp;<strong>Folha<\/strong>, os ataques aos jornalistas incitando viol\u00eancia, as insinua\u00e7\u00f5es de Sergio Moro desde o in\u00edcio da nossas reportagens para nos classificar como &#8216;aliados dos hackers&#8217;&nbsp;por revelar sua corrup\u00e7\u00e3o em vez de &#8216;jornalistas&#8217;.<\/p>\n\n\n\n<p>H\u00e1 menos de dois meses, a Pol\u00edcia Federal, examinando todas as mesmas evid\u00eancias citadas pelo Minist\u00e9rio P\u00fablico, declarou explicitamente que n\u00e3o apenas nunca cometi nenhum crime, mas tamb\u00e9m exerci extrema cautela como jornalista, nem cheguei de qualquer participa\u00e7\u00e3o. At\u00e9 a Pol\u00edcia Federal, sob o comando do ministro Moro, disse o que est\u00e1 claro para qualquer pessoa: eu n\u00e3o fiz nada al\u00e9m do meu trabalho como jornalista \u2014eticamente e dentro da lei.<\/p>\n\n\n\n<p>Essa den\u00fancia \u2014levada pelo mesmo procurador que tentou (mas fracassou)&nbsp;<a href=\"https:\/\/www1.folha.uol.com.br\/poder\/2019\/12\/procuradoria-denuncia-presidente-da-oab-sob-acusacao-de-calunia-a-moro.shtml\">processar criminalmente Felipe Santa Cruz por criticar ministro&nbsp;<\/a><a href=\"https:\/\/www1.folha.uol.com.br\/poder\/2019\/12\/procuradoria-denuncia-presidente-da-oab-sob-acusacao-de-calunia-a-moro.shtml\">Moro<\/a>\u2014&nbsp; \u00e9 uma tentativa \u00f3bvia de atacar a imprensa livre em retalia\u00e7\u00e3o pelas revela\u00e7\u00f5es que relatamos sobre o ministro Moro e o governo Bolsonaro. \u00c9 tamb\u00e9m um ataque direito ao STF, que determinou que temos o direito de ter nossa liberdade de imprensa protegida em resposta a outros ataques do ministro Moro, e at\u00e9 mesmo \u00e0s conclus\u00f5es da Pol\u00edcia Federal.<\/p>\n\n\n\n<p>N\u00e3o seremos intimidados por essas tentativas tir\u00e2nicas de silenciar jornalistas. Estou trabalhando agora com novos relat\u00f3rios e continuarei a fazer meu trabalho jornal\u00edstico. Muitos brasileiros corajosos sacrificaram sua liberdade e at\u00e9 a sua vida pela democracia brasileira, e sinto a obriga\u00e7\u00e3o de continuar esse nobre trabalho.&#8221;<\/p>\n","protected":false},"excerpt":{"rendered":"<p>Jornalista \u00e9 acusado de envolvimento no hackeamento de telefones de autoridades como Sergio Moro<\/p>\n","protected":false},"author":1,"featured_media":0,"comment_status":"closed","ping_status":"open","sticky":false,"template":"","format":"standard","meta":{"_exactmetrics_skip_tracking":false,"_exactmetrics_sitenote_active":false,"_exactmetrics_sitenote_note":"","_exactmetrics_sitenote_category":0,"jetpack_post_was_ever_published":false,"_jetpack_newsletter_access":"","_jetpack_dont_email_post_to_subs":false,"_jetpack_newsletter_tier_id":0,"_jetpack_memberships_contains_paywalled_content":false,"_jetpack_memberships_contains_paid_content":false,"footnotes":"","jetpack_publicize_message":"","jetpack_publicize_feature_enabled":true,"jetpack_social_post_already_shared":true,"jetpack_social_options":{"image_generator_settings":{"template":"highway","enabled":false},"version":2}},"categories":[1],"tags":[],"class_list":["post-26129","post","type-post","status-publish","format-standard","hentry","category-notas"],"jetpack_publicize_connections":[],"jetpack_sharing_enabled":true,"jetpack_featured_media_url":"","jetpack_shortlink":"https:\/\/wp.me\/p7wKYW-6Nr","jetpack-related-posts":[],"_links":{"self":[{"href":"http:\/\/blogdalucianaoliveira.com.br\/blog\/wp-json\/wp\/v2\/posts\/26129","targetHints":{"allow":["GET"]}}],"collection":[{"href":"http:\/\/blogdalucianaoliveira.com.br\/blog\/wp-json\/wp\/v2\/posts"}],"about":[{"href":"http:\/\/blogdalucianaoliveira.com.br\/blog\/wp-json\/wp\/v2\/types\/post"}],"author":[{"embeddable":true,"href":"http:\/\/blogdalucianaoliveira.com.br\/blog\/wp-json\/wp\/v2\/users\/1"}],"replies":[{"embeddable":true,"href":"http:\/\/blogdalucianaoliveira.com.br\/blog\/wp-json\/wp\/v2\/comments?post=26129"}],"version-history":[{"count":1,"href":"http:\/\/blogdalucianaoliveira.com.br\/blog\/wp-json\/wp\/v2\/posts\/26129\/revisions"}],"predecessor-version":[{"id":26131,"href":"http:\/\/blogdalucianaoliveira.com.br\/blog\/wp-json\/wp\/v2\/posts\/26129\/revisions\/26131"}],"wp:attachment":[{"href":"http:\/\/blogdalucianaoliveira.com.br\/blog\/wp-json\/wp\/v2\/media?parent=26129"}],"wp:term":[{"taxonomy":"category","embeddable":true,"href":"http:\/\/blogdalucianaoliveira.com.br\/blog\/wp-json\/wp\/v2\/categories?post=26129"},{"taxonomy":"post_tag","embeddable":true,"href":"http:\/\/blogdalucianaoliveira.com.br\/blog\/wp-json\/wp\/v2\/tags?post=26129"}],"curies":[{"name":"wp","href":"https:\/\/api.w.org\/{rel}","templated":true}]}}