{"id":26135,"date":"2020-01-21T17:41:05","date_gmt":"2020-01-21T21:41:05","guid":{"rendered":"http:\/\/blogdalucianaoliveira.com.br\/blog\/?p=26135"},"modified":"2020-01-21T17:41:12","modified_gmt":"2020-01-21T21:41:12","slug":"jornalismo-nao-e-crime-colunista-de-midia-do-washington-post-comenta-caso-greenwald","status":"publish","type":"post","link":"http:\/\/blogdalucianaoliveira.com.br\/blog\/2020\/01\/21\/jornalismo-nao-e-crime-colunista-de-midia-do-washington-post-comenta-caso-greenwald\/","title":{"rendered":"&#8216;Jornalismo n\u00e3o \u00e9 crime&#8217;: colunista de m\u00eddia do Washington Post comenta caso Greenwald"},"content":{"rendered":"\n<figure class=\"wp-block-image\"><img data-recalc-dims=\"1\" decoding=\"async\" src=\"https:\/\/i0.wp.com\/ichef.bbci.co.uk\/news\/660\/cpsprodpb\/17270\/production\/_108123849_054892007.jpg?w=600&#038;ssl=1\" alt=\"O jornalista Glenn Greenwald\"\/><\/figure>\n\n\n\n<p>A den\u00fancia apresentada pelo Minist\u00e9rio P\u00fablico Federal em Bras\u00edlia nesta ter\u00e7a-feira (21) contra o jornalista americano Glenn Greenwald \u00e9 um &#8220;ataque perigoso \u00e0 liberdade de imprensa&#8221; e deve ser &#8220;condenada pelo que \u00e9&#8221;, disse a colunista de m\u00eddia do jornal Washington Post, Margaret Sullivan.<\/p>\n\n\n\n<!--more-->\n\n\n\n<p> Giuliana Vallone<\/p>\n\n\n\n<p>Da BBC News Brasil em S\u00e3o Paulo <\/p>\n\n\n\n<p>&#8220;O jornalismo n\u00e3o \u00e9 um crime&#8221;, afirmou Sullivan \u00e0 BBC News Brasil, por email.<\/p>\n\n\n\n<p>&#8220;Denunciar o jornalista vencedor do Pr\u00eamio Pulitzer Glenn Greenwald por conduta criminosa \u00e9 uma tentativa clara de puni-lo por reportar firmemente em nome do interesse p\u00fablico ao longo de v\u00e1rios meses.&#8221;<\/p>\n\n\n\n<p>A jornalista, que j\u00e1 foi ombudsman do jornal The New York Times, ressalta que a pr\u00f3pria Pol\u00edcia Federal brasileira disse, no fim do ano passado, &#8220;que Greenwald manteve seu trabalho de reportagem dentro dos limites razo\u00e1veis, ressaltando que &#8216;n\u00e3o foi poss\u00edvel identificar participa\u00e7\u00e3o material ou moral&#8217; dele em nenhuma atividade ilegal&#8221;.<\/p>\n\n\n\n<p>Greenwald \u00e9 fundador do site The Intercept Brasil, que publicou, desde junho de 2019, uma s\u00e9rie de reportagens baseadas num vazamento de conversas atribu\u00eddas ao hoje ministro da Justi\u00e7a e Seguran\u00e7a P\u00falica, Sergio Moro, e procuradores da Opera\u00e7\u00e3o Lava Jato no aplicativo Telegram, gerando uma s\u00e9rie de implica\u00e7\u00f5es pol\u00edticas.<\/p>\n\n\n\n<p>As mensagens mostram o ent\u00e3o juiz sugerindo testemunhas, dando pistas sobre futuras decis\u00f5es e aconselhando membros do Minist\u00e9rio P\u00fablico Federal, entre eles o procurador Deltan Dallagnol, coordenador da for\u00e7a-tarefa da Lava Jato no Paran\u00e1. Pela lei, ju\u00edzes n\u00e3o podem aconselhar partes de um processo.<\/p>\n\n\n\n<p>O conte\u00fado constrangeu envolvidos e foi usado pela defesa do ex-presidente Luiz In\u00e1cio Lula da Silva para reafirmar que Moro n\u00e3o foi imparcial. Julgado pelo atual ministro em primeira inst\u00e2ncia e, em seguida, pelo Tribunal Regional Federal da 4\u00aa Regi\u00e3o (TRF-4), Lula foi<a href=\"https:\/\/www.bbc.co.uk\/portuguese\/brasil-50551122\">&nbsp;condenado no caso do tr\u00edplex do Guaruj\u00e1&nbsp;<\/a>e preso em abril de 2018.<\/p>\n\n\n\n<p>O ex-presidente saiu da pris\u00e3o em novembro do ano passado, ap\u00f3s decis\u00e3o do Supremo Tribunal Federal que determinou que condenados n\u00e3o deveriam iniciar o cumprimento da pena antes de esgotados todos os recursos poss\u00edveis.<\/p>\n\n\n\n<h2 class=\"wp-block-heading\">Conversas com hackers<\/h2>\n\n\n\n<p>Nesta ter\u00e7a-feira, com base&nbsp;<a href=\"https:\/\/www.bbc.co.uk\/portuguese\/brasil-49078982\">na Opera\u00e7\u00e3o Spoofing<\/a>, o MPF denunciou sete pessoas sob acusa\u00e7\u00e3o de crimes relacionados ao caso. O documento aponta a pr\u00e1tica de organiza\u00e7\u00e3o criminosa, lavagem de dinheiro e invas\u00e3o de dispositivo inform\u00e1tico alheio.<\/p>\n\n\n\n<p>Apesar de ter sido denunciado, Greenwald n\u00e3o foi indiciado ou investigado pela Pol\u00edcia Federal. Isso porque, em decis\u00e3o de agosto do ano passado, o ministro do Supremo Tribunal Federal Gilmar Mendes proibiu a investiga\u00e7\u00e3o do jornalista, afirmando que Greenwald n\u00e3o poderia ser responsabilizado pelo vazamento das conversas.<\/p>\n\n\n\n<p>O procurador da Rep\u00fablica Wellington Divino de Oliveira entendeu, por\u00e9m, que as provas coletadas na investiga\u00e7\u00e3o demonstram que o jornalista auxiliou, incentivou e orientou os hackers durante o per\u00edodo das invas\u00f5es.<\/p>\n\n\n\n<p>Agora, a Justi\u00e7a deve decidir se aceita ou n\u00e3o as den\u00fancias contra os acusados.<\/p>\n\n\n\n<p>Para denunciar Greenwald, o procurador citou um \u00e1udio encontrado no computador de um dos acusados, Walter Delgatti Neto, em que o jornalista conversa com Luiz Moli\u00e7\u00e3o, porta-voz do grupo.<\/p>\n\n\n\n<figure class=\"wp-block-image\"><img data-recalc-dims=\"1\" decoding=\"async\" src=\"https:\/\/i0.wp.com\/ichef.bbci.co.uk\/news\/624\/cpsprodpb\/152FB\/production\/_110597768_margaretsullivan.jpg?w=600&#038;ssl=1\" alt=\"Margaret Sullivan\"\/><figcaption>Image captionPara Margaret Sullivan, den\u00fancia de Greenwald \u00e9 &#8216;ataque perigoso \u00e0 liberdade de imprensa&#8217;<\/figcaption><\/figure>\n\n\n\n<p>No \u00e1udio, Greenwald explica que \u00e9 sua obriga\u00e7\u00e3o proteger a fonte das reportagens. &#8220;Isso \u00e9 nossa obriga\u00e7\u00e3o. Ent\u00e3o, n\u00f3s n\u00e3o podemos fazer nada que pode criar um risco que eles podem descobrir &#8216;o identidade&#8217; de nossa fonte&#8221;, diz.<\/p>\n\n\n\n<p>&#8220;Ent\u00e3o, para gente, n\u00f3s vamos&#8230; como eu disse n\u00e3o podemos apagar todas as conversas porque precisamos manter, mas vamos ter uma c\u00f3pia num lugar muito seguro&#8230; se precisarmos. Pra voc\u00eas, n\u00f3s j\u00e1 salvamos todos, n\u00f3s j\u00e1 recebemos todos. Eu acho que n\u00e3o tem nenhum prop\u00f3sito, nenhum motivo para voc\u00eas manter nada, entendeu?&#8221;<\/p>\n\n\n\n<p>Para o procurador, a conversa mostra que, ao sugerir que o grupo deletasse as mensagens hackeadas, o jornalista agiu para dificultar as investiga\u00e7\u00f5es e reduzir a possibilidade de responsabiliza\u00e7\u00e3o penal dos envolvidos.<\/p>\n\n\n\n<p>Pelo Twitter, Greenwald afirmou que continuar\u00e1 defendendo uma imprensa livre, &#8220;sem ser intimidado por autoridades que abusam de seu poder&#8221;.<\/p>\n\n\n\n<p>Em nota, o Intercept Brasil afirma que &#8220;causa perplexidade que o Minist\u00e9rio P\u00fablico Federal se preste a um papel claramente pol\u00edtico, na contram\u00e3o do inqu\u00e9rito da pr\u00f3pria Pol\u00edcia Federal&#8221;.<\/p>\n\n\n\n<p>&#8220;Vemos nessa a\u00e7\u00e3o uma tentativa de criminalizar n\u00e3o somente o nosso trabalho, mas todo o jornalismo brasileiro. N\u00e3o existe democracia sem jornalismo cr\u00edtico e livre. A sociedade brasileira n\u00e3o pode aceitar abusos de poder como esse.&#8221;<br><\/p>\n\n\n\n<p><br><\/p>\n","protected":false},"excerpt":{"rendered":"<p>A den\u00fancia apresentada pelo Minist\u00e9rio P\u00fablico Federal em Bras\u00edlia nesta ter\u00e7a-feira (21) contra o jornalista americano Glenn Greenwald \u00e9 um &#8220;ataque perigoso \u00e0 liberdade de imprensa&#8221; e deve ser &#8220;condenada pelo que \u00e9&#8221;, disse a colunista de m\u00eddia do jornal Washington Post, Margaret Sullivan.<\/p>\n","protected":false},"author":1,"featured_media":0,"comment_status":"closed","ping_status":"open","sticky":false,"template":"","format":"standard","meta":{"_exactmetrics_skip_tracking":false,"_exactmetrics_sitenote_active":false,"_exactmetrics_sitenote_note":"","_exactmetrics_sitenote_category":0,"jetpack_post_was_ever_published":false,"_jetpack_newsletter_access":"","_jetpack_dont_email_post_to_subs":false,"_jetpack_newsletter_tier_id":0,"_jetpack_memberships_contains_paywalled_content":false,"_jetpack_memberships_contains_paid_content":false,"footnotes":"","jetpack_publicize_message":"","jetpack_publicize_feature_enabled":true,"jetpack_social_post_already_shared":true,"jetpack_social_options":{"image_generator_settings":{"template":"highway","enabled":false},"version":2}},"categories":[1],"tags":[],"class_list":["post-26135","post","type-post","status-publish","format-standard","hentry","category-notas"],"jetpack_publicize_connections":[],"jetpack_sharing_enabled":true,"jetpack_featured_media_url":"","jetpack_shortlink":"https:\/\/wp.me\/p7wKYW-6Nx","jetpack-related-posts":[],"_links":{"self":[{"href":"http:\/\/blogdalucianaoliveira.com.br\/blog\/wp-json\/wp\/v2\/posts\/26135","targetHints":{"allow":["GET"]}}],"collection":[{"href":"http:\/\/blogdalucianaoliveira.com.br\/blog\/wp-json\/wp\/v2\/posts"}],"about":[{"href":"http:\/\/blogdalucianaoliveira.com.br\/blog\/wp-json\/wp\/v2\/types\/post"}],"author":[{"embeddable":true,"href":"http:\/\/blogdalucianaoliveira.com.br\/blog\/wp-json\/wp\/v2\/users\/1"}],"replies":[{"embeddable":true,"href":"http:\/\/blogdalucianaoliveira.com.br\/blog\/wp-json\/wp\/v2\/comments?post=26135"}],"version-history":[{"count":1,"href":"http:\/\/blogdalucianaoliveira.com.br\/blog\/wp-json\/wp\/v2\/posts\/26135\/revisions"}],"predecessor-version":[{"id":26136,"href":"http:\/\/blogdalucianaoliveira.com.br\/blog\/wp-json\/wp\/v2\/posts\/26135\/revisions\/26136"}],"wp:attachment":[{"href":"http:\/\/blogdalucianaoliveira.com.br\/blog\/wp-json\/wp\/v2\/media?parent=26135"}],"wp:term":[{"taxonomy":"category","embeddable":true,"href":"http:\/\/blogdalucianaoliveira.com.br\/blog\/wp-json\/wp\/v2\/categories?post=26135"},{"taxonomy":"post_tag","embeddable":true,"href":"http:\/\/blogdalucianaoliveira.com.br\/blog\/wp-json\/wp\/v2\/tags?post=26135"}],"curies":[{"name":"wp","href":"https:\/\/api.w.org\/{rel}","templated":true}]}}