{"id":26137,"date":"2020-01-21T19:17:02","date_gmt":"2020-01-21T23:17:02","guid":{"rendered":"http:\/\/blogdalucianaoliveira.com.br\/blog\/?p=26137"},"modified":"2020-01-21T19:17:14","modified_gmt":"2020-01-21T23:17:14","slug":"intercept-reage-a-perseguicao-contra-glenn-mpf-virou-policia-politica-a-servico-de-moro","status":"publish","type":"post","link":"http:\/\/blogdalucianaoliveira.com.br\/blog\/2020\/01\/21\/intercept-reage-a-perseguicao-contra-glenn-mpf-virou-policia-politica-a-servico-de-moro\/","title":{"rendered":"Intercept reage \u00e0 persegui\u00e7\u00e3o contra Glenn: MPF virou pol\u00edcia pol\u00edtica a servi\u00e7o de Moro"},"content":{"rendered":"\n<figure class=\"wp-block-image\"><img data-recalc-dims=\"1\" decoding=\"async\" src=\"https:\/\/i0.wp.com\/publisher-publish.s3.eu-central-1.amazonaws.com\/pb-brasil247\/swp\/jtjeq9\/media\/20200121200140_13cfe080-48d1-42a5-8a7e-189738707f12.jpeg?w=600&#038;ssl=1\" alt=\"\"\/><figcaption><br><\/figcaption><\/figure>\n\n\n\n<p>ESTA \u00c9 UMA VERS\u00c3O&nbsp;aumentada da nota que soltamos hoje sobre a den\u00fancia apresentada pelo Minist\u00e9rio P\u00fablico Federal &nbsp;contra o jornalista Glenn Greenwald:<\/p>\n\n\n\n<!--more-->\n\n\n\n<p><strong>Por Leandro Demori e Rafael Moro Martins, no&nbsp;<\/strong><a href=\"https:\/\/theintercept.com\/2020\/01\/21\/nota-intercept-glenn-mpf\/\"><strong>The Intercept<\/strong><\/a><\/p>\n\n\n\n<p><strong>1.<\/strong>&nbsp;Os di\u00e1logos utilizados pelo MPF na den\u00fancia s\u00e3o rigorosamente os mesmos que j\u00e1 haviam sido analisados pela Pol\u00edcia Federal durante a opera\u00e7\u00e3o Spoofing, e acerca dos quais a PF&nbsp;<a href=\"https:\/\/www1.folha.uol.com.br\/poder\/2019\/12\/pf-indicia-seis-suspeitos-de-hackear-moro-e-lava-jato.shtml\" target=\"_blank\" rel=\"noreferrer noopener\">n\u00e3o imputou qualquer conduta criminosa a Glenn<\/a>;<\/p>\n\n\n\n<p><strong>2.<\/strong>&nbsp;A PF concluiu: \u201cN\u00e3o \u00e9 poss\u00edvel identificar a participa\u00e7\u00e3o moral e material do jornalista Glenn Greenwald nos crimes investigados\u201d;<\/p>\n\n\n\n<p><strong>3.<\/strong>&nbsp;A PF destaca, inclusive, a \u201cpostura cuidadosa e distante em rela\u00e7\u00e3o \u00e0 execu\u00e7\u00e3o das invas\u00f5es\u201d por parte do jornalista co-fundador do&nbsp;<strong>Intercept<\/strong>;<\/p>\n\n\n\n<p><strong>4.<\/strong>\u00a0Glenn Greenwald n\u00e3o foi sequer investigado pela PF, pois n\u00e3o existiam contra ele os m\u00ednimos ind\u00edcios de cometimento de crimes. Ainda assim, foi denunciado pelo Minist\u00e9rio P\u00fablico Federal;<\/p>\n\n\n\n<p><strong>5.<\/strong>&nbsp;Causa perplexidade que o Minist\u00e9rio P\u00fablico Federal se preste a um papel claramente pol\u00edtico, indo na contram\u00e3o da aus\u00eancia de ind\u00edcios informada no inqu\u00e9rito da Pol\u00edcia Federal;<\/p>\n\n\n\n<p><strong>6.<\/strong>&nbsp;N\u00f3s, do Intercept, vemos uma tentativa de criminalizar n\u00e3o somente o nosso trabalho, mas o de todo o jornalismo brasileiro. N\u00e3o existe democracia sem jornalismo cr\u00edtico e livre. A sociedade brasileira n\u00e3o pode aceitar abusos de poder como esse;<\/p>\n\n\n\n<p><strong>7.<\/strong>\u00a0O procurador Wellington Divino Marques de Oliveira, que agora tenta criminalizar nosso jornalismo, \u00e9 o mesmo que\u00a0<a rel=\"noreferrer noopener\" href=\"https:\/\/www1.folha.uol.com.br\/colunas\/monicabergamo\/2020\/01\/procurador-que-denunciou-glenn-e-o-mesmo-que-denunciou-presidente-da-oab.shtml\" target=\"_blank\">denunciou e tentou afastar do cargo o presidente da OAB<\/a>, Felipe Santa Cruz, por cal\u00fania em uma fala p\u00fablica sobre o ministro de Bolsonaro Sergio Moro. A den\u00fancia foi\u00a0<a rel=\"noreferrer noopener\" href=\"https:\/\/www1.folha.uol.com.br\/poder\/2020\/01\/justica-rejeita-denuncia-contra-presidente-da-oab-acusado-de-caluniar-moro.shtml\" target=\"_blank\">rejeitada<\/a>\u00a0pela Justi\u00e7a por ser, nas palavras do juiz da 15\u00aa Vara Federal do Distrito Federal, \u201cdescabida\u201d;<\/p>\n\n\n\n<p><strong>8.<\/strong>&nbsp;Sergio Moro \u00e9 o principal implicado no esc\u00e2ndalo da Vaza Jato, a s\u00e9rie de reportagens publicada pelo Intercept e por ve\u00edculos parceiros que mostra ilegalidades cometidas por Moro e pela Lava Jato;<\/p>\n\n\n\n<p><strong>9.<\/strong>&nbsp;O MPF tamb\u00e9m \u00e9 implicado no esc\u00e2ndalo da Vaza Jato, com v\u00e1rios de seus membros atingidos pelas irregularidades reveladas nas mensagens que estamos publicando;<\/p>\n\n\n\n<p><strong>10.<\/strong>&nbsp;A den\u00fancia desrespeita ainda a autoridade de uma medida cautelar do Supremo Tribunal Federal, concedida na Argui\u00e7\u00e3o de Descumprimento de Preceito Fundamental (ADPF) n\u00ba 601. Ela foi concedida para evitar ataques \u00e0 liberdade de imprensa e ao trabalho jornal\u00edstico do Intercept e demais ve\u00edculos parceiros na cobertura da Vaza Jato.<br><\/p>\n\n\n\n<p><br><\/p>\n\n\n\n<p><br><\/p>\n\n\n\n<p><\/p>\n","protected":false},"excerpt":{"rendered":"<p>ESTA \u00c9 UMA VERS\u00c3O&nbsp;aumentada da nota que soltamos hoje sobre a den\u00fancia apresentada pelo Minist\u00e9rio P\u00fablico Federal &nbsp;contra o jornalista Glenn Greenwald:<\/p>\n","protected":false},"author":1,"featured_media":0,"comment_status":"closed","ping_status":"open","sticky":false,"template":"","format":"standard","meta":{"_exactmetrics_skip_tracking":false,"_exactmetrics_sitenote_active":false,"_exactmetrics_sitenote_note":"","_exactmetrics_sitenote_category":0,"jetpack_post_was_ever_published":false,"_jetpack_newsletter_access":"","_jetpack_dont_email_post_to_subs":false,"_jetpack_newsletter_tier_id":0,"_jetpack_memberships_contains_paywalled_content":false,"_jetpack_memberships_contains_paid_content":false,"footnotes":"","jetpack_publicize_message":"","jetpack_publicize_feature_enabled":true,"jetpack_social_post_already_shared":true,"jetpack_social_options":{"image_generator_settings":{"template":"highway","enabled":false},"version":2}},"categories":[1],"tags":[],"class_list":["post-26137","post","type-post","status-publish","format-standard","hentry","category-notas"],"jetpack_publicize_connections":[],"jetpack_sharing_enabled":true,"jetpack_featured_media_url":"","jetpack_shortlink":"https:\/\/wp.me\/p7wKYW-6Nz","jetpack-related-posts":[],"_links":{"self":[{"href":"http:\/\/blogdalucianaoliveira.com.br\/blog\/wp-json\/wp\/v2\/posts\/26137","targetHints":{"allow":["GET"]}}],"collection":[{"href":"http:\/\/blogdalucianaoliveira.com.br\/blog\/wp-json\/wp\/v2\/posts"}],"about":[{"href":"http:\/\/blogdalucianaoliveira.com.br\/blog\/wp-json\/wp\/v2\/types\/post"}],"author":[{"embeddable":true,"href":"http:\/\/blogdalucianaoliveira.com.br\/blog\/wp-json\/wp\/v2\/users\/1"}],"replies":[{"embeddable":true,"href":"http:\/\/blogdalucianaoliveira.com.br\/blog\/wp-json\/wp\/v2\/comments?post=26137"}],"version-history":[{"count":1,"href":"http:\/\/blogdalucianaoliveira.com.br\/blog\/wp-json\/wp\/v2\/posts\/26137\/revisions"}],"predecessor-version":[{"id":26138,"href":"http:\/\/blogdalucianaoliveira.com.br\/blog\/wp-json\/wp\/v2\/posts\/26137\/revisions\/26138"}],"wp:attachment":[{"href":"http:\/\/blogdalucianaoliveira.com.br\/blog\/wp-json\/wp\/v2\/media?parent=26137"}],"wp:term":[{"taxonomy":"category","embeddable":true,"href":"http:\/\/blogdalucianaoliveira.com.br\/blog\/wp-json\/wp\/v2\/categories?post=26137"},{"taxonomy":"post_tag","embeddable":true,"href":"http:\/\/blogdalucianaoliveira.com.br\/blog\/wp-json\/wp\/v2\/tags?post=26137"}],"curies":[{"name":"wp","href":"https:\/\/api.w.org\/{rel}","templated":true}]}}