{"id":26141,"date":"2020-01-22T07:39:51","date_gmt":"2020-01-22T11:39:51","guid":{"rendered":"http:\/\/blogdalucianaoliveira.com.br\/blog\/?p=26141"},"modified":"2020-01-22T07:40:02","modified_gmt":"2020-01-22T11:40:02","slug":"cartorio-sedia-evento-de-apoio-ao-novo-partido-de-bolsonaro-no-para","status":"publish","type":"post","link":"http:\/\/blogdalucianaoliveira.com.br\/blog\/2020\/01\/22\/cartorio-sedia-evento-de-apoio-ao-novo-partido-de-bolsonaro-no-para\/","title":{"rendered":"Cart\u00f3rio sedia evento de apoio ao novo partido de Bolsonaro no Par\u00e1"},"content":{"rendered":"\n<figure class=\"wp-block-image size-large\"><img data-recalc-dims=\"1\" loading=\"lazy\" decoding=\"async\" width=\"600\" height=\"360\" data-attachment-id=\"26142\" data-permalink=\"http:\/\/blogdalucianaoliveira.com.br\/blog\/2020\/01\/22\/cartorio-sedia-evento-de-apoio-ao-novo-partido-de-bolsonaro-no-para\/image-66-2\/\" data-orig-file=\"https:\/\/i0.wp.com\/blogdalucianaoliveira.com.br\/blog\/wp-content\/uploads\/2020\/01\/image-66.jpeg?fit=768%2C461\" data-orig-size=\"768,461\" data-comments-opened=\"0\" data-image-meta=\"{&quot;aperture&quot;:&quot;0&quot;,&quot;credit&quot;:&quot;&quot;,&quot;camera&quot;:&quot;&quot;,&quot;caption&quot;:&quot;&quot;,&quot;created_timestamp&quot;:&quot;0&quot;,&quot;copyright&quot;:&quot;&quot;,&quot;focal_length&quot;:&quot;0&quot;,&quot;iso&quot;:&quot;0&quot;,&quot;shutter_speed&quot;:&quot;0&quot;,&quot;title&quot;:&quot;&quot;,&quot;orientation&quot;:&quot;0&quot;}\" data-image-title=\"image-66\" data-image-description=\"\" data-image-caption=\"\" data-medium-file=\"https:\/\/i0.wp.com\/blogdalucianaoliveira.com.br\/blog\/wp-content\/uploads\/2020\/01\/image-66.jpeg?fit=300%2C180\" data-large-file=\"https:\/\/i0.wp.com\/blogdalucianaoliveira.com.br\/blog\/wp-content\/uploads\/2020\/01\/image-66.jpeg?fit=600%2C360\" src=\"https:\/\/i0.wp.com\/blogdalucianaoliveira.com.br\/blog\/wp-content\/uploads\/2020\/01\/image-66.jpeg?resize=600%2C360\" alt=\"\" class=\"wp-image-26142\" srcset=\"https:\/\/i0.wp.com\/blogdalucianaoliveira.com.br\/blog\/wp-content\/uploads\/2020\/01\/image-66.jpeg?w=768 768w, https:\/\/i0.wp.com\/blogdalucianaoliveira.com.br\/blog\/wp-content\/uploads\/2020\/01\/image-66.jpeg?resize=300%2C180 300w, https:\/\/i0.wp.com\/blogdalucianaoliveira.com.br\/blog\/wp-content\/uploads\/2020\/01\/image-66.jpeg?resize=500%2C300 500w\" sizes=\"auto, (max-width: 600px) 100vw, 600px\" \/><\/figure>\n\n\n\n<h4 class=\"wp-block-heading\">Cart\u00f3rios s\u00e3o concess\u00f5es p\u00fablicas e n\u00e3o podem exercer atividades pol\u00edtico-partid\u00e1rias; no dia anterior, CNJ negou den\u00fancia da oposi\u00e7\u00e3o<\/h4>\n\n\n\n<!--more-->\n\n\n\n<p>Na Carta Capital &#8211; A opera\u00e7\u00e3o para tirar do papel o Alian\u00e7a pelo Brasil, o novo partido de Jair Bolsonaro, tem recebido ajuda extra com a burocracia. Desde o fim do ano passado,\u00a0<a rel=\"noreferrer noopener\" href=\"https:\/\/www.cartacapital.com.br\/politica\/oposicao-vai-ao-cnj-contra-apoio-de-cartorios-a-alianca-pelo-brasil\/\" target=\"_blank\">cart\u00f3rios de todo o Brasil<\/a>\u00a0est\u00e3o autenticando assinaturas necess\u00e1rias \u00e0 cria\u00e7\u00e3o da sigla.\u00a0Al\u00e9m de reconhecer firma, os cart\u00f3rios t\u00eam guardado essas fichas e as repassado para representantes credenciados do partido.\u00a0<br><\/p>\n\n\n\n<p>Esse acordo nasceu sob orienta\u00e7\u00e3o do Col\u00e9gio Notarial do Brasil, entidade privada que representa 9.000 cart\u00f3rios em 24 estados brasileiros.\u00a0O procedimento custa entre 10 e 20 reais.<\/p>\n\n\n\n<p>Os cart\u00f3rios de notas s\u00e3o concess\u00f5es p\u00fablicas e, por isso, n\u00e3o podem exercer atividades pol\u00edtico-partid\u00e1rias.&nbsp;Na quinta-feira 16, o Conselho Nacional de Justi\u00e7a negou um pedido de suspens\u00e3o apresentado pelo PT e&nbsp;e outros quatro partidos da oposi\u00e7\u00e3o (PSOL, PDT, PSB e PCdoB). O corregedor-geral, ministro Humberto Martins, considerou n\u00e3o haver elementos que comprovassem atua\u00e7\u00e3o coordenada de delegados em apoio ao partido. Menos de 24 horas depois, por\u00e9m, a suspeita ganhou contornos bem mais expl\u00edcitos de ilegalidade.<\/p>\n\n\n\n<p>Na sexta-feira 17, o&nbsp;4\u00ba Of\u00edcio de Notas da Comarca de Bel\u00e9m (Cart\u00f3rio Canduru), no Par\u00e1,&nbsp;foi sede de um evento do partido. Na fachada estavam os dizeres: \u201cApoie o Alian\u00e7a pelo Brasil\u201d. Na parte de dentro, ao lado do guich\u00ea de atendimento, um grupo uniformizado distribuia as fichas de apoio e auxiliava os interessados em preench\u00ea-las. Toda a movimenta\u00e7\u00e3o foi registrada em fotos, v\u00eddeos e confirmada \u00e0 reportagem por testemunhas.<\/p>\n\n\n\n<figure class=\"wp-block-image\"><a href=\"https:\/\/i0.wp.com\/www.cartacapital.com.br\/wp-content\/uploads\/2020\/01\/cartorio-conduru-alianc%25CC%25A7a.jpg?ssl=1\"><img data-recalc-dims=\"1\" decoding=\"async\" src=\"https:\/\/i0.wp.com\/www.cartacapital.com.br\/wp-content\/uploads\/2020\/01\/cartorio-conduru-alianc%25CC%25A7a.jpg?w=600&#038;ssl=1\" alt=\"\" class=\"wp-image-108890\"\/><\/a><\/figure>\n\n\n\n<p>FACHADA DO CART\u00d3RIO CONDURU OSTENTAVA CONVITE A APOIADORES DO NOVO PARTIDO<\/p>\n\n\n\n<p>A iniciativa foi promovida por um grupo chamado\u00a0<em>Endireita Par\u00e1.<\/em>\u00a0Em um v\u00eddeo divulgado nas redes sociais, a l\u00edder do movimento, Renata Karla, elogia o \u201csuper suporte\u201d do cart\u00f3rio local, e completa: \u201cO pessoal foi super receptivo\u201d. O movimento anunciou outros dois mutir\u00f5es no mesmo cart\u00f3rio, programados para os dias 24 e 31 de janeiro.\u00a0<br><\/p>\n\n\n\n<p>S\u00e3o necess\u00e1rias 492 mil assinaturas de apoio em pelo menos nove estados. Para disputar as elei\u00e7\u00f5es de outubro, o Alian\u00e7a pelo Brasil precisa validar essas assinaturas no TSE at\u00e9 abril.&nbsp;N\u00e3o \u00e9 necess\u00e1rio reconhecer firma. A Justi\u00e7a Eleitoral faz, obrigatoriamente, essa confer\u00eancia, estando a firma reconhecida ou n\u00e3o. O endosso documental serviria, na vis\u00e3o do partido, para agilizar o processo e evitar eventuais negativas por fraude.&nbsp;<\/p>\n\n\n\n<p>Tamb\u00e9m est\u00e1 em jogo o polpudo&nbsp;<a href=\"https:\/\/www.cartacapital.com.br\/politica\/datafolha-eleitores-de-bolsonaro-aprovam-saida-do-psl\/\" target=\"_blank\" rel=\"noreferrer noopener\">fundo partid\u00e1rio amealhado em 2018 pelo PSL<\/a>, ent\u00e3o partido do presidente. Vinte e seis dos 53 deputados do ex-partido de Bolsonaro devem migrar para a nova sigla.&nbsp;<\/p>\n\n\n\n<p>De acordo com uma reportagem da revista&nbsp;<em>\u00c9poca<\/em>, publicada no \u00faltimo dia 10, o convite partiu do Alian\u00e7a ao CNB. Quatro meses antes, o ent\u00e3o presidente da entidade, Paulo Gaiger, fora escolhido por Bolsonaro para um mandato de dois anos no Comit\u00ea Gestor da Infraestrutura de Chaves P\u00fablicas, \u00f3rg\u00e3o subordinado diretamente \u00e0 Presid\u00eancia da Rep\u00fablica e a quem cabe definir as pol\u00edticas de certifica\u00e7\u00e3o digital.&nbsp;<\/p>\n\n\n\n<p>O estatuto do Col\u00e9gio Notarial do Brasil afirma que \u201c\u00e9 vedado ao CNB participar, apoiar ou difundir, ativa ou passivamente, quaisquer manifesta\u00e7\u00f5es de car\u00e1ter pol\u00edtico\u201d. A demanda do Alian\u00e7a, por\u00e9m, ganhou destaque nas atividades recentes da entidade.&nbsp;No site oficial, o CNB sugere aos cart\u00f3rios que reservem lugares exclusivos para atender a demanda pelas fichas. A p\u00e1gina tamb\u00e9m oferecia para&nbsp;<em>download<\/em>&nbsp;a ficha de inscri\u00e7\u00e3o e documentos assinados por Karina Kufa, advogada do partido, mas tirou do ar os documentos.<\/p>\n\n\n\n<div class=\"wp-block-image\"><figure class=\"aligncenter\"><a href=\"https:\/\/i0.wp.com\/www.cartacapital.com.br\/wp-content\/uploads\/2020\/01\/cartorio-conduru-2.jpg?ssl=1\"><img data-recalc-dims=\"1\" decoding=\"async\" src=\"https:\/\/i0.wp.com\/www.cartacapital.com.br\/wp-content\/uploads\/2020\/01\/cartorio-conduru-2.jpg?w=600&#038;ssl=1\" alt=\"\" class=\"wp-image-108923\"\/><\/a><\/figure><\/div>\n\n\n\n<p>Diante das controv\u00e9rsias, a entidade sustenta que a orienta\u00e7\u00e3o \u00e9 apartid\u00e1ria e pode ser utilizada no futuro por outros partidos.\u00a0\u201cO servi\u00e7o (\u2026) \u00e9 rigorosamente o mesmo oferecido para todas as pessoas e entidades, nas mesmas condi\u00e7\u00f5es, pelos mesmos valores, sem qualquer distin\u00e7\u00e3o\u201d, diz, em nota oficial.<\/p>\n\n\n\n<p>Procurado, o Conselho Nacional de Justi\u00e7a informou em nota que abriu um prazo para que os cart\u00f3rios se expliquem, e que \u201cqualquer outra medida\u201d s\u00f3 ser\u00e1 ser\u00e1 tomada em fevereiro, quando o ministro Martins&nbsp;volta ao trabalho.<\/p>\n\n\n\n<p><em>CartaCapital<\/em>&nbsp;tamb\u00e9m entrou em contato com o Cart\u00f3rio Canduru e o Col\u00e9gio Notarial do Brasil, mas n\u00e3o obteve resposta at\u00e9 a publica\u00e7\u00e3o.<\/p>\n","protected":false},"excerpt":{"rendered":"<p>Cart\u00f3rios s\u00e3o concess\u00f5es p\u00fablicas e n\u00e3o podem exercer atividades pol\u00edtico-partid\u00e1rias; no dia anterior, CNJ negou den\u00fancia da oposi\u00e7\u00e3o<\/p>\n","protected":false},"author":1,"featured_media":0,"comment_status":"closed","ping_status":"open","sticky":false,"template":"","format":"standard","meta":{"_exactmetrics_skip_tracking":false,"_exactmetrics_sitenote_active":false,"_exactmetrics_sitenote_note":"","_exactmetrics_sitenote_category":0,"jetpack_post_was_ever_published":false,"_jetpack_newsletter_access":"","_jetpack_dont_email_post_to_subs":false,"_jetpack_newsletter_tier_id":0,"_jetpack_memberships_contains_paywalled_content":false,"_jetpack_memberships_contains_paid_content":false,"footnotes":"","jetpack_publicize_message":"","jetpack_publicize_feature_enabled":true,"jetpack_social_post_already_shared":true,"jetpack_social_options":{"image_generator_settings":{"template":"highway","enabled":false},"version":2}},"categories":[1],"tags":[],"class_list":["post-26141","post","type-post","status-publish","format-standard","hentry","category-notas"],"jetpack_publicize_connections":[],"jetpack_sharing_enabled":true,"jetpack_featured_media_url":"","jetpack_shortlink":"https:\/\/wp.me\/p7wKYW-6ND","jetpack-related-posts":[],"_links":{"self":[{"href":"http:\/\/blogdalucianaoliveira.com.br\/blog\/wp-json\/wp\/v2\/posts\/26141","targetHints":{"allow":["GET"]}}],"collection":[{"href":"http:\/\/blogdalucianaoliveira.com.br\/blog\/wp-json\/wp\/v2\/posts"}],"about":[{"href":"http:\/\/blogdalucianaoliveira.com.br\/blog\/wp-json\/wp\/v2\/types\/post"}],"author":[{"embeddable":true,"href":"http:\/\/blogdalucianaoliveira.com.br\/blog\/wp-json\/wp\/v2\/users\/1"}],"replies":[{"embeddable":true,"href":"http:\/\/blogdalucianaoliveira.com.br\/blog\/wp-json\/wp\/v2\/comments?post=26141"}],"version-history":[{"count":1,"href":"http:\/\/blogdalucianaoliveira.com.br\/blog\/wp-json\/wp\/v2\/posts\/26141\/revisions"}],"predecessor-version":[{"id":26143,"href":"http:\/\/blogdalucianaoliveira.com.br\/blog\/wp-json\/wp\/v2\/posts\/26141\/revisions\/26143"}],"wp:attachment":[{"href":"http:\/\/blogdalucianaoliveira.com.br\/blog\/wp-json\/wp\/v2\/media?parent=26141"}],"wp:term":[{"taxonomy":"category","embeddable":true,"href":"http:\/\/blogdalucianaoliveira.com.br\/blog\/wp-json\/wp\/v2\/categories?post=26141"},{"taxonomy":"post_tag","embeddable":true,"href":"http:\/\/blogdalucianaoliveira.com.br\/blog\/wp-json\/wp\/v2\/tags?post=26141"}],"curies":[{"name":"wp","href":"https:\/\/api.w.org\/{rel}","templated":true}]}}