{"id":26144,"date":"2020-01-22T11:39:56","date_gmt":"2020-01-22T15:39:56","guid":{"rendered":"http:\/\/blogdalucianaoliveira.com.br\/blog\/?p=26144"},"modified":"2020-01-22T11:40:05","modified_gmt":"2020-01-22T15:40:05","slug":"2020-a-ascensao-do-nazismo-no-brasil","status":"publish","type":"post","link":"http:\/\/blogdalucianaoliveira.com.br\/blog\/2020\/01\/22\/2020-a-ascensao-do-nazismo-no-brasil\/","title":{"rendered":"2020: a ascens\u00e3o do nazismo no Brasil"},"content":{"rendered":"\n<figure class=\"wp-block-image\"><img data-recalc-dims=\"1\" decoding=\"async\" src=\"https:\/\/i0.wp.com\/publisher-publish.s3.eu-central-1.amazonaws.com\/pb-brasil247\/swp\/jtjeq9\/media\/20200122110140_e8053ef4fff49f4dcc87ba8defdef94cd03599b0bccdcadbfc3c4c3f87b75ff7.jpeg?w=600&#038;ssl=1\" alt=\"Bolsonaro\"\/><\/figure>\n\n\n\n<p>Pobre da crian\u00e7a pobre que mora no Rio de Janeiro. N\u00e3o bastasse a pol\u00edcia com ordem para matar, tem tamb\u00e9m a \u00e1gua contaminada da Cedae.<\/p>\n\n\n\n<!--more-->\n\n\n\n<p>No Brasil 247<\/p>\n\n\n\n<p>Gustavo Conde<\/p>\n\n\n\n<p>Pobre do adolescente brasileiro que tem de enfrentar a podrid\u00e3o do processo de corre\u00e7\u00e3o do Enem, repleta de prepot\u00eancia, impostura, incompet\u00eancia e m\u00e1-f\u00e9, capitaneada pelo despreparo de um ministro com d\u00e9ficits b\u00e1sicos de letramento.<\/p>\n\n\n\n<p>Pobres dos funcion\u00e1rios do Inep, que sempre prestaram um servi\u00e7o de excel\u00eancia na opera\u00e7\u00e3o complexa que \u00e9 lidar com a corre\u00e7\u00e3o de milh\u00f5es de provas e sonhos e que agora est\u00e3o sequestrados por gente que opera sob a \u00e9gide da vingan\u00e7a.<\/p>\n\n\n\n<p>Pobres dos idosos, que assistem o desmantelamento do SUS e o derretimento do poder aquisitivo, j\u00e1 que a infla\u00e7\u00e3o do trabalhador \u00e9 muito maior que a infla\u00e7\u00e3o dos mais ricos.<\/p>\n\n\n\n<p>Pobre da popula\u00e7\u00e3o negra, que assiste o aumento do racismo, da viol\u00eancia policial e da imensa lacuna de representatividade pol\u00edtica, sendo ignorada por partidos e governos.<\/p>\n\n\n\n<p>Pobre da comunidade LGBTQ, que sofre o ass\u00e9dio permanente dos setores conservadores, brancos e homof\u00f3bicos e que, por isso, v\u00ea-se tamb\u00e9m sub representada na dimens\u00e3o do Estado e amea\u00e7ada nas ruas pelo \u00f3dio de classe e de g\u00eanero.<\/p>\n\n\n\n<p>Pobre do trabalhador, que vivencia o pior momento da hist\u00f3ria do emprego do pa\u00eds, com a precariza\u00e7\u00e3o em massa das profiss\u00f5es, o assanhamento do patronato genocida e a extin\u00e7\u00e3o dos direitos e do minist\u00e9rio que lhe representava.<\/p>\n\n\n\n<p>Pobre de quem precisa da justi\u00e7a brasileira, casta de privilegiados com seus sal\u00e1rios nababescos e indiferen\u00e7a atroz diante da mais indecente desigualdade social do planeta.<\/p>\n\n\n\n<p>Pobre dos presidi\u00e1rios, que pagam as suas d\u00edvidas com a sociedade sob tutela do Estado, mas que s\u00e3o corro\u00eddos por bact\u00e9rias desconhecidas devoradoras de pele humana, em assustadora viol\u00eancia contra a dignidade humana, espet\u00e1culo deprimente de tortura, vingan\u00e7a e sadismo, em que pres\u00eddios brasileiros trepidam diante dos nossos olhos como &#8216;Aushwitzes&#8217; contempor\u00e2neas disfar\u00e7adas de institui\u00e7\u00f5es carcer\u00e1rias.<br><\/p>\n\n\n\n<p>Sob o sil\u00eancio do Estado, sob o sil\u00eancio de ministro da Justi\u00e7a, sob sil\u00eancio de ministra de direitos humanos, sob o sil\u00eancio da imprensa.<\/p>\n\n\n\n<p>Pobre do pa\u00eds, pobres de n\u00f3s, pobres dos ind\u00edgenas, dos estudantes, da Amaz\u00f4nia, do Pantanal, do litoral, dos rios, das \u00e1guas, dos sonhos, do futuro, dos animais, do conv\u00edvio, das amizades, da mem\u00f3ria, da hist\u00f3ria, da solidariedade, do amor, da toler\u00e2ncia.<\/p>\n\n\n\n<p>Estamos todos sob a \u00e9gide da pobreza material e de esp\u00edrito para satisfazer a gan\u00e2ncia desenfreada e o egocentrismo dos pol\u00edticos oportunistas, milicianos trevosos, bestas salivantes, enunciadores de \u00f3dio, portadores de morte.<\/p>\n\n\n\n<p>Pobre de toda a responsabilidade que nos recai sobre os ombros diante de tanta cat\u00e1strofe social, porque devo dizer com toda as palavras que me restam: n\u00f3s somos respons\u00e1veis por tudo isso.<\/p>\n\n\n\n<p>N\u00f3s lutamos e perdemos a luta, mas a derrota \u00e9 de todos.<\/p>\n\n\n\n<p>Quando vemos a foto de uma crian\u00e7a brasileira, feliz com seu mundo particular e com o milagre da vida que lhe preenche o corpo e a mente, sem saber o que cerca o seu futuro e no meio dessa devasta\u00e7\u00e3o social desumana, a dor \u00e9 de tal grau lancinante que somos imediatamente arrebatados por uma esp\u00e9cie de &#8216;desespero contido&#8217; e levados a perguntar \u00e0s entidades imagin\u00e1rias que nos habitam o esp\u00edrito: por qu\u00ea?<\/p>\n\n\n\n<p>N\u00f3s somos respons\u00e1veis por elas. N\u00f3s precisamos recobrar a responsabilidade pelo pa\u00eds, antes que nos vejamos como c\u00famplices de um governo assassino, tal qual o povo alem\u00e3o em sua chancela hist\u00f3rica e supostamente inconsciente ao nazismo.<\/p>\n\n\n\n<p>Quando perceberam, era tarde demais.<\/p>\n\n\n\n<p>Que n\u00e3o incorramos nesse mesmo erro. Que n\u00e3o deixemos as crian\u00e7as sem futuro. Que n\u00e3o autorizemos o nosso pr\u00f3prio massacre, o nosso pr\u00f3prio ego\u00edsmo, a nossa pr\u00f3pria abdu\u00e7\u00e3o ao universo dos opressores e dos c\u00famplices.<\/p>\n\n\n\n<p>Se a revolta coletiva nos \u00e9 imposs\u00edvel pelo servi\u00e7o de conten\u00e7\u00e3o paralisante que nos \u00e9 prestado pelo nosso jornalismo de controle, tentemos, ao menos, a express\u00e3o de uma revolta interna.<\/p>\n\n\n\n<p>Quem assiste a toda essa barb\u00e1rie inerte \u00e9 tamb\u00e9m seu agente, seu c\u00famplice e seu s\u00f3cio.<br><\/p>\n\n\n\n<p><br><\/p>\n","protected":false},"excerpt":{"rendered":"<p>Pobre da crian\u00e7a pobre que mora no Rio de Janeiro. N\u00e3o bastasse a pol\u00edcia com ordem para matar, tem tamb\u00e9m a \u00e1gua contaminada da Cedae.<\/p>\n","protected":false},"author":1,"featured_media":0,"comment_status":"closed","ping_status":"open","sticky":false,"template":"","format":"standard","meta":{"_exactmetrics_skip_tracking":false,"_exactmetrics_sitenote_active":false,"_exactmetrics_sitenote_note":"","_exactmetrics_sitenote_category":0,"jetpack_post_was_ever_published":false,"_jetpack_newsletter_access":"","_jetpack_dont_email_post_to_subs":false,"_jetpack_newsletter_tier_id":0,"_jetpack_memberships_contains_paywalled_content":false,"_jetpack_memberships_contains_paid_content":false,"footnotes":"","jetpack_publicize_message":"","jetpack_publicize_feature_enabled":true,"jetpack_social_post_already_shared":true,"jetpack_social_options":{"image_generator_settings":{"template":"highway","enabled":false},"version":2}},"categories":[1],"tags":[],"class_list":["post-26144","post","type-post","status-publish","format-standard","hentry","category-notas"],"jetpack_publicize_connections":[],"jetpack_sharing_enabled":true,"jetpack_featured_media_url":"","jetpack_shortlink":"https:\/\/wp.me\/p7wKYW-6NG","jetpack-related-posts":[],"_links":{"self":[{"href":"http:\/\/blogdalucianaoliveira.com.br\/blog\/wp-json\/wp\/v2\/posts\/26144","targetHints":{"allow":["GET"]}}],"collection":[{"href":"http:\/\/blogdalucianaoliveira.com.br\/blog\/wp-json\/wp\/v2\/posts"}],"about":[{"href":"http:\/\/blogdalucianaoliveira.com.br\/blog\/wp-json\/wp\/v2\/types\/post"}],"author":[{"embeddable":true,"href":"http:\/\/blogdalucianaoliveira.com.br\/blog\/wp-json\/wp\/v2\/users\/1"}],"replies":[{"embeddable":true,"href":"http:\/\/blogdalucianaoliveira.com.br\/blog\/wp-json\/wp\/v2\/comments?post=26144"}],"version-history":[{"count":1,"href":"http:\/\/blogdalucianaoliveira.com.br\/blog\/wp-json\/wp\/v2\/posts\/26144\/revisions"}],"predecessor-version":[{"id":26145,"href":"http:\/\/blogdalucianaoliveira.com.br\/blog\/wp-json\/wp\/v2\/posts\/26144\/revisions\/26145"}],"wp:attachment":[{"href":"http:\/\/blogdalucianaoliveira.com.br\/blog\/wp-json\/wp\/v2\/media?parent=26144"}],"wp:term":[{"taxonomy":"category","embeddable":true,"href":"http:\/\/blogdalucianaoliveira.com.br\/blog\/wp-json\/wp\/v2\/categories?post=26144"},{"taxonomy":"post_tag","embeddable":true,"href":"http:\/\/blogdalucianaoliveira.com.br\/blog\/wp-json\/wp\/v2\/tags?post=26144"}],"curies":[{"name":"wp","href":"https:\/\/api.w.org\/{rel}","templated":true}]}}