{"id":26146,"date":"2020-01-22T11:47:48","date_gmt":"2020-01-22T15:47:48","guid":{"rendered":"http:\/\/blogdalucianaoliveira.com.br\/blog\/?p=26146"},"modified":"2020-01-22T11:47:59","modified_gmt":"2020-01-22T15:47:59","slug":"sem-cargo-publico-irmao-de-bolsonaro-faz-intermediacao-de-verbas-do-governo-federal","status":"publish","type":"post","link":"http:\/\/blogdalucianaoliveira.com.br\/blog\/2020\/01\/22\/sem-cargo-publico-irmao-de-bolsonaro-faz-intermediacao-de-verbas-do-governo-federal\/","title":{"rendered":"Sem cargo p\u00fablico, irm\u00e3o de Bolsonaro faz intermedia\u00e7\u00e3o de verbas do governo federal"},"content":{"rendered":"\n<figure class=\"wp-block-image\"><img data-recalc-dims=\"1\" decoding=\"async\" src=\"https:\/\/i0.wp.com\/f.i.uol.com.br\/fotografia\/2018\/12\/31\/15462659655c2a256dac2a5_1546265965_3x2_md.jpg?w=600&#038;ssl=1\" alt=\"Renato Bolsonaro, um dos irm\u00e3os do presidente eleito, Jair Bolsonaro, em frente \u00e0 Granja do Torto, onde a fam\u00edlia est\u00e1 reunida para aguardar a posse no dia 1\u00ba\"\/><figcaption> <\/figcaption><\/figure>\n\n\n\n<h4 class=\"wp-block-heading\">Renato Bolsonaro viabilizou libera\u00e7\u00e3o de ao menos R$ 110 milh\u00f5es para prefeituras de SP; ele nega receber vantagens<\/h4>\n\n\n\n<!--more-->\n\n\n\n<p><strong><a href=\"https:\/\/www1.folha.uol.com.br\/autores\/walter-nunes.shtml\">W\u00e1lter Nunes<\/a><\/strong><\/p>\n\n\n\n<p>Folha de S\u00e3o Paulo<\/p>\n\n\n\n<p>O&nbsp;comerciante Renato Bolsonaro, irm\u00e3o do presidente da Rep\u00fablica, Jair Bolsonaro, tem atuado como mediador&nbsp;informal de demandas de&nbsp;prefeitos&nbsp;do estado de S\u00e3o Paulo interessados em verbas federais para obras e investimentos.&nbsp;<\/p>\n\n\n\n<p>A&nbsp;<strong>Folha<\/strong>&nbsp;identificou a participa\u00e7\u00e3o do irm\u00e3o do presidente na&nbsp;libera\u00e7\u00e3o de dinheiro para ao menos quatro munic\u00edpios do litoral e do Vale do Ribeira, regi\u00e3o de origem da fam\u00edlia Bolsonaro.<\/p>\n\n\n\n<p>Sem cargo p\u00fablico, Renato participa de solenidades de an\u00fancio de obras, assina&nbsp;como testemunha contratos de libera\u00e7\u00e3o de verbas, discursa&nbsp;e recebe&nbsp;agradecimentos p\u00fablicos de&nbsp;prefeitos&nbsp;pela ajuda no contato com a gest\u00e3o federal comandada pelo irm\u00e3o.&nbsp;<\/p>\n\n\n\n<p>Ao todo, ap\u00f3s a atua\u00e7\u00e3o de Renato, foram mais de R$ 110&nbsp;milh\u00f5es repassados para constru\u00e7\u00e3o de pontes, recapeamento asf\u00e1ltico e investimento em centros de cultura e esportes nas cidades de S\u00e3o Vicente, Itaoca, Pariquera-A\u00e7u e Eldorado, munic\u00edpio&nbsp;onde moram familiares do presidente.&nbsp;<\/p>\n\n\n\n<p>Renato nega ser pago&nbsp;nesse trabalho e n\u00e3o responde se algu\u00e9m custeia seus gastos,&nbsp;que incluem&nbsp;viagens pelo estado de&nbsp;S\u00e3o Paulo.&nbsp;<\/p>\n\n\n\n<p>Filiado ao PSL, ele tem apoiado a&nbsp;cria\u00e7\u00e3o do novo partido de Bolsonaro, a Alian\u00e7a pelo Brasil, mas, por ser irm\u00e3o do presidente, enfrenta restri\u00e7\u00f5es legais para se candidatar a prefeito nas elei\u00e7\u00f5es deste ano.&nbsp;<\/p>\n\n\n\n<p>Renato mora em Miracatu, munic\u00edpio de pouco mais de 20 mil habitantes, tamb\u00e9m no Vale do Ribeira,&nbsp;que desde a posse de Bolsonaro&nbsp;tem recebido a visita de&nbsp;altos funcion\u00e1rios do governo federal.<\/p>\n\n\n\n<p>Estiveram por l\u00e1 no ano passado&nbsp;os secret\u00e1rios da Pesca, Jorge Seif, e de Assuntos Fundi\u00e1rios, Luiz Ant\u00f4nio Nabhan Garcia, al\u00e9m do ministro da AGU (Advocacia-Geral da Uni\u00e3o), Andr\u00e9 Luiz de Almeida,&nbsp;e do presidente da Embratur, Gilson Machado.<\/p>\n\n\n\n<p>O irm\u00e3o de Bolsonaro&nbsp;tamb\u00e9m fez o caminho contr\u00e1rio e procurou diretamente as autoridades para essa&nbsp;intermedia\u00e7\u00e3o por recursos federais.<\/p>\n\n\n\n<p>Em S\u00e3o Vicente, por exemplo, atuou em meio a um jogo de empurra&nbsp;entre&nbsp;prefeitura e governo do estado sobre quem deveria custear as obras de recupera\u00e7\u00e3o da&nbsp;Ponte dos Barreiros, que liga as \u00e1reas continental e insular da cidade litor\u00e2nea. A ponte&nbsp;corria risco de colapso e&nbsp;foi interditada por determina\u00e7\u00e3o da Justi\u00e7a, no final de&nbsp;novembro do ano passado.&nbsp;<\/p>\n\n\n\n<p>O impasse sobre quem financiaria as obras acabou gra\u00e7as a&nbsp;<a href=\"https:\/\/www1.folha.uol.com.br\/poder\/2019\/06\/em-feriado-bolsonaro-chora-canta-com-a-mae-reve-irmao-e-sobrevoa-jazidas-em-sp.shtml\">Renato<\/a>, que convenceu a gest\u00e3o federal a&nbsp;pagar a conta. O irm\u00e3o do presidente&nbsp;foi pessoalmente no dia 30 de dezembro anunciar um&nbsp;conv\u00eanio de R$ 58 milh\u00f5es de verba federal para a cidade.<\/p>\n\n\n\n<p>Ele posou para fotos ao lado do prefeito da cidade, Pedro Gouv\u00eaa (MDB), cunhado do ex-governador M\u00e1rcio Fran\u00e7a (PSB). Na frente das c\u00e2meras, assinou, como testemunha, o contrato entre governo federal e Prefeitura de S\u00e3o Vicente.&nbsp;<\/p>\n\n\n\n<p>Em entrevista ao jornal A Tribuna, de Santos, Renato disse que ajuda quem quer ter acesso facilitado ao seu irm\u00e3o.<\/p>\n\n\n\n<p>\u201cEstou doando meu tempo, porque naturalmente sou muito procurado pela quest\u00e3o de relacionamento familiar. N\u00e3o tenho poder de decis\u00e3o. A \u00fanica coisa que fa\u00e7o \u00e9 fazer chegar mais r\u00e1pido ao presidente aquilo que acho vi\u00e1vel. Mas ele \u00e9 que tem poder de an\u00e1lise e decis\u00e3o. Eu fa\u00e7o a ajuda, encurto a dist\u00e2ncia\u201d, disse.<\/p>\n\n\n\n<figure><iframe src=\"https:\/\/player.mais.uol.com.br\/?mediaId=16748844&amp;onDemand=true\" allowfullscreen=\"\"><\/iframe><\/figure>\n\n\n\n<p>Al\u00e9m de Renato, as prefeituras tamb\u00e9m dizem que nunca pagaram nada ao irm\u00e3o do presidente nem custearam viagens para que ele fosse pedir verbas.<\/p>\n\n\n\n<p>Tamb\u00e9m no final do ano passado,&nbsp;<a href=\"https:\/\/www1.folha.uol.com.br\/poder\/2020\/01\/no-litoral-de-sp-bolsonaro-programa-dobradinha-com-prefeito-tucano-desafeto-de-doria.shtml\">Renato anunciou um conv\u00eanio milion\u00e1rio<\/a>&nbsp;para obras na cidade de Pariquera-A\u00e7u, no Vale do Ribeira.&nbsp;Desta vez, foi um pacote de benfeitorias.<\/p>\n\n\n\n<p>Al\u00e9m de R$ 14 milh\u00f5es liberados para a constru\u00e7\u00e3o de uma ponte, ele divulgou que foram destinados R$ 1 milh\u00e3o para obras de pavimenta\u00e7\u00e3o, R$ 764 mil para a canaliza\u00e7\u00e3o de um centro de eventos e outros R$ 550 mil a serem investidos em um centro esportivo de artes marciais.<\/p>\n\n\n\n<p>Dez dias antes, ele havia sido a estrela da solenidade de entrega de 21 casas do programa habitacional Minha Casa, Minha Vida, na cidade de Eldorado, onde ele e seu irm\u00e3o Jair cresceram.<\/p>\n\n\n\n<p>Ele tamb\u00e9m anunciou a libera\u00e7\u00e3o de R$ 11,4 milh\u00f5es de verba federal para a constru\u00e7\u00e3o de uma ponte sobre o rio Ribeira de Iguape, no distrito de Barra do Batatal, que pertence a Eldorado, e R$ 292 mil para asfaltar ruas da cidade.<\/p>\n\n\n\n<p>Em Itaoca, tamb\u00e9m no Vale do Ribeira, Renato&nbsp;ajudou na libera\u00e7\u00e3o de R$ 24 milh\u00f5es para a constru\u00e7\u00e3o de uma ponte que liga a cidade ao munic\u00edpio vizinho de Adrian\u00f3polis. Na p\u00e1gina oficial da prefeitura consta um agradecimento do prefeito ao irm\u00e3o do presidente da Rep\u00fablica.<\/p>\n\n\n\n<p>O diretor da Faculdade de Direito do Largo S\u00e3o Francisco, Floriano Peixoto de Azevedo Marques Neto, especialista em direito do estado, diz que, &#8220;se ele n\u00e3o for&nbsp;remunerado&nbsp;para isso&#8221;, n\u00e3o h\u00e1&nbsp;irregularidade na atua\u00e7\u00e3o de&nbsp;Renato ao pedir verbas federais.<\/p>\n\n\n\n<p>&#8220;Mas para a libera\u00e7\u00e3o de verbas acontecer as prefeituras t\u00eam que preencher os requisitos formais exigidos para a destina\u00e7\u00e3o volunt\u00e1ria de recursos da Uni\u00e3o&#8221;, diz Marques Neto. &#8220;E\u00a0h\u00e1 um problema pol\u00edtico. Ele est\u00e1 postulando verba no lugar de um agente p\u00fablico. A princ\u00edpio, este \u00e9 um trabalho que deveria ser feito por um parlamentar, por exemplo&#8221;, afirma.<a href=\"javascript:void(0);\"><\/a><\/p>\n\n\n\n<p>Renato comemora os conv\u00eanios em v\u00eddeos nas redes sociais. \u201cTa certo, \u00e9 um dia importante,&nbsp;prefeito. S\u00e3o 14 anos, ent\u00e3o, na luta? Em menos de um ano a Presid\u00eancia da Rep\u00fablica conseguiu a libera\u00e7\u00e3o [de verbas para restauro da ponte]\u201d, disse&nbsp;ele, sorrindo em evento na prefeitura. \u200b&nbsp; &nbsp;&nbsp;<\/p>\n\n\n\n<p>\u201cEu quero parabenizar voc\u00ea Wagner [Costa, vice-prefeito] pelo empenho, pela insist\u00eancia, autonomia que o prefeito passou para voc\u00ea correr atr\u00e1s. Agradecer ao presidente a liberdade que me deu tamb\u00e9m de poder estar intermediando, estar levando essas quest\u00f5es l\u00e1 para o presidente. N\u00e3o sou assessor, mas fa\u00e7o voluntariamente pelo bem de todos\u201d, disse&nbsp;Renato.<\/p>\n\n\n\n<p>O irm\u00e3o do presidente afirma que conta com aliados na intermedia\u00e7\u00e3o dos pedidos que faz em nome dos prefeitos do interior.<\/p>\n\n\n\n<p>\u201cAgradecer aqui outras pessoas envolvidas que tem os assessores da Presid\u00eancia, atrav\u00e9s do Mosart Arag\u00e3o [assessor especial], que \u00e9 um amigo tamb\u00e9m incans\u00e1vel que nos atendeu sempre, ao presidente da Embratur, o Gilson [Machado Neto], que depois da sua visita aqui, que n\u00e3o tem muito a ver com a sua \u00e1rea, mas ele se comoveu, se prontificou e ajudou muito para que essa conquista chegasse no dia de hoje\u201d, diz o irm\u00e3o de Bolsonaro.<\/p>\n\n\n\n<p>A Constitui\u00e7\u00e3o impede que parentes de at\u00e9 terceiro grau do presidente da Rep\u00fablica disputem elei\u00e7\u00f5es \u2014exce\u00e7\u00e3o a familiar que j\u00e1 est\u00e1 num cargo e tente a&nbsp;reelei\u00e7\u00e3o. Com isso, Renato est\u00e1 impedido de&nbsp;se candidatar neste ano.&nbsp;<\/p>\n\n\n\n<p>Na disputa municipal em Miracatu, tudo indica que ele ser\u00e1 cabo eleitoral do vereador Vin\u00edcius Brand\u00e3o de Queiroz (PL), pr\u00e9-candidato \u00e0 prefeitura. Vin\u00edcius Queiroz tem figurado em v\u00eddeos ao lado de Renato e de Jair&nbsp;Bolsonaro.<\/p>\n\n\n\n<p>No&nbsp;feriado da Proclama\u00e7\u00e3o da Rep\u00fablica, em 15 de novembro, Vin\u00edcius Queiroz esteve num pequeno barco pescando ao lado do presidente&nbsp;e seu irm\u00e3o Renato. Tudo gravado e divulgado em redes sociais.<\/p>\n\n\n\n<p>&#8220;Estive com meu amigo Jair Messias&nbsp;Bolsonaro&nbsp;em uma pescaria descontra\u00edda, merecemos uma folga, afinal o Brasil est\u00e1 dando certo!&#8221;,&nbsp;escreveu&nbsp;Vin\u00edcius Queiroz em uma rede social. &#8220;Est\u00e1 filmando a\u00ed,&nbsp;man\u00e9?&#8221;,&nbsp;diz&nbsp;Bolsonaro&nbsp;no v\u00eddeo, ao saber que estava sendo gravado colocando isca no anzol.&nbsp;<\/p>\n\n\n\n<p>O pr\u00f3prio Renato j\u00e1 tentou ser prefeito de Miracatu duas vezes&nbsp;duas vezes. Na \u00faltima delas, em 2016, concorreu ap\u00f3s&nbsp;den\u00fancia de que foi funcion\u00e1rio fantasma da Assembleia Legislativa de S\u00e3o Paulo.<\/p>\n\n\n\n<p>Uma reportagem do SBT apontou que, apesar de ser&nbsp;contratado como assessor parlamentar do deputado estadual Andr\u00e9 do Prado (PL), com remunera\u00e7\u00e3o de R$ 17 mil mensais, ele n\u00e3o dava expediente no Legislativo.<\/p>\n\n\n\n<p>No hor\u00e1rio em que deveria estar na Assembleia, Renato trabalhava&nbsp;nas suas lojas de venda de m\u00f3veis, no Vale do Ribeira. Ap\u00f3s a reportagem, ele&nbsp;foi exonerado do cargo&nbsp;que exercia havia tr\u00eas&nbsp;anos. O Minist\u00e9rio P\u00fablico de S\u00e3o Paulo chegou a analisar esse&nbsp;caso, mas n\u00e3o houve den\u00fancia.<a href=\"javascript:void(0);\"><\/a><strong>1&nbsp;21<\/strong><\/p>\n\n\n\n<h3 class=\"wp-block-heading\">OUTRO LADO<\/h3>\n\n\n\n<p>Renato Bolsonaro&nbsp;n\u00e3o atendeu as liga\u00e7\u00f5es da reportagem nem respondeu recados deixados na caixa postal e no aplicativo de mensagens.&nbsp;<\/p>\n\n\n\n<p>A Presid\u00eancia da Rep\u00fablica n\u00e3o respondeu se o presidente Bolsonaro tem conhecimento ou colabora com a intermedia\u00e7\u00e3o feita por seu irm\u00e3o&nbsp;junto a prefeituras. Tamb\u00e9m n\u00e3o esclareceu o papel de Mosart Arag\u00e3o sobre o mesmo tema.&nbsp;<\/p>\n\n\n\n<p>A Embratur e as prefeituras de Eldorado e Pariquera-A\u00e7u n\u00e3o responderam \u00e0s perguntas da reportagem.&nbsp;<\/p>\n\n\n\n<p>O Minist\u00e9rio do Desenvolvimento Regional disse, em nota, que os conv\u00eanios \u201cs\u00e3o celebrados diretamente com governos estaduais e prefeituras\u201d. \u201cVale ressaltar que o MDR n\u00e3o tem controle sobre as divulga\u00e7\u00f5es acerca dos empreendimentos realizadas por terceiros.\u201d<\/p>\n\n\n\n<p>A Prefeitura de S\u00e3o Vicente, em nota, disse que a conversa\u00e7\u00e3o com o governo federal foi feita pelo prefeito Pedro Gouv\u00eaa (MDB), ao lado da deputada federal Rosana Valle (PSB-SP), diretamente com o ministro do Desenvolvimento Regional, Gustavo Canuto.<\/p>\n\n\n\n<p>A prefeitura disse desconhecer qualquer pagamento ao irm\u00e3o do presidente. Renato, segundo a nota, esteve em S\u00e3o Vicente durante o an\u00fancio do conv\u00eanio de R$ 58 milh\u00f5es como visitante. \u201cPor sua vez, assinou como testemunha como qualquer outra pessoa civilmente capaz e presente \u00e0 assinatura poderia t\u00ea-lo feito.\u201d<\/p>\n\n\n\n<p>A Prefeitura de Itaoca afirmou, em nota, que \u201co pedido do recurso foi solicitado diretamente ao presidente Jair Bolsonaro, sem contato algum com o Renato e Mosart\u201d. Em outro e-mail, a prefeitura refor\u00e7ou: \u201cRessaltamos que Renato n\u00e3o possui contato nenhum com a prefeitura\u201d.<\/p>\n\n\n\n<p><br><\/p>\n","protected":false},"excerpt":{"rendered":"<p>Renato Bolsonaro viabilizou libera\u00e7\u00e3o de ao menos R$ 110 milh\u00f5es para prefeituras de SP; ele nega receber vantagens<\/p>\n","protected":false},"author":1,"featured_media":0,"comment_status":"closed","ping_status":"open","sticky":false,"template":"","format":"standard","meta":{"_exactmetrics_skip_tracking":false,"_exactmetrics_sitenote_active":false,"_exactmetrics_sitenote_note":"","_exactmetrics_sitenote_category":0,"jetpack_post_was_ever_published":false,"_jetpack_newsletter_access":"","_jetpack_dont_email_post_to_subs":false,"_jetpack_newsletter_tier_id":0,"_jetpack_memberships_contains_paywalled_content":false,"_jetpack_memberships_contains_paid_content":false,"footnotes":"","jetpack_publicize_message":"","jetpack_publicize_feature_enabled":true,"jetpack_social_post_already_shared":true,"jetpack_social_options":{"image_generator_settings":{"template":"highway","enabled":false},"version":2}},"categories":[1],"tags":[],"class_list":["post-26146","post","type-post","status-publish","format-standard","hentry","category-notas"],"jetpack_publicize_connections":[],"jetpack_sharing_enabled":true,"jetpack_featured_media_url":"","jetpack_shortlink":"https:\/\/wp.me\/p7wKYW-6NI","jetpack-related-posts":[],"_links":{"self":[{"href":"http:\/\/blogdalucianaoliveira.com.br\/blog\/wp-json\/wp\/v2\/posts\/26146","targetHints":{"allow":["GET"]}}],"collection":[{"href":"http:\/\/blogdalucianaoliveira.com.br\/blog\/wp-json\/wp\/v2\/posts"}],"about":[{"href":"http:\/\/blogdalucianaoliveira.com.br\/blog\/wp-json\/wp\/v2\/types\/post"}],"author":[{"embeddable":true,"href":"http:\/\/blogdalucianaoliveira.com.br\/blog\/wp-json\/wp\/v2\/users\/1"}],"replies":[{"embeddable":true,"href":"http:\/\/blogdalucianaoliveira.com.br\/blog\/wp-json\/wp\/v2\/comments?post=26146"}],"version-history":[{"count":1,"href":"http:\/\/blogdalucianaoliveira.com.br\/blog\/wp-json\/wp\/v2\/posts\/26146\/revisions"}],"predecessor-version":[{"id":26147,"href":"http:\/\/blogdalucianaoliveira.com.br\/blog\/wp-json\/wp\/v2\/posts\/26146\/revisions\/26147"}],"wp:attachment":[{"href":"http:\/\/blogdalucianaoliveira.com.br\/blog\/wp-json\/wp\/v2\/media?parent=26146"}],"wp:term":[{"taxonomy":"category","embeddable":true,"href":"http:\/\/blogdalucianaoliveira.com.br\/blog\/wp-json\/wp\/v2\/categories?post=26146"},{"taxonomy":"post_tag","embeddable":true,"href":"http:\/\/blogdalucianaoliveira.com.br\/blog\/wp-json\/wp\/v2\/tags?post=26146"}],"curies":[{"name":"wp","href":"https:\/\/api.w.org\/{rel}","templated":true}]}}