{"id":26148,"date":"2020-01-22T13:29:56","date_gmt":"2020-01-22T17:29:56","guid":{"rendered":"http:\/\/blogdalucianaoliveira.com.br\/blog\/?p=26148"},"modified":"2020-01-22T13:30:04","modified_gmt":"2020-01-22T17:30:04","slug":"bolsonaro-diz-que-evitara-falar-com-imprensa-apos-ataques-relatados-pela-fenaj","status":"publish","type":"post","link":"http:\/\/blogdalucianaoliveira.com.br\/blog\/2020\/01\/22\/bolsonaro-diz-que-evitara-falar-com-imprensa-apos-ataques-relatados-pela-fenaj\/","title":{"rendered":"Bolsonaro diz que evitar\u00e1 falar com imprensa ap\u00f3s ataques relatados pela Fenaj"},"content":{"rendered":"\n<figure class=\"wp-block-image size-large\"><img data-recalc-dims=\"1\" loading=\"lazy\" decoding=\"async\" width=\"600\" height=\"362\" data-attachment-id=\"26149\" data-permalink=\"http:\/\/blogdalucianaoliveira.com.br\/blog\/2020\/01\/22\/bolsonaro-diz-que-evitara-falar-com-imprensa-apos-ataques-relatados-pela-fenaj\/image-67-2\/\" data-orig-file=\"https:\/\/i0.wp.com\/blogdalucianaoliveira.com.br\/blog\/wp-content\/uploads\/2020\/01\/image-67.jpeg?fit=712%2C430\" data-orig-size=\"712,430\" data-comments-opened=\"0\" data-image-meta=\"{&quot;aperture&quot;:&quot;0&quot;,&quot;credit&quot;:&quot;&quot;,&quot;camera&quot;:&quot;&quot;,&quot;caption&quot;:&quot;&quot;,&quot;created_timestamp&quot;:&quot;0&quot;,&quot;copyright&quot;:&quot;&quot;,&quot;focal_length&quot;:&quot;0&quot;,&quot;iso&quot;:&quot;0&quot;,&quot;shutter_speed&quot;:&quot;0&quot;,&quot;title&quot;:&quot;&quot;,&quot;orientation&quot;:&quot;0&quot;}\" data-image-title=\"image-67\" data-image-description=\"\" data-image-caption=\"\" data-medium-file=\"https:\/\/i0.wp.com\/blogdalucianaoliveira.com.br\/blog\/wp-content\/uploads\/2020\/01\/image-67.jpeg?fit=300%2C181\" data-large-file=\"https:\/\/i0.wp.com\/blogdalucianaoliveira.com.br\/blog\/wp-content\/uploads\/2020\/01\/image-67.jpeg?fit=600%2C362\" src=\"https:\/\/i0.wp.com\/blogdalucianaoliveira.com.br\/blog\/wp-content\/uploads\/2020\/01\/image-67.jpeg?resize=600%2C362\" alt=\"\" class=\"wp-image-26149\" srcset=\"https:\/\/i0.wp.com\/blogdalucianaoliveira.com.br\/blog\/wp-content\/uploads\/2020\/01\/image-67.jpeg?w=712 712w, https:\/\/i0.wp.com\/blogdalucianaoliveira.com.br\/blog\/wp-content\/uploads\/2020\/01\/image-67.jpeg?resize=300%2C181 300w, https:\/\/i0.wp.com\/blogdalucianaoliveira.com.br\/blog\/wp-content\/uploads\/2020\/01\/image-67.jpeg?resize=497%2C300 497w\" sizes=\"auto, (max-width: 600px) 100vw, 600px\" \/><\/figure>\n\n\n\n<p>Terra, <em>Julia Lindner<\/em> &#8211; O presidente Jair Bolsonaro afirmou nesta quarta-feira, 22, que vai evitar falar com a imprensa ap\u00f3s levantamento da Federa\u00e7\u00e3o Nacional dos Jornalistas (Fenaj) indicar que ele foi respons\u00e1vel por 58% dos ataques \u00e0 categoria no ano passado. O relat\u00f3rio da entidade, divulgado na quinta-feira passada, mostra que 208 ataques a ve\u00edculos de comunica\u00e7\u00e3o e jornalistas foram registrados no ano passado. Desses, Bolsonaro foi respons\u00e1vel por 121.<\/p>\n\n\n\n<!--more-->\n\n\n\n<p>Ao falar com jornalistas que o aguardavam na entrada do Pal\u00e1cio da Alvorada, na manh\u00e3 desta quarta, Bolsonaro fez refer\u00eancia a um suposto processo contra ele da &#8220;Associa\u00e7\u00e3o Nacional de Jornalistas&#8221;. O Pal\u00e1cio do Planalto n\u00e3o soube informar, at\u00e9 o momento, de qual processo se trata.<\/p>\n\n\n\n<p>&#8220;Eu quero falar com voc\u00eas, mas a Associa\u00e7\u00e3o Nacional de Jornalistas diz que, quando eu falo, eu agrido voc\u00eas. Como eu sou uma pessoa da paz, n\u00e3o vou dar entrevista. N\u00e3o posso agredir voc\u00eas a\u00ed. Manda tirar o processo que eu volto a conversar&#8221;, disse Bolsonaro.<\/p>\n","protected":false},"excerpt":{"rendered":"<p>Terra, Julia Lindner &#8211; O presidente Jair Bolsonaro afirmou nesta quarta-feira, 22, que vai evitar falar com a imprensa ap\u00f3s levantamento da Federa\u00e7\u00e3o Nacional dos Jornalistas (Fenaj) indicar que ele foi respons\u00e1vel por 58% dos ataques \u00e0 categoria no ano passado. O relat\u00f3rio da entidade, divulgado na quinta-feira passada, mostra que 208 ataques a ve\u00edculos&#8230;<a class=\"more-link\" href=\"http:\/\/blogdalucianaoliveira.com.br\/blog\/2020\/01\/22\/bolsonaro-diz-que-evitara-falar-com-imprensa-apos-ataques-relatados-pela-fenaj\/\">Continue a leitura <span class=\"meta-nav\">&raquo;<\/span><\/a><\/p>\n","protected":false},"author":1,"featured_media":0,"comment_status":"closed","ping_status":"open","sticky":false,"template":"","format":"standard","meta":{"_exactmetrics_skip_tracking":false,"_exactmetrics_sitenote_active":false,"_exactmetrics_sitenote_note":"","_exactmetrics_sitenote_category":0,"jetpack_post_was_ever_published":false,"_jetpack_newsletter_access":"","_jetpack_dont_email_post_to_subs":false,"_jetpack_newsletter_tier_id":0,"_jetpack_memberships_contains_paywalled_content":false,"_jetpack_memberships_contains_paid_content":false,"footnotes":"","jetpack_publicize_message":"","jetpack_publicize_feature_enabled":true,"jetpack_social_post_already_shared":true,"jetpack_social_options":{"image_generator_settings":{"template":"highway","enabled":false},"version":2}},"categories":[1],"tags":[],"class_list":["post-26148","post","type-post","status-publish","format-standard","hentry","category-notas"],"jetpack_publicize_connections":[],"jetpack_sharing_enabled":true,"jetpack_featured_media_url":"","jetpack_shortlink":"https:\/\/wp.me\/p7wKYW-6NK","jetpack-related-posts":[],"_links":{"self":[{"href":"http:\/\/blogdalucianaoliveira.com.br\/blog\/wp-json\/wp\/v2\/posts\/26148","targetHints":{"allow":["GET"]}}],"collection":[{"href":"http:\/\/blogdalucianaoliveira.com.br\/blog\/wp-json\/wp\/v2\/posts"}],"about":[{"href":"http:\/\/blogdalucianaoliveira.com.br\/blog\/wp-json\/wp\/v2\/types\/post"}],"author":[{"embeddable":true,"href":"http:\/\/blogdalucianaoliveira.com.br\/blog\/wp-json\/wp\/v2\/users\/1"}],"replies":[{"embeddable":true,"href":"http:\/\/blogdalucianaoliveira.com.br\/blog\/wp-json\/wp\/v2\/comments?post=26148"}],"version-history":[{"count":1,"href":"http:\/\/blogdalucianaoliveira.com.br\/blog\/wp-json\/wp\/v2\/posts\/26148\/revisions"}],"predecessor-version":[{"id":26150,"href":"http:\/\/blogdalucianaoliveira.com.br\/blog\/wp-json\/wp\/v2\/posts\/26148\/revisions\/26150"}],"wp:attachment":[{"href":"http:\/\/blogdalucianaoliveira.com.br\/blog\/wp-json\/wp\/v2\/media?parent=26148"}],"wp:term":[{"taxonomy":"category","embeddable":true,"href":"http:\/\/blogdalucianaoliveira.com.br\/blog\/wp-json\/wp\/v2\/categories?post=26148"},{"taxonomy":"post_tag","embeddable":true,"href":"http:\/\/blogdalucianaoliveira.com.br\/blog\/wp-json\/wp\/v2\/tags?post=26148"}],"curies":[{"name":"wp","href":"https:\/\/api.w.org\/{rel}","templated":true}]}}