{"id":26151,"date":"2020-01-22T16:21:49","date_gmt":"2020-01-22T20:21:49","guid":{"rendered":"http:\/\/blogdalucianaoliveira.com.br\/blog\/?p=26151"},"modified":"2020-01-22T16:21:57","modified_gmt":"2020-01-22T20:21:57","slug":"bolsonaro-tem-a-pior-avaliacao-em-relacao-ao-primeiro-ano-de-mandato","status":"publish","type":"post","link":"http:\/\/blogdalucianaoliveira.com.br\/blog\/2020\/01\/22\/bolsonaro-tem-a-pior-avaliacao-em-relacao-ao-primeiro-ano-de-mandato\/","title":{"rendered":"Bolsonaro tem a pior avalia\u00e7\u00e3o em rela\u00e7\u00e3o ao primeiro ano de mandato"},"content":{"rendered":"\n<figure class=\"wp-block-image\"><img data-recalc-dims=\"1\" decoding=\"async\" src=\"https:\/\/i0.wp.com\/farm66.staticflickr.com\/65535\/49424986147_ec95e35c08_z.jpg?w=600&#038;ssl=1\" alt=\"O estudo foi realizado a partir de aproximadamente duas mil entrevistas - Cr\u00e9ditos: Foto: Marcelo Camargo\/Ag\u00eancia Brasil\"\/><\/figure>\n\n\n\n<h2 class=\"wp-block-heading\">Com avalia\u00e7\u00e3o negativa entre 31% dos brasileiros, o capit\u00e3o apresenta o pior \u00edndice em rela\u00e7\u00e3o aos seus antecessores<\/h2>\n\n\n\n<!--more-->\n\n\n\n<p>Reda\u00e7\u00e3o<\/p>\n\n\n\n<p>Brasil de Fato | S\u00e3o Paulo\u00a0<\/p>\n\n\n\n<p>Cerca de 31% da popula\u00e7\u00e3o avalia o primeiro ano do governo de Jair Bolsonaro (sem partido) como negativo, de acordo com a pesquisa MDA encomendada pela Confedera\u00e7\u00e3o Nacional do Transporte (CNT) e divulgada nesta quarta-feira (22).<\/p>\n\n\n\n<p>O \u00edndice \u00e9 o mais negativo desde 2004, quando 15% da popula\u00e7\u00e3o avaliou o primeiro ano do governo Lula como ruim, e tamb\u00e9m perde para o primeiro ano do mandato de Dilma Rousseff, avaliado como negativo por 7% dos brasileiros. N\u00e3o h\u00e1 dados sobre o primeiro ano de governo de Fernando Henrique Cardoso, uma vez que s\u00e9rie hist\u00f3rica come\u00e7ou em 1998.&nbsp;<\/p>\n\n\n\n<p>Quanto \u00e0s avalia\u00e7\u00f5es positivas, Bolsonaro tamb\u00e9m mant\u00e9m o pior \u00edndice em rela\u00e7\u00e3o aos governos anteriores, com 34,5% da popula\u00e7\u00e3o avaliando o primeiro ano do mandato do capit\u00e3o reformado como positivo. Em 2004, cerca de 40% da popula\u00e7\u00e3o avaliou o primeiro ano de Lula como positivo. Com Dilma Rousseff, o \u00edndice subiu para 56,6%.&nbsp;<\/p>\n\n\n\n<p>O estudo \u00e9 trabalhado em cima da percep\u00e7\u00e3o da popula\u00e7\u00e3o acerca do desempenho pessoal de Bolsonaro na Presid\u00eancia da Rep\u00fablica e de quest\u00f5es relacionadas ao governo, como economia, Congresso Nacional, Seguran\u00e7a P\u00fablica, endividamento da popula\u00e7\u00e3o e imprensa. O estudo foi realizado a partir de aproximadamente duas mil entrevistas, entre 15 e 18 de janeiro, em 137 munic\u00edpios, e apresenta uma margem de erro de 2,2 pontos percentuais.&nbsp;<\/p>\n\n\n\n<p>Em rela\u00e7\u00e3o \u00e0 situa\u00e7\u00e3o do Brasil ap\u00f3s um ano do governo Bolsonaro, a opini\u00e3o de 36,2% dos entrevistados \u00e9 de que est\u00e1 melhor, 37,4% consideram que permanece igual e 25% apontam que est\u00e1 pior. Entre aqueles que consideram a situa\u00e7\u00e3o melhor, os principais motivos s\u00e3o: &#8220;economia melhorou&#8221;&nbsp;(48,7%) , &#8220;menos corrup\u00e7\u00e3o&#8221; (46,8%), &#8220;seguran\u00e7a p\u00fablica melhorou&#8221; (30,5%) e &#8220;melhor utiliza\u00e7\u00e3o do dinheiro p\u00fablico&#8221; (21,4%). Entre os que consideram a situa\u00e7\u00e3o do pa\u00eds pior sob o governo Bolsonaro, os principais motivos s\u00e3o: &#8220;economia piorou&#8221;, (54,3%), &#8220;sa\u00fade piorou&#8221; (42,7%), &#8220;educa\u00e7\u00e3o est\u00e1 pior&#8221;, (30,5%) e &#8220;seguran\u00e7a p\u00fablica piorou&#8221;, (27,7%).<\/p>\n\n\n\n<p>Pior primeiro m\u00eas de mandato<\/p>\n\n\n\n<p>Em fevereiro de 2019, uma mesma pesquisa de avalia\u00e7\u00e3o do governo, tamb\u00e9m feita pela CNT, mostrou que Bolsonaro foi o presidente com&nbsp;<a href=\"https:\/\/www.brasildefato.com.br\/2019\/02\/26\/pesquisa-cntmda-bolsonaro-tem-menor-popularidade-em-um-primeiro-governo-desde-2003\/\" target=\"_blank\" rel=\"noreferrer noopener\">menor \u00edndice de aprova\u00e7\u00e3o no primeiro m\u00eas do mandato desde 1998<\/a>, quando o estudo come\u00e7ou a ser realizado. Na ocasi\u00e3o, o capit\u00e3o era visto por 29% da popula\u00e7\u00e3o como regular, e como ruim ou p\u00e9ssimo por 19%.&nbsp;<\/p>\n\n\n\n<p>Do outro lado, anunciou que o governo era bom ou \u00f3timo para 38,9%; 13,1% n\u00e3o soube ou n\u00e3o quis responder. A fim de compara\u00e7\u00e3o, a pesquisa CNT no primeiro governo de Luiz In\u00e1cio Lula da Silva, em 2003, apontava uma aprova\u00e7\u00e3o de 56,6%. J\u00e1 o in\u00edcio do primeiro governo de Dilma Rousseff&nbsp;foi considerado bom ou \u00f3timo por 49,2% da popula\u00e7\u00e3o. Por sua vez, o governo de Michel Temer (MDB), teve uma aprova\u00e7\u00e3o de 11% nos primeiros meses.&nbsp;<\/p>\n\n\n\n<p>De fevereiro a agosto de 2019, a rejei\u00e7\u00e3o ao&nbsp;<a href=\"https:\/\/www.brasildefato.com.br\/2019\/08\/26\/rejeicao-a-bolsonaro-vai-a-537-para-39-governo-e-ruim-ou-pessimo\/\" target=\"_blank\" rel=\"noreferrer noopener\">desempenho pessoal de Bolsonaro passou de 28,2% para 53,7%<\/a>&nbsp;entre os entrevistados \u2013 em todas as pesquisas, o n\u00famero de entrevistados \u00e9 o mesmo.&nbsp;<br><br>&nbsp;<\/p>\n\n\n\n<p>Edi\u00e7\u00e3o: Leandro Melito<br><\/p>\n","protected":false},"excerpt":{"rendered":"<p>Com avalia\u00e7\u00e3o negativa entre 31% dos brasileiros, o capit\u00e3o apresenta o pior \u00edndice em rela\u00e7\u00e3o aos seus antecessores<\/p>\n","protected":false},"author":1,"featured_media":0,"comment_status":"closed","ping_status":"open","sticky":false,"template":"","format":"standard","meta":{"_exactmetrics_skip_tracking":false,"_exactmetrics_sitenote_active":false,"_exactmetrics_sitenote_note":"","_exactmetrics_sitenote_category":0,"jetpack_post_was_ever_published":false,"_jetpack_newsletter_access":"","_jetpack_dont_email_post_to_subs":false,"_jetpack_newsletter_tier_id":0,"_jetpack_memberships_contains_paywalled_content":false,"_jetpack_memberships_contains_paid_content":false,"footnotes":"","jetpack_publicize_message":"","jetpack_publicize_feature_enabled":true,"jetpack_social_post_already_shared":true,"jetpack_social_options":{"image_generator_settings":{"template":"highway","enabled":false},"version":2}},"categories":[1],"tags":[],"class_list":["post-26151","post","type-post","status-publish","format-standard","hentry","category-notas"],"jetpack_publicize_connections":[],"jetpack_sharing_enabled":true,"jetpack_featured_media_url":"","jetpack_shortlink":"https:\/\/wp.me\/p7wKYW-6NN","jetpack-related-posts":[],"_links":{"self":[{"href":"http:\/\/blogdalucianaoliveira.com.br\/blog\/wp-json\/wp\/v2\/posts\/26151","targetHints":{"allow":["GET"]}}],"collection":[{"href":"http:\/\/blogdalucianaoliveira.com.br\/blog\/wp-json\/wp\/v2\/posts"}],"about":[{"href":"http:\/\/blogdalucianaoliveira.com.br\/blog\/wp-json\/wp\/v2\/types\/post"}],"author":[{"embeddable":true,"href":"http:\/\/blogdalucianaoliveira.com.br\/blog\/wp-json\/wp\/v2\/users\/1"}],"replies":[{"embeddable":true,"href":"http:\/\/blogdalucianaoliveira.com.br\/blog\/wp-json\/wp\/v2\/comments?post=26151"}],"version-history":[{"count":1,"href":"http:\/\/blogdalucianaoliveira.com.br\/blog\/wp-json\/wp\/v2\/posts\/26151\/revisions"}],"predecessor-version":[{"id":26152,"href":"http:\/\/blogdalucianaoliveira.com.br\/blog\/wp-json\/wp\/v2\/posts\/26151\/revisions\/26152"}],"wp:attachment":[{"href":"http:\/\/blogdalucianaoliveira.com.br\/blog\/wp-json\/wp\/v2\/media?parent=26151"}],"wp:term":[{"taxonomy":"category","embeddable":true,"href":"http:\/\/blogdalucianaoliveira.com.br\/blog\/wp-json\/wp\/v2\/categories?post=26151"},{"taxonomy":"post_tag","embeddable":true,"href":"http:\/\/blogdalucianaoliveira.com.br\/blog\/wp-json\/wp\/v2\/tags?post=26151"}],"curies":[{"name":"wp","href":"https:\/\/api.w.org\/{rel}","templated":true}]}}