{"id":26153,"date":"2020-01-22T16:40:17","date_gmt":"2020-01-22T20:40:17","guid":{"rendered":"http:\/\/blogdalucianaoliveira.com.br\/blog\/?p=26153"},"modified":"2020-01-22T16:40:24","modified_gmt":"2020-01-22T20:40:24","slug":"o-grito-do-brasil-a-bolsonaro-nazismo-nao","status":"publish","type":"post","link":"http:\/\/blogdalucianaoliveira.com.br\/blog\/2020\/01\/22\/o-grito-do-brasil-a-bolsonaro-nazismo-nao\/","title":{"rendered":"O grito do Brasil a Bolsonaro: nazismo, n\u00e3o!"},"content":{"rendered":"\n<figure class=\"wp-block-image\"><img data-recalc-dims=\"1\" decoding=\"async\" src=\"https:\/\/i0.wp.com\/imagens.brasil.elpais.com\/resizer\/QiOsqZkJo3JMmqn3D2Afo0OYp9c%3D\/1500x0\/arc-anglerfish-eu-central-1-prod-prisa.s3.amazonaws.com\/public\/YG73FOWRSJCX7C5A6QVFM3TKDU.jpg?w=600&#038;ssl=1\" alt=\"Bolsonaro durante cerim\u00f4nia de hasteamento da bandeira no Pal\u00e1cio da Alvorada nesta ter\u00e7a-feira.\"\/><\/figure>\n\n\n\n<p>A rea\u00e7\u00e3o da sociedade brasileira \u00e0 inj\u00faria nazista de quem deveria velar pelas liberdades que defendem ou criar cultura em liberdade e sem marcas ideol\u00f3gicas, n\u00e3o pode, entretanto, nos fazer dormir em nossos louros.<\/p>\n\n\n\n<!--more-->\n\n\n\n<p>No El Pa\u00eds<\/p>\n\n\n\n<p>Juan Arias<\/p>\n\n\n\n<p>No momento em que o Brasil tem uma das imagens mais baixas no cen\u00e1rio mundial pelo atual Governo de extrema-direita com adornos nazifascistas, \u00e9 um dever destacar dessa vez a surpresa da rea\u00e7\u00e3o de todo o pa\u00eds, de todas as suas institui\u00e7\u00f5es, incluindo a militar, contra o escorreg\u00e3o de cunho nazista do secret\u00e1rio de Cultura do Governo, Roberto Alvim, que atravessou a linha proibida ao copiar as palavras e o ritual do ministro de Propaganda de Hitler, Joseph Goebbels. O presidente de extrema-direita, Bolsonaro, se viu cercado por um clamor nacional e n\u00e3o esperou 24 horas para&nbsp;<a href=\"https:\/\/brasil.elpais.com\/brasil\/2020-01-17\/secretario-da-cultura-de-bolsonaro-imita-discurso-de-nazista-goebbels-e-revolta-presidentes-da-camara-e-do-stf.html\" target=\"_blank\" rel=\"noreferrer noopener\">demitir seu ministro amigo<\/a>.<\/p>\n\n\n\n<p>Dessa vez v\u00e1rios liberais que apoiaram Bolsonaro para derrotar Lula e o PT reagiram contra os arroubos nazistas do secret\u00e1rio da Cultura do Governo. Foi um teste importante ver mobilizados, imediatamente, n\u00e3o s\u00f3 todo o mundo da cultura e da ci\u00eancia e de todos os partidos democr\u00e1ticos, incluindo os liberais do Governo, como tamb\u00e9m todas as institui\u00e7\u00f5es do Estado, como o Congresso, o Senado e o Supremo, junto com as principais associa\u00e7\u00f5es civis como a de advogados, promotores e ju\u00edzes e dezenas de institui\u00e7\u00f5es democr\u00e1ticas, assim como a imprensa nacional que denunciou que o Governo havia cruzado a linha vermelha da democracia.<\/p>\n\n\n\n<p>Dessa vez n\u00e3o foi uma rea\u00e7\u00e3o da esquerda contra a ultradireita. O protesto ultrapassou os partidos e as ideologias, para gritar um n\u00e3o do pa\u00eds a tudo o que tenha refer\u00eancia ao nazismo hitleriano dos campos de concentra\u00e7\u00e3o e do Holocausto.<\/p>\n\n\n\n<p>H\u00e1 somente um ano eu alertava nessa mesma coluna do perigo de que o Brasil poderia estar&nbsp;<a href=\"https:\/\/brasil.elpais.com\/brasil\/2019\/08\/20\/opinion\/1566327462_691370.html\" target=\"_blank\" rel=\"noreferrer noopener\">entrando em um estado de pr\u00e9-nazismo<\/a>&nbsp;e pr\u00e9-fascismo, ap\u00f3s a entrada do furac\u00e3o de Bolsonaro com seus \u00f3dios a todos os diferentes, sua exalta\u00e7\u00e3o de um nacionalismo de cunho fascista e sua consigna de \u201cBrasil acima de tudo\u201d, copiada dos tempos do nazismo: \u201cAlemanha acima de tudo\u201d. E das tentativas de criar uma teocracia evang\u00e9lica em substitui\u00e7\u00e3o ao Estado laico assim como uma cultura e uma educa\u00e7\u00e3o entranhadas nos valores militares e medievais.<\/p>\n\n\n\n<p>Dessa vez uma parte do Governo viu com preocupa\u00e7\u00e3o os arroubos nazistas dos bolsonaristas mais r\u00edgidos. Como demonstra, por exemplo, a satisfa\u00e7\u00e3o do general do Ex\u00e9rcito, Augusto Heleno, que faz parte do Governo e \u00e9 um dos assessores mais pr\u00f3ximos ao Presidente e que tamb\u00e9m ele havia flertado com medidas extraordin\u00e1rias no caso do Brasil se transformar em um novo Chile. Heleno, dessa vez, assustado com o escorreg\u00e3o nazista do secret\u00e1rio da Educa\u00e7\u00e3o, elogiou a rea\u00e7\u00e3o positiva do Brasil. Chegou a felicitar a rea\u00e7\u00e3o da sociedade com essas palavras: \u201cFant\u00e1stica e at\u00e9 emocionante a rea\u00e7\u00e3o de intelectuais, artistas, historiadores, professores, estudantes, militares e da Na\u00e7\u00e3o como um todo, ao infeliz resgate de pensamentos nazistas\u201d. E acrescentou que isso \u201cmostra uma face da convic\u00e7\u00e3o e do apego de nosso povo \u00e0 democracia e \u00e0s liberdades individuais\u201d. At\u00e9 o importante militar entendeu que o Governo poderia estar se dirigindo \u00e0 barb\u00e1rie.<\/p>\n\n\n\n<p>A rea\u00e7\u00e3o democr\u00e1tica da sociedade brasileira e de todas as institui\u00e7\u00f5es do Estado \u00e0s tenta\u00e7\u00f5es nazistas e fascistas que come\u00e7aram a levantar a cabe\u00e7a em v\u00e1rias \u00e1reas do Governo, \u00e9 fundamental. O perigo de involu\u00e7\u00e3o, de fato, existe, j\u00e1 que vemos aflorar a cada dia mais saudades dos tempos da ditadura que levam Bolsonaro a tomar medidas dr\u00e1sticas e antidemocr\u00e1ticas quando, segundo eles, o Congresso e o Supremo n\u00e3o se dobram aos seus caprichos autorit\u00e1rios. O fato de o Brasil dizer n\u00e3o a essa loucura significa um acr\u00e9scimo de esperan\u00e7a na defesa dos valores democr\u00e1ticos.<\/p>\n\n\n\n<p>E n\u00e3o foi por acaso ter sido no delicado e importante campo da cultura o local em que os brasileiros de todas as cren\u00e7as disseram n\u00e3o a essa tenta\u00e7\u00e3o do Governo de dar lugar no Brasil a uma \u00fanica forma de criar e de ensinar, de fazer arte, e do perigo de ver castrada a liberdade de pensamento. Os brasileiros, conservadores em h\u00e1bitos e costumes, n\u00e3o aceitam a imposi\u00e7\u00e3o de um \u00fanico tipo de cultura, muito menos de cunho nazista.<\/p>\n\n\n\n<p>O brasileiro, historicamente, est\u00e1 acostumado a uma grande pluralidade cultural que surge da mistura de todas as express\u00f5es e as correntes mais livres de criar e de fazer cultura que leva em suas veias. N\u00e3o por acaso \u00e9 um dos povos com tradi\u00e7\u00f5es populares mais fortes e arraigadas \u00e0s que dificilmente renuncia, muito menos em benef\u00edcio de uma ideologia.<\/p>\n\n\n\n<p>Essa rea\u00e7\u00e3o inesperada e feliz da sociedade brasileira \u00e0s tenta\u00e7\u00f5es nazistas de alguns dos ministros do Governo e do pr\u00f3prio presidente, abre um caminho de esperan\u00e7a aos democratas de cora\u00e7\u00e3o, os que amam as liberdades, sejam de direita e de esquerda, porque somente em um h\u00famus de democracia consolidada se constr\u00f3i uma sociedade livre e feliz. No Brasil, de fato, o peso de uma escravid\u00e3o nunca resolvida deixou marcas profundas de desigualdade social, de dor e de discrimina\u00e7\u00e3o racial que dura at\u00e9 nossos dias.<\/p>\n\n\n\n<p>Dessa vez, felizmente, \u00e9 como se o Brasil tivesse despertado para dizer n\u00e3o aos b\u00e1rbaros e para dar o alerta de que tudo tem um limite e que n\u00e3o importa se governa a direita, a esquerda e o centro, mas nunca os filhos bastardos de nostalgias de campos de exterm\u00ednio.<\/p>\n\n\n\n<p>A rea\u00e7\u00e3o da sociedade brasileira \u00e0 inj\u00faria nazista de quem deveria velar pelas liberdades que defendem ou criar cultura em liberdade e sem marcas ideol\u00f3gicas, n\u00e3o pode, entretanto, nos fazer dormir em nossos louros. \u00c9 verdade que a rea\u00e7\u00e3o imediata do presidente em demitir o secret\u00e1rio da Cultura, algo que a maior das manifesta\u00e7\u00f5es n\u00e3o teria conseguido, n\u00e3o pode nos deixar totalmente tranquilos. Bolsonaro viu que todas as for\u00e7as vivas ficavam contra ele e ratificavam n\u00e3o querer entrar nos corredores de morte do nazismo, e dessa vez reagiu com rapidez e sem hesita\u00e7\u00e3o. Isso n\u00e3o significa, entretanto, que tenha se arrependido da pol\u00edtica racista da qual est\u00e1 imbu\u00eddo. N\u00e3o foi uma conversa. Foi obrigado pelo grito de uma sociedade que come\u00e7a a dizer: \u201cDaqui n\u00e3o se passa\u201d. E hoje sabemos, al\u00e9m disso, que por ele teria esperado para decidir a demiss\u00e3o do secret\u00e1rio da Cultura. Foram os militares de dentro do Governo que o obrigaram a n\u00e3o esperar sequer mais uma hora.<\/p>\n\n\n\n<p>Pensar que Bolsonaro pode mudar \u00e9, na verdade, uma v\u00e3 utopia. Como Hitler n\u00e3o mudou, a quem o presidente gosta de imitar em sua linguagem e at\u00e9 no corte de cabelo. Quem precisa continuar firme \u00e9 a sociedade e suas institui\u00e7\u00f5es para que continuem detendo-o sempre que tentar atropelar as liberdades e nos introduzir no t\u00fanel escuro do autoritarismo. Est\u00e1 claro que ele n\u00e3o ir\u00e1 mudar. Seu rep\u00fadio e desprezo por todos os diferentes como nos tempos de Hitler dessa vez come\u00e7ando pelos afrodescendentes, dos quais chegou a dizer, ap\u00f3s visitar um quilombo: \u201co mais leve pesava sete arrobas. N\u00e3o fazem nada. Acho que nem como procriadores eles servem\u201d. N\u00e3o suporta a diversidade de g\u00eanero e j\u00e1 avisou que preferia um filho morto do que v\u00ea-lo chegar em casa \u201ccom um bigodudo\u201d. N\u00e3o suporta as mulheres e at\u00e9 se lamenta de que dos cinco filhos um, o \u00faltimo, nasceu mulher. O que os judeus eram para Hitler, para Bolsonaro o s\u00e3o todos os diferentes, aos quais acrescentou os jornalistas de quem chegou a ofender as m\u00e3es.<\/p>\n\n\n\n<p>Quero acabar essa coluna que se move entre a esperan\u00e7a e o medo, com as palavras de Reinado Azevedo que escreveu que n\u00e3o podemos dormir, j\u00e1 que para Bolsonaro que, terr\u00edvel paradoxo, se revela amigo dos judeus, o que para os nazistas de Hitler eram os judeus hoje no Brasil o s\u00e3o os negros, as mulheres, os LGBTs, os \u00edndios, os jornalistas e todos os que n\u00e3o se ajoelham diante dele.<\/p>\n\n\n\n<p>A sociedade brasileira deu seu primeiro grito. Se ele continuar em sua f\u00faria iconoclasta contra todos os valores democr\u00e1ticos, de costas \u00e0 liberdade de a\u00e7\u00e3o de pensamento que s\u00e3o os que criaram as melhores e mais livres sociedades do mundo, o segundo grito pode ser: \u201cAgora chega!\u201d.<\/p>\n\n\n\n<p>O Brasil pode e ainda est\u00e1 em tempo. Amanh\u00e3 talvez possa ser tarde demais e de nada adiantaria chorar l\u00e1grimas de crocodilo. Se j\u00e1 se disse um dia de Paris que ela bem valia uma missa, o Brasil, com tantos ou mais motivos bem vale esse despertar contra os pesadelos que lhe querem impor insensatas tenta\u00e7\u00f5es de assassinar e manipular a cultura e as liberdades.<\/p>\n\n\n\n<p>Mais do que o lema bolsonarista de \u201cBrasil acima de tudo\u201d, o que precisamos \u00e9 de um Brasil que seja de todos e para todos, em que ningu\u00e9m se sinta superior e desprezado, ou n\u00e3o ser\u00e1 de ningu\u00e9m. E ent\u00e3o nos restariam somente os escombros.<br><\/p>\n\n\n\n<p><\/p>\n","protected":false},"excerpt":{"rendered":"<p>A rea\u00e7\u00e3o da sociedade brasileira \u00e0 inj\u00faria nazista de quem deveria velar pelas liberdades que defendem ou criar cultura em liberdade e sem marcas ideol\u00f3gicas, n\u00e3o pode, entretanto, nos fazer dormir em nossos louros.<\/p>\n","protected":false},"author":1,"featured_media":0,"comment_status":"closed","ping_status":"open","sticky":false,"template":"","format":"standard","meta":{"_exactmetrics_skip_tracking":false,"_exactmetrics_sitenote_active":false,"_exactmetrics_sitenote_note":"","_exactmetrics_sitenote_category":0,"jetpack_post_was_ever_published":false,"_jetpack_newsletter_access":"","_jetpack_dont_email_post_to_subs":false,"_jetpack_newsletter_tier_id":0,"_jetpack_memberships_contains_paywalled_content":false,"_jetpack_memberships_contains_paid_content":false,"footnotes":"","jetpack_publicize_message":"","jetpack_publicize_feature_enabled":true,"jetpack_social_post_already_shared":true,"jetpack_social_options":{"image_generator_settings":{"template":"highway","enabled":false},"version":2}},"categories":[1],"tags":[],"class_list":["post-26153","post","type-post","status-publish","format-standard","hentry","category-notas"],"jetpack_publicize_connections":[],"jetpack_sharing_enabled":true,"jetpack_featured_media_url":"","jetpack_shortlink":"https:\/\/wp.me\/p7wKYW-6NP","jetpack-related-posts":[],"_links":{"self":[{"href":"http:\/\/blogdalucianaoliveira.com.br\/blog\/wp-json\/wp\/v2\/posts\/26153","targetHints":{"allow":["GET"]}}],"collection":[{"href":"http:\/\/blogdalucianaoliveira.com.br\/blog\/wp-json\/wp\/v2\/posts"}],"about":[{"href":"http:\/\/blogdalucianaoliveira.com.br\/blog\/wp-json\/wp\/v2\/types\/post"}],"author":[{"embeddable":true,"href":"http:\/\/blogdalucianaoliveira.com.br\/blog\/wp-json\/wp\/v2\/users\/1"}],"replies":[{"embeddable":true,"href":"http:\/\/blogdalucianaoliveira.com.br\/blog\/wp-json\/wp\/v2\/comments?post=26153"}],"version-history":[{"count":1,"href":"http:\/\/blogdalucianaoliveira.com.br\/blog\/wp-json\/wp\/v2\/posts\/26153\/revisions"}],"predecessor-version":[{"id":26154,"href":"http:\/\/blogdalucianaoliveira.com.br\/blog\/wp-json\/wp\/v2\/posts\/26153\/revisions\/26154"}],"wp:attachment":[{"href":"http:\/\/blogdalucianaoliveira.com.br\/blog\/wp-json\/wp\/v2\/media?parent=26153"}],"wp:term":[{"taxonomy":"category","embeddable":true,"href":"http:\/\/blogdalucianaoliveira.com.br\/blog\/wp-json\/wp\/v2\/categories?post=26153"},{"taxonomy":"post_tag","embeddable":true,"href":"http:\/\/blogdalucianaoliveira.com.br\/blog\/wp-json\/wp\/v2\/tags?post=26153"}],"curies":[{"name":"wp","href":"https:\/\/api.w.org\/{rel}","templated":true}]}}