{"id":26157,"date":"2020-01-23T08:47:37","date_gmt":"2020-01-23T12:47:37","guid":{"rendered":"http:\/\/blogdalucianaoliveira.com.br\/blog\/?p=26157"},"modified":"2020-01-23T08:47:49","modified_gmt":"2020-01-23T12:47:49","slug":"sob-bolsonaro-brasil-repete-pior-nota-em-ranking-de-percepcao-do-combate-a-corrupcao","status":"publish","type":"post","link":"http:\/\/blogdalucianaoliveira.com.br\/blog\/2020\/01\/23\/sob-bolsonaro-brasil-repete-pior-nota-em-ranking-de-percepcao-do-combate-a-corrupcao\/","title":{"rendered":"Sob Bolsonaro, Brasil repete pior nota em ranking de percep\u00e7\u00e3o do combate \u00e0 corrup\u00e7\u00e3o"},"content":{"rendered":"\n<figure class=\"wp-block-image size-large\"><img data-recalc-dims=\"1\" loading=\"lazy\" decoding=\"async\" width=\"600\" height=\"400\" data-attachment-id=\"26158\" data-permalink=\"http:\/\/blogdalucianaoliveira.com.br\/blog\/2020\/01\/23\/sob-bolsonaro-brasil-repete-pior-nota-em-ranking-de-percepcao-do-combate-a-corrupcao\/image-68-2\/\" data-orig-file=\"https:\/\/i0.wp.com\/blogdalucianaoliveira.com.br\/blog\/wp-content\/uploads\/2020\/01\/image-68.jpeg?fit=678%2C452\" data-orig-size=\"678,452\" data-comments-opened=\"0\" data-image-meta=\"{&quot;aperture&quot;:&quot;0&quot;,&quot;credit&quot;:&quot;&quot;,&quot;camera&quot;:&quot;&quot;,&quot;caption&quot;:&quot;&quot;,&quot;created_timestamp&quot;:&quot;0&quot;,&quot;copyright&quot;:&quot;&quot;,&quot;focal_length&quot;:&quot;0&quot;,&quot;iso&quot;:&quot;0&quot;,&quot;shutter_speed&quot;:&quot;0&quot;,&quot;title&quot;:&quot;&quot;,&quot;orientation&quot;:&quot;0&quot;}\" data-image-title=\"image-68\" data-image-description=\"\" data-image-caption=\"\" data-medium-file=\"https:\/\/i0.wp.com\/blogdalucianaoliveira.com.br\/blog\/wp-content\/uploads\/2020\/01\/image-68.jpeg?fit=300%2C200\" data-large-file=\"https:\/\/i0.wp.com\/blogdalucianaoliveira.com.br\/blog\/wp-content\/uploads\/2020\/01\/image-68.jpeg?fit=600%2C400\" src=\"https:\/\/i0.wp.com\/blogdalucianaoliveira.com.br\/blog\/wp-content\/uploads\/2020\/01\/image-68.jpeg?resize=600%2C400\" alt=\"\" class=\"wp-image-26158\" srcset=\"https:\/\/i0.wp.com\/blogdalucianaoliveira.com.br\/blog\/wp-content\/uploads\/2020\/01\/image-68.jpeg?w=678 678w, https:\/\/i0.wp.com\/blogdalucianaoliveira.com.br\/blog\/wp-content\/uploads\/2020\/01\/image-68.jpeg?resize=300%2C200 300w, https:\/\/i0.wp.com\/blogdalucianaoliveira.com.br\/blog\/wp-content\/uploads\/2020\/01\/image-68.jpeg?resize=450%2C300 450w\" sizes=\"auto, (max-width: 600px) 100vw, 600px\" \/><\/figure>\n\n\n\n<p>Promessas de campanha do presidente se converteram em mais retrocessos que avan\u00e7os na pauta, aponta ONG<\/p>\n\n\n\n<!--more-->\n\n\n\n<p><strong><a href=\"https:\/\/www1.folha.uol.com.br\/autores\/fernanda-mena.shtml\">Fernanda Mena<\/a><\/strong><br>FSP <\/p>\n\n\n\n<p>A elei\u00e7\u00e3o de Jair Bolsonaro (sem partido), impulsionada por promessas de&nbsp;<a href=\"https:\/\/www1.folha.uol.com.br\/poder\/2019\/12\/avaliacao-do-governo-sobe-na-economia-e-cai-no-combate-a-corrupcao-diz-datafolha.shtml\">combate \u00e0 corrup\u00e7\u00e3o<\/a>, n\u00e3o alterou a percep\u00e7\u00e3o sobre este problema no seu primeiro ano de governo, marcado por den\u00fancias contra&nbsp;<a href=\"https:\/\/www1.folha.uol.com.br\/poder\/2019\/10\/ministro-do-turismo-e-denunciado-pelo-ministerio-publico-no-caso-dos-laranjas-do-psl.shtml\">integrantes do governo<\/a>&nbsp;e&nbsp;<a href=\"https:\/\/www1.folha.uol.com.br\/poder\/2019\/12\/flavio-lavou-ate-r-23-milhoes-com-imoveis-e-loja-de-chocolate-diz-promotoria.shtml\">familiares do presidente<\/a>.<\/p>\n\n\n\n<p>Em 2019, o Brasil caiu uma posi\u00e7\u00e3o no ranking do IPC (\u00cdndice de Percep\u00e7\u00e3o da Corrup\u00e7\u00e3o), e ocupa a 106\u00aa posi\u00e7\u00e3o entre os 180 pa\u00edses avaliados \u2014atr\u00e1s de outros latino-americanos como Argentina (66\u00aa), Chile (26\u00aa), Col\u00f4mbia (96\u00aa), Cuba (60\u00aa), Equador (93\u00aa) e Uruguai (21\u00aa).<\/p>\n\n\n\n<p>Elaborado pela ONG Transpar\u00eancia Internacional, o ranking atribui notas de 0 a 100 a pa\u00edses com base em pesquisas e relat\u00f3rios sobre como o setor p\u00fablico \u00e9 percebido por especialistas e executivos de empresas no que diz respeito \u00e0 pr\u00e1tica de corrup\u00e7\u00e3o.<\/p>\n\n\n\n<p>O Brasil repetiu a mesma nota 35 recebida em 2018, a pior do pa\u00eds desde 2012.<\/p>\n\n\n\n<p>Isso indica que o novo governo, apesar do discurso, n\u00e3o adotou medidas que impactassem na percep\u00e7\u00e3o de que pr\u00e1ticas corruptas, tais como abuso de poder, subornos e acordos secretos, tenham diminu\u00eddo no pa\u00eds.<\/p>\n\n\n\n<figure><iframe loading=\"lazy\" src=\"https:\/\/arte.folha.uol.com.br\/graficos\/bUMwp\/?initialWidth=1&amp;childId=infographic-1&amp;parentTitle=Sob%20Bolsonaro%2C%20Brasil%20repete%20pior%20nota%20em%20ranking%20de%20percep%C3%A7%C3%A3o%20do%20combate%20%C3%A0%20corrup%C3%A7%C3%A3o%20-%2023%2F01%2F2020%20-%20Poder%20-%20Folha&amp;parentUrl=https%3A%2F%2Fwww1.folha.uol.com.br%2Fpoder%2F2020%2F01%2Fsob-bolsonaro-brasil-repete-pior-nota-em-ranking-de-percepcao-do-combate-a-corrupcao.shtml\" width=\"100%\" height=\"1133px\"><\/iframe><\/figure>\n\n\n\n<p>&#8220;O resultado reflete um ano de poucos avan\u00e7os e muitos retrocessos na luta contra a corrup\u00e7\u00e3o no Brasil&#8221;, avalia Bruno Brand\u00e3o, diretor-executivo da Transpar\u00eancia Internacional no Brasil.<\/p>\n\n\n\n<p>Para ele, trata-se de prova de que &#8220;discurso n\u00e3o \u00e9 o suficiente&#8221;. &#8220;S\u00e3o necess\u00e1rias medidas efetivas e coer\u00eancia nas atitudes em todos os \u00e2mbitos&#8221;, diz.<\/p>\n\n\n\n<p>Entre os poucos avan\u00e7os citados, ele destaca o decreto do governo federal que exige ficha limpa para aqueles nomeados a cargos de confian\u00e7a e um fortalecimento da Pol\u00edcia Federal, que recebeu 1.200 novos agentes e deflagrou opera\u00e7\u00f5es importantes.<\/p>\n\n\n\n<p>Brand\u00e3o cita aquela que prendeu advogados e afastou desembargadores e o presidente do Tribunal da Justi\u00e7a da Bahia por suposto esquema de venda de decis\u00f5es judiciais.&nbsp;<\/p>\n\n\n\n<p>Al\u00e9m disso, ele cita como muito positiva a cria\u00e7\u00e3o de 29 delegacias estaduais de combate \u00e0 corrup\u00e7\u00e3o.<\/p>\n\n\n\n<p>Na manh\u00e3 desta quinta-feira (23), em mais um ataque \u00e0 imprensa em suas redes sociais, o presidente Bolsonaro\u00a0criticou a\u00a0<strong>Folha<\/strong>\u00a0pela publica\u00e7\u00e3o desta reportagem sobre o relat\u00f3rio. &#8220;Folha de S\u00e3o Paulo recorre at\u00e9 \u00e0s ONGs para criticar Jair Bolsonaro.\u00a0\u00c9 a credibilidade do jornal abaixo do esgoto, no pr\u00e9-sal do chorume.&#8221;<\/p>\n\n\n\n<p>Segundo a pesquisa, no Legislativo, a aprova\u00e7\u00e3o de medidas do pacote&nbsp;anticrime, tais como o confisco alargado e mudan\u00e7as no sistema de prescri\u00e7\u00e3o, foram apontadas como relevantes, al\u00e9m da derrubada do decreto presidencial que facilitava a classifica\u00e7\u00e3o de informa\u00e7\u00f5es p\u00fablicas como sigilosas.<\/p>\n\n\n\n<p>J\u00e1 a lista de retrocessos constantes no relat\u00f3rio da Transpar\u00eancia Internacional \u00e9 bem mais alentada.<\/p>\n\n\n\n<p>O texto aponta para investiga\u00e7\u00f5es de corrup\u00e7\u00e3o envolvendo membros do n\u00facleo duro do governo, como o ministro do Turismo, Marcelo \u00c1lvaro Ant\u00f4nio,&nbsp;<a href=\"https:\/\/www1.folha.uol.com.br\/poder\/2019\/10\/ministro-do-turismo-e-denunciado-pelo-ministerio-publico-no-caso-dos-laranjas-do-psl.shtml\">denunciado por esquema de candidaturas laranjas do&nbsp;<\/a><a href=\"https:\/\/www1.folha.uol.com.br\/poder\/2019\/10\/ministro-do-turismo-e-denunciado-pelo-ministerio-publico-no-caso-dos-laranjas-do-psl.shtml\">PSL<\/a>, e o l\u00edder do governo no Senado,&nbsp;<a href=\"https:\/\/www1.folha.uol.com.br\/poder\/2019\/09\/alvo-da-pf-lider-do-governo-no-senado-coloca-cargo-a-disposicao-de-bolsonaro.shtml\">Fernando Bezerra Coelho<\/a>, envolvido em investiga\u00e7\u00f5es sobre suborno.<\/p>\n\n\n\n<p>Filho do presidente, o senador&nbsp;<a href=\"https:\/\/www1.folha.uol.com.br\/poder\/2019\/01\/entenda-as-suspeitas-sobre-flavio-bolsonaro-e-o-ex-assessor-fabricio-queiroz.shtml\">Fl\u00e1vio Bolsonaro tamb\u00e9m \u00e9 investigado<\/a>&nbsp;sob suspeita dos crimes de peculato, lavagem de dinheiro, oculta\u00e7\u00e3o de patrim\u00f4nio e organiza\u00e7\u00e3o criminosa.<\/p>\n\n\n\n<p>&#8220;O grau de toler\u00e2ncia do presidente com esses casos \u00e9 contradit\u00f3rio com o discurso de campanha do presidente&#8221;, avalia Brand\u00e3o.<\/p>\n\n\n\n<p>Ele tamb\u00e9m aponta como problem\u00e1ticas decis\u00f5es do Executivo que sugerem interfer\u00eancia pol\u00edtica em \u00f3rg\u00e3os-chave do combate \u00e0 corrup\u00e7\u00e3o: afastamento do presidente do Coaf, substitui\u00e7\u00f5es na PF do Rio e na Receita Federal, al\u00e9m da nomea\u00e7\u00e3o de um procurador-geral alinhado ao presidente.<\/p>\n\n\n\n<p>Para a cientista pol\u00edtica Nara Pav\u00e3o, professora da Universidade Federal de Pernambuco, &#8220;a corrup\u00e7\u00e3o pode ser combatida pelas institui\u00e7\u00f5es ou pelas urnas, e a continuidade dessas pr\u00e1ticas no atual governo manda a mensagem de que corrup\u00e7\u00e3o faz parte da pol\u00edtica, o que pode gerar cinismo e desencanto&#8221;.<\/p>\n\n\n\n<p>Ataques \u00e0 m\u00eddia e \u00e0 sociedade civil organizada tamb\u00e9m s\u00e3o avaliados como retrocessos que pioram a percep\u00e7\u00e3o sobre a corrup\u00e7\u00e3o, segundo a ONG. &#8220;Uma imprensa livre e uma sociedade civil ativa s\u00e3o dois pilares fundamentais do combate \u00e0 corrup\u00e7\u00e3o&#8221;, diz Brand\u00e3o.<\/p>\n\n\n\n<p>Para Nara Pav\u00e3o \u2014que critica o IPC por ser baseado &#8220;na percep\u00e7\u00e3o apenas de algumas poucas elites\u2014&nbsp;&#8220;a corrup\u00e7\u00e3o \u00e9 algo inerentemente secreto, e s\u00f3 ficamos sabendo dela quando a m\u00eddia a reportar&#8221;.&nbsp;<\/p>\n\n\n\n<p>Ela explica que, quando uma den\u00fancia de corrup\u00e7\u00e3o \u00e9 trazida por uma fonte com credibilidade, o peso eleitoral negativo aumenta. &#8220;Se a m\u00eddia perde credibilidade, perdemos essa \u00fanica fonte de den\u00fancias de corrup\u00e7\u00e3o que sejam politicamente custosas.&#8221;<\/p>\n\n\n\n<p>Entre retrocessos promovidos pelo Legislativo, segundo a ONG, est\u00e3o a&nbsp;<a href=\"https:\/\/www1.folha.uol.com.br\/poder\/2019\/09\/bolsonaro-veta-trechos-de-minirreforma-eleitoral-mas-mantem-brecha-para-caixa-2.shtml\">minirreforma eleitoral<\/a>, que vai na contram\u00e3o do combate \u00e0 corrup\u00e7\u00e3o ao aumentar a disponibilidade de recursos p\u00fablicos para partidos enquanto reduz o controle e a transpar\u00eancia desses gastos.<\/p>\n\n\n\n<p>No Judici\u00e1rio, o caso mais grave seria o da decis\u00e3o do presidente do STF (Supremo Tribunal Federal), Dias Toffoli, depois revertida pelo plen\u00e1rio, que&nbsp;<a href=\"https:\/\/www1.folha.uol.com.br\/poder\/2019\/07\/toffoli-atende-a-pedido-de-flavio-bolsonaro-e-suspende-inquerito-com-dados-do-coaf.shtml\">suspendeu investiga\u00e7\u00f5es criminais<\/a>&nbsp;que usassem, sem autoriza\u00e7\u00e3o judicial, dados sigilosos do Coaf e da Receita Federal. A decis\u00e3o motivou uma visita in\u00e9dita do grupo anticorrup\u00e7\u00e3o da OCDE (Organiza\u00e7\u00e3o para Coopera\u00e7\u00e3o e Desenvolvimento Econ\u00f4mico) ao pa\u00eds.<\/p>\n","protected":false},"excerpt":{"rendered":"<p>Promessas de campanha do presidente se converteram em mais retrocessos que avan\u00e7os na pauta, aponta ONG<\/p>\n","protected":false},"author":1,"featured_media":0,"comment_status":"closed","ping_status":"open","sticky":false,"template":"","format":"standard","meta":{"_exactmetrics_skip_tracking":false,"_exactmetrics_sitenote_active":false,"_exactmetrics_sitenote_note":"","_exactmetrics_sitenote_category":0,"jetpack_post_was_ever_published":false,"_jetpack_newsletter_access":"","_jetpack_dont_email_post_to_subs":false,"_jetpack_newsletter_tier_id":0,"_jetpack_memberships_contains_paywalled_content":false,"_jetpack_memberships_contains_paid_content":false,"footnotes":"","jetpack_publicize_message":"","jetpack_publicize_feature_enabled":true,"jetpack_social_post_already_shared":true,"jetpack_social_options":{"image_generator_settings":{"template":"highway","enabled":false},"version":2}},"categories":[1],"tags":[],"class_list":["post-26157","post","type-post","status-publish","format-standard","hentry","category-notas"],"jetpack_publicize_connections":[],"jetpack_sharing_enabled":true,"jetpack_featured_media_url":"","jetpack_shortlink":"https:\/\/wp.me\/p7wKYW-6NT","jetpack-related-posts":[],"_links":{"self":[{"href":"http:\/\/blogdalucianaoliveira.com.br\/blog\/wp-json\/wp\/v2\/posts\/26157","targetHints":{"allow":["GET"]}}],"collection":[{"href":"http:\/\/blogdalucianaoliveira.com.br\/blog\/wp-json\/wp\/v2\/posts"}],"about":[{"href":"http:\/\/blogdalucianaoliveira.com.br\/blog\/wp-json\/wp\/v2\/types\/post"}],"author":[{"embeddable":true,"href":"http:\/\/blogdalucianaoliveira.com.br\/blog\/wp-json\/wp\/v2\/users\/1"}],"replies":[{"embeddable":true,"href":"http:\/\/blogdalucianaoliveira.com.br\/blog\/wp-json\/wp\/v2\/comments?post=26157"}],"version-history":[{"count":1,"href":"http:\/\/blogdalucianaoliveira.com.br\/blog\/wp-json\/wp\/v2\/posts\/26157\/revisions"}],"predecessor-version":[{"id":26159,"href":"http:\/\/blogdalucianaoliveira.com.br\/blog\/wp-json\/wp\/v2\/posts\/26157\/revisions\/26159"}],"wp:attachment":[{"href":"http:\/\/blogdalucianaoliveira.com.br\/blog\/wp-json\/wp\/v2\/media?parent=26157"}],"wp:term":[{"taxonomy":"category","embeddable":true,"href":"http:\/\/blogdalucianaoliveira.com.br\/blog\/wp-json\/wp\/v2\/categories?post=26157"},{"taxonomy":"post_tag","embeddable":true,"href":"http:\/\/blogdalucianaoliveira.com.br\/blog\/wp-json\/wp\/v2\/tags?post=26157"}],"curies":[{"name":"wp","href":"https:\/\/api.w.org\/{rel}","templated":true}]}}