{"id":26160,"date":"2020-01-23T16:19:56","date_gmt":"2020-01-23T20:19:56","guid":{"rendered":"http:\/\/blogdalucianaoliveira.com.br\/blog\/?p=26160"},"modified":"2020-01-23T16:20:04","modified_gmt":"2020-01-23T20:20:04","slug":"regina-duarte-convida-reverenda-para-ser-adjunta","status":"publish","type":"post","link":"http:\/\/blogdalucianaoliveira.com.br\/blog\/2020\/01\/23\/regina-duarte-convida-reverenda-para-ser-adjunta\/","title":{"rendered":"Regina Duarte convida reverenda para ser adjunta"},"content":{"rendered":"\n<figure class=\"wp-block-image\"><img data-recalc-dims=\"1\" decoding=\"async\" src=\"https:\/\/i0.wp.com\/f.i.uol.com.br\/fotografia\/2020\/01\/23\/15797970605e29ca4419c30_1579797060_3x2_md.jpg?w=600&#038;ssl=1\" alt=\"Jane Silva e Regina Duarte\"\/><\/figure>\n\n\n\n<h4 class=\"wp-block-heading\">Convite a Jane Silva, atual secret\u00e1ria de Diversidade Cultural, foi feito em reuni\u00e3o nesta quinta (23)<\/h4>\n\n\n\n<!--more-->\n\n\n\n<p><strong><a href=\"https:\/\/www1.folha.uol.com.br\/autores\/victoria-azevedo.shtml\">Victoria Azevedo<\/a><\/strong><\/p>\n\n\n\n<p>Na FSP<\/p>\n\n\n\n<p>A&nbsp;<a href=\"https:\/\/www1.folha.uol.com.br\/colunas\/monicabergamo\/2020\/01\/reprimir-criacao-artistica-e-coisa-de-ditadura-disse-regina-duarte-em-2018.shtml\">atriz Regina Duarte<\/a>&nbsp;convidou a reverenda Jane Silva, atual secret\u00e1ria de Diversidade Cultural da pasta, para o cargo de secret\u00e1ria-adjunta na Cultura.<\/p>\n\n\n\n<p>O convite foi feito em reuni\u00e3o nesta quinta (23) com assessores, secret\u00e1rios da pasta e o ministro do Turismo, Marcelo \u00c1lvaro Ant\u00f4nio. Jane aceitou o convite. Dessa forma, ela passa a atuar como secret\u00e1ria interina da Cultura.<br><\/p>\n","protected":false},"excerpt":{"rendered":"<p>Convite a Jane Silva, atual secret\u00e1ria de Diversidade Cultural, foi feito em reuni\u00e3o nesta quinta (23)<\/p>\n","protected":false},"author":1,"featured_media":0,"comment_status":"closed","ping_status":"open","sticky":false,"template":"","format":"standard","meta":{"_exactmetrics_skip_tracking":false,"_exactmetrics_sitenote_active":false,"_exactmetrics_sitenote_note":"","_exactmetrics_sitenote_category":0,"jetpack_post_was_ever_published":false,"_jetpack_newsletter_access":"","_jetpack_dont_email_post_to_subs":false,"_jetpack_newsletter_tier_id":0,"_jetpack_memberships_contains_paywalled_content":false,"_jetpack_memberships_contains_paid_content":false,"footnotes":"","jetpack_publicize_message":"","jetpack_publicize_feature_enabled":true,"jetpack_social_post_already_shared":true,"jetpack_social_options":{"image_generator_settings":{"template":"highway","enabled":false},"version":2}},"categories":[1],"tags":[],"class_list":["post-26160","post","type-post","status-publish","format-standard","hentry","category-notas"],"jetpack_publicize_connections":[],"jetpack_sharing_enabled":true,"jetpack_featured_media_url":"","jetpack_shortlink":"https:\/\/wp.me\/p7wKYW-6NW","jetpack-related-posts":[],"_links":{"self":[{"href":"http:\/\/blogdalucianaoliveira.com.br\/blog\/wp-json\/wp\/v2\/posts\/26160","targetHints":{"allow":["GET"]}}],"collection":[{"href":"http:\/\/blogdalucianaoliveira.com.br\/blog\/wp-json\/wp\/v2\/posts"}],"about":[{"href":"http:\/\/blogdalucianaoliveira.com.br\/blog\/wp-json\/wp\/v2\/types\/post"}],"author":[{"embeddable":true,"href":"http:\/\/blogdalucianaoliveira.com.br\/blog\/wp-json\/wp\/v2\/users\/1"}],"replies":[{"embeddable":true,"href":"http:\/\/blogdalucianaoliveira.com.br\/blog\/wp-json\/wp\/v2\/comments?post=26160"}],"version-history":[{"count":1,"href":"http:\/\/blogdalucianaoliveira.com.br\/blog\/wp-json\/wp\/v2\/posts\/26160\/revisions"}],"predecessor-version":[{"id":26161,"href":"http:\/\/blogdalucianaoliveira.com.br\/blog\/wp-json\/wp\/v2\/posts\/26160\/revisions\/26161"}],"wp:attachment":[{"href":"http:\/\/blogdalucianaoliveira.com.br\/blog\/wp-json\/wp\/v2\/media?parent=26160"}],"wp:term":[{"taxonomy":"category","embeddable":true,"href":"http:\/\/blogdalucianaoliveira.com.br\/blog\/wp-json\/wp\/v2\/categories?post=26160"},{"taxonomy":"post_tag","embeddable":true,"href":"http:\/\/blogdalucianaoliveira.com.br\/blog\/wp-json\/wp\/v2\/tags?post=26160"}],"curies":[{"name":"wp","href":"https:\/\/api.w.org\/{rel}","templated":true}]}}