{"id":26162,"date":"2020-01-23T16:26:42","date_gmt":"2020-01-23T20:26:42","guid":{"rendered":"http:\/\/blogdalucianaoliveira.com.br\/blog\/?p=26162"},"modified":"2020-01-23T16:26:55","modified_gmt":"2020-01-23T20:26:55","slug":"altman-dino-e-o-melhor-nome-depois-do-lula-mas-pela-esquerda","status":"publish","type":"post","link":"http:\/\/blogdalucianaoliveira.com.br\/blog\/2020\/01\/23\/altman-dino-e-o-melhor-nome-depois-do-lula-mas-pela-esquerda\/","title":{"rendered":"Altman: Dino \u00e9 o melhor nome depois do Lula, mas pela esquerda"},"content":{"rendered":"\n<figure class=\"wp-block-image\"><img data-recalc-dims=\"1\" decoding=\"async\" src=\"https:\/\/i0.wp.com\/publisher-publish.s3.eu-central-1.amazonaws.com\/pb-brasil247\/swp\/jtjeq9\/media\/2020012311014_e74b0347f5ce35fa34718af7f514291691b629414cf1c76d2097aa8cf1210bee.jpeg?w=600&#038;ssl=1\" alt=\"Breno Altman, Lula e Fl\u00e1vio Dino\"\/><\/figure>\n\n\n\n<p><strong>247 &#8211;<\/strong>\u00a0O jornalista e editor do Portal Opera Mundi Breno Altman fez uma participa\u00e7\u00e3o na TV 247 e avaliou que o governador do Maranh\u00e3o, Fl\u00e1vio Dino (PCdoB-MA), seria \u201co melhor nome depois de Lula para disputar a presid\u00eancia\u201d.\u00a0 <\/p>\n\n\n\n<!--more-->\n\n\n\n<p>Ele teme, no entanto, que a alian\u00e7a do PCdoB com setores da direita, na proposta da \u201cfrente antifascista\u201d, interfira no programa proposto pela esquerda de enfrentamento ao neoliberalismo. \u201c\u00c9 um pacto de extrema fragilidade, um erro&#8221;, afirma. &#8220;O que a esquerda precisa \u00e9 de reconstruir sua identidade\u201d, diz o jornalista.&nbsp;<\/p>\n\n\n\n<p>Altman segue a an\u00e1lise reiterando que a frente antifascista \u00e9 \u201cfantasiosa\u201d e \u201cdesastrosa\u201d. \u201cSeria um suic\u00eddio pol\u00edtico. Uma frente com setores que defendem a mesma pauta ultraliberal de Bolsonaro, como FHC, Luciano Huck e Rodrigo Maia?\u201d, questiona ele.&nbsp;<\/p>\n\n\n\n<p>O jornalista tamb\u00e9m destaca que a \u201cesquerda ir\u00e1 ficar subordinada \u00e0 direita para abrir m\u00e3o de seu programa antiliberal\u201d.<\/p>\n\n\n\n<p>Em contraponto \u00e0s articula\u00e7\u00f5es com a direita, Altman defende \u201cque a esquerda participe das lutas do povo e seja ativa na luta antibolsonarista\u201d.&nbsp;<\/p>\n","protected":false},"excerpt":{"rendered":"<p>247 &#8211;\u00a0O jornalista e editor do Portal Opera Mundi Breno Altman fez uma participa\u00e7\u00e3o na TV 247 e avaliou que o governador do Maranh\u00e3o, Fl\u00e1vio Dino (PCdoB-MA), seria \u201co melhor nome depois de Lula para disputar a presid\u00eancia\u201d.\u00a0<\/p>\n","protected":false},"author":1,"featured_media":0,"comment_status":"closed","ping_status":"open","sticky":false,"template":"","format":"standard","meta":{"_exactmetrics_skip_tracking":false,"_exactmetrics_sitenote_active":false,"_exactmetrics_sitenote_note":"","_exactmetrics_sitenote_category":0,"jetpack_post_was_ever_published":false,"_jetpack_newsletter_access":"","_jetpack_dont_email_post_to_subs":false,"_jetpack_newsletter_tier_id":0,"_jetpack_memberships_contains_paywalled_content":false,"_jetpack_memberships_contains_paid_content":false,"footnotes":"","jetpack_publicize_message":"","jetpack_publicize_feature_enabled":true,"jetpack_social_post_already_shared":true,"jetpack_social_options":{"image_generator_settings":{"template":"highway","enabled":false},"version":2}},"categories":[1],"tags":[],"class_list":["post-26162","post","type-post","status-publish","format-standard","hentry","category-notas"],"jetpack_publicize_connections":[],"jetpack_sharing_enabled":true,"jetpack_featured_media_url":"","jetpack_shortlink":"https:\/\/wp.me\/p7wKYW-6NY","jetpack-related-posts":[],"_links":{"self":[{"href":"http:\/\/blogdalucianaoliveira.com.br\/blog\/wp-json\/wp\/v2\/posts\/26162","targetHints":{"allow":["GET"]}}],"collection":[{"href":"http:\/\/blogdalucianaoliveira.com.br\/blog\/wp-json\/wp\/v2\/posts"}],"about":[{"href":"http:\/\/blogdalucianaoliveira.com.br\/blog\/wp-json\/wp\/v2\/types\/post"}],"author":[{"embeddable":true,"href":"http:\/\/blogdalucianaoliveira.com.br\/blog\/wp-json\/wp\/v2\/users\/1"}],"replies":[{"embeddable":true,"href":"http:\/\/blogdalucianaoliveira.com.br\/blog\/wp-json\/wp\/v2\/comments?post=26162"}],"version-history":[{"count":1,"href":"http:\/\/blogdalucianaoliveira.com.br\/blog\/wp-json\/wp\/v2\/posts\/26162\/revisions"}],"predecessor-version":[{"id":26163,"href":"http:\/\/blogdalucianaoliveira.com.br\/blog\/wp-json\/wp\/v2\/posts\/26162\/revisions\/26163"}],"wp:attachment":[{"href":"http:\/\/blogdalucianaoliveira.com.br\/blog\/wp-json\/wp\/v2\/media?parent=26162"}],"wp:term":[{"taxonomy":"category","embeddable":true,"href":"http:\/\/blogdalucianaoliveira.com.br\/blog\/wp-json\/wp\/v2\/categories?post=26162"},{"taxonomy":"post_tag","embeddable":true,"href":"http:\/\/blogdalucianaoliveira.com.br\/blog\/wp-json\/wp\/v2\/tags?post=26162"}],"curies":[{"name":"wp","href":"https:\/\/api.w.org\/{rel}","templated":true}]}}