{"id":26171,"date":"2020-01-23T17:59:01","date_gmt":"2020-01-23T21:59:01","guid":{"rendered":"http:\/\/blogdalucianaoliveira.com.br\/blog\/?p=26171"},"modified":"2020-01-23T18:07:15","modified_gmt":"2020-01-23T22:07:15","slug":"bloco-pirarucu-do-madeira-amplia-desfile","status":"publish","type":"post","link":"http:\/\/blogdalucianaoliveira.com.br\/blog\/2020\/01\/23\/bloco-pirarucu-do-madeira-amplia-desfile\/","title":{"rendered":"Bloco Pirarucu do Madeira amplia desfile"},"content":{"rendered":"\n<figure class=\"wp-block-image\"><img decoding=\"async\" src=\"https:\/\/scontent.fbsb12-1.fna.fbcdn.net\/v\/t1.0-9\/s960x960\/83494692_2476701419106099_2556607294720704512_o.jpg?_nc_cat=103&amp;_nc_ohc=5QU3MBUzmAgAX_AT-FW&amp;_nc_ht=scontent.fbsb12-1.fna&amp;_nc_tp=1002&amp;oh=6f1269dd1b74a33e6541d1abd965fa73&amp;oe=5ECDD28F\" alt=\"Nenhuma descri\u00e7\u00e3o de foto dispon\u00edvel.\"\/><\/figure>\n\n\n\n<p>A pedido dos foli\u00f5es ser\u00e3o mais duas quadras no percurso que come\u00e7a onde as avenidas Pinheiro Machado e Rog\u00e9rio Weber se encontram, no centro da capital.<\/p>\n\n\n\n<p>O bloco agora far\u00e1 retorno na rua Joaquim Nabuco, com uma\nparada em frente a Taba do Cacique, onde nasceu h\u00e1 27 anos.<\/p>\n\n\n\n<!--more-->\n\n\n\n<p>\u201cH\u00e1 muito tempo os foli\u00f5es pediam mais. Vamos aproveitar para homenagear um grande amigo, Carm\u00eanio Barroso, propriet\u00e1rio de um estabelecimento hist\u00f3rico onde foi feito o lan\u00e7amento do bloco\u201d, explica o presidente Ernande Segismundo.<\/p>\n\n\n\n<p>Veja o percurso:<\/p>\n\n\n\n<figure class=\"wp-block-image size-large\"><img loading=\"lazy\" decoding=\"async\" width=\"1280\" height=\"923\" data-attachment-id=\"26173\" data-permalink=\"http:\/\/blogdalucianaoliveira.com.br\/blog\/2020\/01\/23\/bloco-pirarucu-do-madeira-amplia-desfile\/0d41ac23-9fd8-4367-a95d-862b06f21e70\/\" data-orig-file=\"https:\/\/i0.wp.com\/blogdalucianaoliveira.com.br\/blog\/wp-content\/uploads\/2020\/01\/0D41AC23-9FD8-4367-A95D-862B06F21E70.jpeg?fit=1280%2C923\" data-orig-size=\"1280,923\" data-comments-opened=\"0\" data-image-meta=\"{&quot;aperture&quot;:&quot;0&quot;,&quot;credit&quot;:&quot;&quot;,&quot;camera&quot;:&quot;&quot;,&quot;caption&quot;:&quot;&quot;,&quot;created_timestamp&quot;:&quot;0&quot;,&quot;copyright&quot;:&quot;&quot;,&quot;focal_length&quot;:&quot;0&quot;,&quot;iso&quot;:&quot;0&quot;,&quot;shutter_speed&quot;:&quot;0&quot;,&quot;title&quot;:&quot;&quot;,&quot;orientation&quot;:&quot;0&quot;}\" data-image-title=\"0D41AC23-9FD8-4367-A95D-862B06F21E70\" data-image-description=\"\" data-image-caption=\"\" data-medium-file=\"https:\/\/i0.wp.com\/blogdalucianaoliveira.com.br\/blog\/wp-content\/uploads\/2020\/01\/0D41AC23-9FD8-4367-A95D-862B06F21E70.jpeg?fit=300%2C216\" data-large-file=\"https:\/\/i0.wp.com\/blogdalucianaoliveira.com.br\/blog\/wp-content\/uploads\/2020\/01\/0D41AC23-9FD8-4367-A95D-862B06F21E70.jpeg?fit=600%2C432\" src=\"https:\/\/i2.wp.com\/blogdalucianaoliveira.com.br\/blog\/wp-content\/uploads\/2020\/01\/0D41AC23-9FD8-4367-A95D-862B06F21E70.jpeg?fit=600%2C432\" alt=\"\" class=\"wp-image-26173\" srcset=\"https:\/\/i0.wp.com\/blogdalucianaoliveira.com.br\/blog\/wp-content\/uploads\/2020\/01\/0D41AC23-9FD8-4367-A95D-862B06F21E70.jpeg?w=1280 1280w, https:\/\/i0.wp.com\/blogdalucianaoliveira.com.br\/blog\/wp-content\/uploads\/2020\/01\/0D41AC23-9FD8-4367-A95D-862B06F21E70.jpeg?resize=300%2C216 300w, https:\/\/i0.wp.com\/blogdalucianaoliveira.com.br\/blog\/wp-content\/uploads\/2020\/01\/0D41AC23-9FD8-4367-A95D-862B06F21E70.jpeg?resize=1024%2C738 1024w, https:\/\/i0.wp.com\/blogdalucianaoliveira.com.br\/blog\/wp-content\/uploads\/2020\/01\/0D41AC23-9FD8-4367-A95D-862B06F21E70.jpeg?resize=768%2C554 768w, https:\/\/i0.wp.com\/blogdalucianaoliveira.com.br\/blog\/wp-content\/uploads\/2020\/01\/0D41AC23-9FD8-4367-A95D-862B06F21E70.jpeg?resize=416%2C300 416w, https:\/\/i0.wp.com\/blogdalucianaoliveira.com.br\/blog\/wp-content\/uploads\/2020\/01\/0D41AC23-9FD8-4367-A95D-862B06F21E70.jpeg?w=1200 1200w\" sizes=\"auto, (max-width: 600px) 100vw, 600px\" \/><\/figure>\n\n\n\n<p>N\u00e3o \u00e9 s\u00f3 essa a novidade no desfile do Pirarucu do Madeira.\nA folia que vai exaltar a cultura ind\u00edgena ter\u00e1 participa\u00e7\u00e3o da banda Quilomboclada\nna abertura.<\/p>\n\n\n\n<p>Os foli\u00f5es tamb\u00e9m podem esperar novos bonecos gigantes e um\npirarucu com 10 metros.<\/p>\n\n\n\n<p>\u201cSer\u00e3o criaturas imagin\u00e1rias das nossas florestas e o rei das \u00e1guas amaz\u00f4nicas vai frevar junto com o povo\u201d, adianta Segismundo.<\/p>\n\n\n\n<figure class=\"wp-block-image\"><img decoding=\"async\" src=\"https:\/\/apis.mail.yahoo.com\/ws\/v3\/mailboxes\/@.id==VjN-03q5a2ZhHLPLNbF6kKDpWLnmFcZkcTeMBIEyGe9xCvV2Yfw9N5DjF7ROE9zWzQHLGlaNosrWpuBHmOD6eMSoog\/messages\/@.id==ADRjIvcWoR4TXioYqAF3AOeLTHw\/content\/parts\/@.id==2\/thumbnail?appId=YMailNorrin&amp;downloadWhenThumbnailFails=true&amp;pid=2\" alt=\"\"\/><\/figure>\n\n\n\n<p>Sem cordas e venda de camisetas, o bloco estimula o uso de fantasias e a participa\u00e7\u00e3o de todos com paz e alegria.<\/p>\n\n\n\n<p><\/p>\n\n\n\n<p><\/p>\n","protected":false},"excerpt":{"rendered":"<p>A pedido dos foli\u00f5es ser\u00e3o mais duas quadras no percurso que come\u00e7a onde as avenidas Pinheiro Machado e Rog\u00e9rio Weber se encontram, no centro da capital. O bloco agora far\u00e1 retorno na rua Joaquim Nabuco, com uma parada em frente a Taba do Cacique, onde nasceu h\u00e1 27 anos.<\/p>\n","protected":false},"author":1,"featured_media":0,"comment_status":"closed","ping_status":"open","sticky":false,"template":"","format":"standard","meta":{"_exactmetrics_skip_tracking":false,"_exactmetrics_sitenote_active":false,"_exactmetrics_sitenote_note":"","_exactmetrics_sitenote_category":0,"jetpack_post_was_ever_published":false,"_jetpack_newsletter_access":"","_jetpack_dont_email_post_to_subs":false,"_jetpack_newsletter_tier_id":0,"_jetpack_memberships_contains_paywalled_content":false,"_jetpack_memberships_contains_paid_content":false,"footnotes":"","jetpack_publicize_message":"","jetpack_publicize_feature_enabled":true,"jetpack_social_post_already_shared":true,"jetpack_social_options":{"image_generator_settings":{"template":"highway","enabled":false},"version":2}},"categories":[1],"tags":[],"class_list":["post-26171","post","type-post","status-publish","format-standard","hentry","category-notas"],"jetpack_publicize_connections":[],"jetpack_sharing_enabled":true,"jetpack_featured_media_url":"","jetpack_shortlink":"https:\/\/wp.me\/p7wKYW-6O7","jetpack-related-posts":[],"_links":{"self":[{"href":"http:\/\/blogdalucianaoliveira.com.br\/blog\/wp-json\/wp\/v2\/posts\/26171","targetHints":{"allow":["GET"]}}],"collection":[{"href":"http:\/\/blogdalucianaoliveira.com.br\/blog\/wp-json\/wp\/v2\/posts"}],"about":[{"href":"http:\/\/blogdalucianaoliveira.com.br\/blog\/wp-json\/wp\/v2\/types\/post"}],"author":[{"embeddable":true,"href":"http:\/\/blogdalucianaoliveira.com.br\/blog\/wp-json\/wp\/v2\/users\/1"}],"replies":[{"embeddable":true,"href":"http:\/\/blogdalucianaoliveira.com.br\/blog\/wp-json\/wp\/v2\/comments?post=26171"}],"version-history":[{"count":5,"href":"http:\/\/blogdalucianaoliveira.com.br\/blog\/wp-json\/wp\/v2\/posts\/26171\/revisions"}],"predecessor-version":[{"id":26179,"href":"http:\/\/blogdalucianaoliveira.com.br\/blog\/wp-json\/wp\/v2\/posts\/26171\/revisions\/26179"}],"wp:attachment":[{"href":"http:\/\/blogdalucianaoliveira.com.br\/blog\/wp-json\/wp\/v2\/media?parent=26171"}],"wp:term":[{"taxonomy":"category","embeddable":true,"href":"http:\/\/blogdalucianaoliveira.com.br\/blog\/wp-json\/wp\/v2\/categories?post=26171"},{"taxonomy":"post_tag","embeddable":true,"href":"http:\/\/blogdalucianaoliveira.com.br\/blog\/wp-json\/wp\/v2\/tags?post=26171"}],"curies":[{"name":"wp","href":"https:\/\/api.w.org\/{rel}","templated":true}]}}