{"id":26181,"date":"2020-01-24T09:00:23","date_gmt":"2020-01-24T13:00:23","guid":{"rendered":"http:\/\/blogdalucianaoliveira.com.br\/blog\/?p=26181"},"modified":"2020-01-24T09:00:29","modified_gmt":"2020-01-24T13:00:29","slug":"degradacao-ambiental-no-brasil-vira-motivo-de-preocupacao-mundial","status":"publish","type":"post","link":"http:\/\/blogdalucianaoliveira.com.br\/blog\/2020\/01\/24\/degradacao-ambiental-no-brasil-vira-motivo-de-preocupacao-mundial\/","title":{"rendered":"Degrada\u00e7\u00e3o ambiental no Brasil vira motivo de preocupa\u00e7\u00e3o mundial"},"content":{"rendered":"\n<figure class=\"wp-block-image size-large\"><img data-recalc-dims=\"1\" loading=\"lazy\" decoding=\"async\" width=\"600\" height=\"360\" data-attachment-id=\"26182\" data-permalink=\"http:\/\/blogdalucianaoliveira.com.br\/blog\/2020\/01\/24\/degradacao-ambiental-no-brasil-vira-motivo-de-preocupacao-mundial\/image-6-4\/\" data-orig-file=\"https:\/\/i0.wp.com\/blogdalucianaoliveira.com.br\/blog\/wp-content\/uploads\/2020\/01\/image-6.png?fit=768%2C461\" data-orig-size=\"768,461\" data-comments-opened=\"0\" data-image-meta=\"{&quot;aperture&quot;:&quot;0&quot;,&quot;credit&quot;:&quot;&quot;,&quot;camera&quot;:&quot;&quot;,&quot;caption&quot;:&quot;&quot;,&quot;created_timestamp&quot;:&quot;0&quot;,&quot;copyright&quot;:&quot;&quot;,&quot;focal_length&quot;:&quot;0&quot;,&quot;iso&quot;:&quot;0&quot;,&quot;shutter_speed&quot;:&quot;0&quot;,&quot;title&quot;:&quot;&quot;,&quot;orientation&quot;:&quot;0&quot;}\" data-image-title=\"image-6\" data-image-description=\"\" data-image-caption=\"\" data-medium-file=\"https:\/\/i0.wp.com\/blogdalucianaoliveira.com.br\/blog\/wp-content\/uploads\/2020\/01\/image-6.png?fit=300%2C180\" data-large-file=\"https:\/\/i0.wp.com\/blogdalucianaoliveira.com.br\/blog\/wp-content\/uploads\/2020\/01\/image-6.png?fit=600%2C360\" src=\"https:\/\/i0.wp.com\/blogdalucianaoliveira.com.br\/blog\/wp-content\/uploads\/2020\/01\/image-6.png?resize=600%2C360\" alt=\"\" class=\"wp-image-26182\" srcset=\"https:\/\/i0.wp.com\/blogdalucianaoliveira.com.br\/blog\/wp-content\/uploads\/2020\/01\/image-6.png?w=768 768w, https:\/\/i0.wp.com\/blogdalucianaoliveira.com.br\/blog\/wp-content\/uploads\/2020\/01\/image-6.png?resize=300%2C180 300w, https:\/\/i0.wp.com\/blogdalucianaoliveira.com.br\/blog\/wp-content\/uploads\/2020\/01\/image-6.png?resize=500%2C300 500w\" sizes=\"auto, (max-width: 600px) 100vw, 600px\" \/><\/figure>\n\n\n\n<h4 class=\"wp-block-heading\"><br>Diante da crise clim\u00e1tica e social, n\u00e3o vamos permitir que Bolsonaro e o atraso civilizacional impe\u00e7am nosso desenvolvimento sustent\u00e1vel<\/h4>\n\n\n\n<!--more-->\n\n\n\n<p>Na Carta Capital <\/p>\n\n\n\n<p>O desmonte da governan\u00e7a ambiental no Brasil ultrapassou as nossas fronteiras e se transformou em motivo de preocupa\u00e7\u00e3o mundial, refor\u00e7ada especialmente ap\u00f3s manifesta\u00e7\u00f5es oficiais do governo brasileiro em f\u00f3runs internacionais. As declara\u00e7\u00f5es em Davos do ministro da economia, Paulo Guedes, criminalizando a pobreza e culpando a popula\u00e7\u00e3o miser\u00e1vel pela degrada\u00e7\u00e3o ambiental acelerada verificada no governo Bolsonaro \u00e9 um bom exemplo.<\/p>\n\n\n\n<p>Durante a nossa passagem pela Confer\u00eancia das Na\u00e7\u00f5es Unidas sobre as Mudan\u00e7as Clim\u00e1ticas percebemos a diminui\u00e7\u00e3o do protagonismo brasileiro nas discuss\u00f5es sobre o tema. Pela primeira vez, nossos negociadores foram respons\u00e1veis por travar as negocia\u00e7\u00f5es e n\u00e3o participaram da reda\u00e7\u00e3o do documento final da COP.<\/p>\n\n\n\n<p>Agora foi a vez da Human Rights Watch (HRW), ONG internacional dedicada \u00e0 pesquisa e ao acompanhamento de pol\u00edticas p\u00fablicas voltadas \u00e0 tem\u00e1tica dos direitos humanos com presen\u00e7a global, apontar os retrocessos ambientais implementados por Bolsonaro. Em sua 30\u00aa edi\u00e7\u00e3o do Relat\u00f3rio Mundial da organiza\u00e7\u00e3o, quase dez p\u00e1ginas s\u00e3o dedicadas a examinar o desmonte da governan\u00e7a ambiental no Brasil e as consequ\u00eancias desta agenda governamental.<\/p>\n\n\n\n<p>O governo Bolsonaro deu \u201ccarta branca\u201d para o desmatamento, especialmente na Amaz\u00f4nia. O relat\u00f3rio afirma que os inc\u00eandios que arderam na floresta foram incentivados pelo governo devido ao afrouxamento na fiscaliza\u00e7\u00e3o de crimes ambientais e anistia para desmatadores. Isso criou um ambiente de impunidade estimulando criminosos ambientais a aumentarem a devasta\u00e7\u00e3o na floresta amaz\u00f4nica.<\/p>\n\n\n\n<p>Dados do Instituto Nacional de Pesquisas Espaciais (Inpe) mostram que o desmatamento em 2019 aumentou 85% frente aos \u00edndices de 2018. Em um ano, o governo praticamente dobrou a devasta\u00e7\u00e3o na regi\u00e3o.<\/p>\n\n\n\n<p>O cen\u00e1rio de destrui\u00e7\u00e3o planejado pelo governo Bolsonaro ainda n\u00e3o est\u00e1 completo. Espera-se para breve a apresenta\u00e7\u00e3o de um PL do Poder Executivo abrindo terras ind\u00edgenas e \u00e1reas de preserva\u00e7\u00e3o ambiental para explora\u00e7\u00e3o de min\u00e9rios e petr\u00f3leo sem um estudo aprofundado das especificidades biol\u00f3gicas e humanas das \u00e1reas escolhidas. Um absurdo completo que s\u00f3 poderia prosperar em um governo como o atual.<\/p>\n\n\n\n<p>A sociedade civil e o parlamento n\u00e3o assistir\u00e3o im\u00f3veis \u00e0 destrui\u00e7\u00e3o da governan\u00e7a ambiental pela necropol\u00edtica bolsonarista. N\u00f3s protocolamos junto ao Supremo Tribunal Federal pedido de impeachment do ministro Ricardo Salles por crime de responsabilidade na condu\u00e7\u00e3o da pasta, bem como pela omiss\u00e3o do governo brasileiro em desastres como os inc\u00eandios que assolaram a Amaz\u00f4nia e o petr\u00f3leo que contaminou o litoral nordestino.<\/p>\n\n\n\n<p>O Brasil pode ser o l\u00edder da transi\u00e7\u00e3o ecol\u00f3gica e de uma moderna economia sustent\u00e1vel. Diante da crise clim\u00e1tica e social, n\u00e3o vamos permitir que Bolsonaro e o atraso civilizacional impe\u00e7am nosso desenvolvimento sustent\u00e1vel, \u00fanico caminho capaz de promover o crescimento econ\u00f4mico com respeito \u00e0 natureza e dignidade humana.<\/p>\n","protected":false},"excerpt":{"rendered":"<p>Diante da crise clim\u00e1tica e social, n\u00e3o vamos permitir que Bolsonaro e o atraso civilizacional impe\u00e7am nosso desenvolvimento sustent\u00e1vel<\/p>\n","protected":false},"author":1,"featured_media":0,"comment_status":"closed","ping_status":"open","sticky":false,"template":"","format":"standard","meta":{"_exactmetrics_skip_tracking":false,"_exactmetrics_sitenote_active":false,"_exactmetrics_sitenote_note":"","_exactmetrics_sitenote_category":0,"jetpack_post_was_ever_published":false,"_jetpack_newsletter_access":"","_jetpack_dont_email_post_to_subs":false,"_jetpack_newsletter_tier_id":0,"_jetpack_memberships_contains_paywalled_content":false,"_jetpack_memberships_contains_paid_content":false,"footnotes":"","jetpack_publicize_message":"","jetpack_publicize_feature_enabled":true,"jetpack_social_post_already_shared":true,"jetpack_social_options":{"image_generator_settings":{"template":"highway","enabled":false},"version":2}},"categories":[1],"tags":[],"class_list":["post-26181","post","type-post","status-publish","format-standard","hentry","category-notas"],"jetpack_publicize_connections":[],"jetpack_sharing_enabled":true,"jetpack_featured_media_url":"","jetpack_shortlink":"https:\/\/wp.me\/p7wKYW-6Oh","jetpack-related-posts":[],"_links":{"self":[{"href":"http:\/\/blogdalucianaoliveira.com.br\/blog\/wp-json\/wp\/v2\/posts\/26181","targetHints":{"allow":["GET"]}}],"collection":[{"href":"http:\/\/blogdalucianaoliveira.com.br\/blog\/wp-json\/wp\/v2\/posts"}],"about":[{"href":"http:\/\/blogdalucianaoliveira.com.br\/blog\/wp-json\/wp\/v2\/types\/post"}],"author":[{"embeddable":true,"href":"http:\/\/blogdalucianaoliveira.com.br\/blog\/wp-json\/wp\/v2\/users\/1"}],"replies":[{"embeddable":true,"href":"http:\/\/blogdalucianaoliveira.com.br\/blog\/wp-json\/wp\/v2\/comments?post=26181"}],"version-history":[{"count":1,"href":"http:\/\/blogdalucianaoliveira.com.br\/blog\/wp-json\/wp\/v2\/posts\/26181\/revisions"}],"predecessor-version":[{"id":26183,"href":"http:\/\/blogdalucianaoliveira.com.br\/blog\/wp-json\/wp\/v2\/posts\/26181\/revisions\/26183"}],"wp:attachment":[{"href":"http:\/\/blogdalucianaoliveira.com.br\/blog\/wp-json\/wp\/v2\/media?parent=26181"}],"wp:term":[{"taxonomy":"category","embeddable":true,"href":"http:\/\/blogdalucianaoliveira.com.br\/blog\/wp-json\/wp\/v2\/categories?post=26181"},{"taxonomy":"post_tag","embeddable":true,"href":"http:\/\/blogdalucianaoliveira.com.br\/blog\/wp-json\/wp\/v2\/tags?post=26181"}],"curies":[{"name":"wp","href":"https:\/\/api.w.org\/{rel}","templated":true}]}}