{"id":26184,"date":"2020-01-24T09:43:31","date_gmt":"2020-01-24T13:43:31","guid":{"rendered":"http:\/\/blogdalucianaoliveira.com.br\/blog\/?p=26184"},"modified":"2020-01-24T09:43:42","modified_gmt":"2020-01-24T13:43:42","slug":"associacao-indigena-vai-processar-bolsonaro-por-racismo","status":"publish","type":"post","link":"http:\/\/blogdalucianaoliveira.com.br\/blog\/2020\/01\/24\/associacao-indigena-vai-processar-bolsonaro-por-racismo\/","title":{"rendered":"Associa\u00e7\u00e3o ind\u00edgena vai processar Bolsonaro por racismo"},"content":{"rendered":"\n<figure class=\"wp-block-image size-large\"><img data-recalc-dims=\"1\" loading=\"lazy\" decoding=\"async\" width=\"600\" height=\"400\" data-attachment-id=\"26185\" data-permalink=\"http:\/\/blogdalucianaoliveira.com.br\/blog\/2020\/01\/24\/associacao-indigena-vai-processar-bolsonaro-por-racismo\/image-70-2\/\" data-orig-file=\"https:\/\/i0.wp.com\/blogdalucianaoliveira.com.br\/blog\/wp-content\/uploads\/2020\/01\/image-70.jpeg?fit=678%2C452\" data-orig-size=\"678,452\" data-comments-opened=\"0\" data-image-meta=\"{&quot;aperture&quot;:&quot;0&quot;,&quot;credit&quot;:&quot;&quot;,&quot;camera&quot;:&quot;&quot;,&quot;caption&quot;:&quot;&quot;,&quot;created_timestamp&quot;:&quot;0&quot;,&quot;copyright&quot;:&quot;&quot;,&quot;focal_length&quot;:&quot;0&quot;,&quot;iso&quot;:&quot;0&quot;,&quot;shutter_speed&quot;:&quot;0&quot;,&quot;title&quot;:&quot;&quot;,&quot;orientation&quot;:&quot;0&quot;}\" data-image-title=\"image-70\" data-image-description=\"\" data-image-caption=\"\" data-medium-file=\"https:\/\/i0.wp.com\/blogdalucianaoliveira.com.br\/blog\/wp-content\/uploads\/2020\/01\/image-70.jpeg?fit=300%2C200\" data-large-file=\"https:\/\/i0.wp.com\/blogdalucianaoliveira.com.br\/blog\/wp-content\/uploads\/2020\/01\/image-70.jpeg?fit=600%2C400\" src=\"https:\/\/i0.wp.com\/blogdalucianaoliveira.com.br\/blog\/wp-content\/uploads\/2020\/01\/image-70.jpeg?resize=600%2C400\" alt=\"\" class=\"wp-image-26185\" srcset=\"https:\/\/i0.wp.com\/blogdalucianaoliveira.com.br\/blog\/wp-content\/uploads\/2020\/01\/image-70.jpeg?w=678 678w, https:\/\/i0.wp.com\/blogdalucianaoliveira.com.br\/blog\/wp-content\/uploads\/2020\/01\/image-70.jpeg?resize=300%2C200 300w, https:\/\/i0.wp.com\/blogdalucianaoliveira.com.br\/blog\/wp-content\/uploads\/2020\/01\/image-70.jpeg?resize=450%2C300 450w\" sizes=\"auto, (max-width: 600px) 100vw, 600px\" \/><\/figure>\n\n\n\n<p>A l\u00edder ind\u00edgena S\u00f4nia Guajajara, coordenadora executiva da Articula\u00e7\u00e3o dos Povos Ind\u00edgenas do Brasil (Apib), afirmou nesta quinta-feira (23) que vai \u00e0 Justi\u00e7a contra o presidente Jair Bolsonaro (sem partido) pelo crime de racismo.<\/p>\n\n\n\n<!--more Leia mais-->\n\n\n\n<p>Congresso Em Foco<\/p>\n\n\n\n<p><br>A decis\u00e3o foi tomada ap\u00f3s o militar afirmar ontem, durante live sobre o Conselho da Amaz\u00f4nia, que o \u201c<a href=\"https:\/\/congressoemfoco.uol.com.br\/governo\/indio-ta-evoluindo-cada-vez-e-mais-ser-humano-igual-a-nos-diz-bolsonaro\/amp\/\"><strong>\u00edndio est\u00e1 evoluindo<\/strong><\/a>\u201d e que \u201ccada vez mais \u00e9 um ser humano igual n\u00f3s\u201d.<\/p>\n\n\n\n<p>\u201cN\u00f3s, povos ind\u00edgenas, origin\u00e1rios desta terra, exigimos respeito! Bolsonaro mais uma vez rasga a Constitui\u00e7\u00e3o ao negar nossa exist\u00eancia enquanto seres humanos. \u00c9 preciso dar um basta \u00e0 esse perverso!\u201c, disse Guajajara no Twitter.<\/p>\n\n\n\n<blockquote class=\"wp-block-quote is-layout-flow wp-block-quote-is-layout-flow\"><p>A&nbsp;<a href=\"https:\/\/twitter.com\/ApibOficial?ref_src=twsrc%5Etfw\">@apiboficial<\/a>&nbsp;entrar\u00e1 na justi\u00e7a contra Jair Bolsonaro por crime de racismo. N\u00f3s, povos ind\u00edgenas, origin\u00e1rios desta terra, exigimos respeito! Bolsonaro mais uma vez rasga a Constitui\u00e7\u00e3o ao negar nossa exist\u00eancia enquanto seres humanos. \u00c9 preciso dar um basta \u00e0 esse perverso!<\/p><p>\u2014 Sonia Guajajara (@GuajajaraSonia)&nbsp;<a href=\"https:\/\/twitter.com\/GuajajaraSonia\/status\/1220534430441377798?ref_src=twsrc%5Etfw\">January 24, 2020<\/a><\/p><\/blockquote>\n\n\n\n<p>A fala de Bolsonaro provocou coment\u00e1rios tamb\u00e9m de parlamentares da oposi\u00e7\u00e3o. A deputada S\u00e2mia Bonfim (Psol-SP), por exemplo, chamou o militar de \u201cfascista ignorante e nojento\u201c.<\/p>\n\n\n\n<blockquote class=\"wp-block-quote is-layout-flow wp-block-quote-is-layout-flow\"><p>Esse homem um dia vai pagar pelo mal que faz ao pa\u00eds. Fascista ignorante e nojento.<a href=\"https:\/\/t.co\/5kWTX506Qz\">https:\/\/t.co\/5kWTX506Qz<\/a><\/p><p>\u2014 S\u00e2mia Bomfim (@samiabomfim)&nbsp;<a href=\"https:\/\/twitter.com\/samiabomfim\/status\/1220491600930975746?ref_src=twsrc%5Etfw\">January 23, 2020<\/a><\/p><\/blockquote>\n\n\n\n<p>J\u00e1 o senador Fabiano Contarato (Rede-ES), afirmou que a fala de Bolsonaro foi racista e que ele n\u00e3o respeita as tradi\u00e7\u00f5es ind\u00edgenas, al\u00e9m de estimular a invas\u00e3o em suas terras. \u201cO que mais falta ele falar ou fazer? Temos de rejeitar, veementemente, essas agress\u00f5es!\u201d, completou.<\/p>\n\n\n\n<blockquote class=\"wp-block-quote is-layout-flow wp-block-quote-is-layout-flow\"><p>1. Preconceituoso, racista e inaceit\u00e1vel este coment\u00e1rio do Presidente! Ele n\u00e3o respeita os ind\u00edgenas e as suas tradi\u00e7\u00f5es! Estimula a invas\u00e3o de suas terras! O que mais falta ele falar ou fazer? Temos de rejeitar, veementemente, essas agress\u00f5es!<a href=\"https:\/\/t.co\/BL9vGEL9l6\">https:\/\/t.co\/BL9vGEL9l6<\/a><\/p><p>\u2014 Fabiano Contarato (@ContaratoSenado)&nbsp;<a href=\"https:\/\/twitter.com\/ContaratoSenado\/status\/1220524559587254274?ref_src=twsrc%5Etfw\">January 24, 2020<\/a><\/p><\/blockquote>\n","protected":false},"excerpt":{"rendered":"<p>A l\u00edder ind\u00edgena S\u00f4nia Guajajara, coordenadora executiva da Articula\u00e7\u00e3o dos Povos Ind\u00edgenas do Brasil (Apib), afirmou nesta quinta-feira (23) que vai \u00e0 Justi\u00e7a contra o presidente Jair Bolsonaro (sem partido) pelo crime de racismo.<\/p>\n","protected":false},"author":1,"featured_media":0,"comment_status":"closed","ping_status":"open","sticky":false,"template":"","format":"standard","meta":{"_exactmetrics_skip_tracking":false,"_exactmetrics_sitenote_active":false,"_exactmetrics_sitenote_note":"","_exactmetrics_sitenote_category":0,"jetpack_post_was_ever_published":false,"_jetpack_newsletter_access":"","_jetpack_dont_email_post_to_subs":false,"_jetpack_newsletter_tier_id":0,"_jetpack_memberships_contains_paywalled_content":false,"_jetpack_memberships_contains_paid_content":false,"footnotes":"","jetpack_publicize_message":"","jetpack_publicize_feature_enabled":true,"jetpack_social_post_already_shared":true,"jetpack_social_options":{"image_generator_settings":{"template":"highway","enabled":false},"version":2}},"categories":[1],"tags":[],"class_list":["post-26184","post","type-post","status-publish","format-standard","hentry","category-notas"],"jetpack_publicize_connections":[],"jetpack_sharing_enabled":true,"jetpack_featured_media_url":"","jetpack_shortlink":"https:\/\/wp.me\/p7wKYW-6Ok","jetpack-related-posts":[],"_links":{"self":[{"href":"http:\/\/blogdalucianaoliveira.com.br\/blog\/wp-json\/wp\/v2\/posts\/26184","targetHints":{"allow":["GET"]}}],"collection":[{"href":"http:\/\/blogdalucianaoliveira.com.br\/blog\/wp-json\/wp\/v2\/posts"}],"about":[{"href":"http:\/\/blogdalucianaoliveira.com.br\/blog\/wp-json\/wp\/v2\/types\/post"}],"author":[{"embeddable":true,"href":"http:\/\/blogdalucianaoliveira.com.br\/blog\/wp-json\/wp\/v2\/users\/1"}],"replies":[{"embeddable":true,"href":"http:\/\/blogdalucianaoliveira.com.br\/blog\/wp-json\/wp\/v2\/comments?post=26184"}],"version-history":[{"count":1,"href":"http:\/\/blogdalucianaoliveira.com.br\/blog\/wp-json\/wp\/v2\/posts\/26184\/revisions"}],"predecessor-version":[{"id":26186,"href":"http:\/\/blogdalucianaoliveira.com.br\/blog\/wp-json\/wp\/v2\/posts\/26184\/revisions\/26186"}],"wp:attachment":[{"href":"http:\/\/blogdalucianaoliveira.com.br\/blog\/wp-json\/wp\/v2\/media?parent=26184"}],"wp:term":[{"taxonomy":"category","embeddable":true,"href":"http:\/\/blogdalucianaoliveira.com.br\/blog\/wp-json\/wp\/v2\/categories?post=26184"},{"taxonomy":"post_tag","embeddable":true,"href":"http:\/\/blogdalucianaoliveira.com.br\/blog\/wp-json\/wp\/v2\/tags?post=26184"}],"curies":[{"name":"wp","href":"https:\/\/api.w.org\/{rel}","templated":true}]}}