{"id":26188,"date":"2020-01-24T15:49:40","date_gmt":"2020-01-24T19:49:40","guid":{"rendered":"http:\/\/blogdalucianaoliveira.com.br\/blog\/?p=26188"},"modified":"2020-01-24T15:49:47","modified_gmt":"2020-01-24T19:49:47","slug":"recorte-da-brutal-concentracao-de-renda-no-pais","status":"publish","type":"post","link":"http:\/\/blogdalucianaoliveira.com.br\/blog\/2020\/01\/24\/recorte-da-brutal-concentracao-de-renda-no-pais\/","title":{"rendered":"Recorte da brutal concentra\u00e7\u00e3o de renda no Pa\u00eds"},"content":{"rendered":"\n<figure class=\"wp-block-image size-large\"><img data-recalc-dims=\"1\" loading=\"lazy\" decoding=\"async\" width=\"320\" height=\"213\" data-attachment-id=\"26189\" data-permalink=\"http:\/\/blogdalucianaoliveira.com.br\/blog\/2020\/01\/24\/recorte-da-brutal-concentracao-de-renda-no-pais\/image-71-2\/\" data-orig-file=\"https:\/\/i0.wp.com\/blogdalucianaoliveira.com.br\/blog\/wp-content\/uploads\/2020\/01\/image-71.jpeg?fit=320%2C213\" data-orig-size=\"320,213\" data-comments-opened=\"0\" data-image-meta=\"{&quot;aperture&quot;:&quot;0&quot;,&quot;credit&quot;:&quot;&quot;,&quot;camera&quot;:&quot;&quot;,&quot;caption&quot;:&quot;&quot;,&quot;created_timestamp&quot;:&quot;0&quot;,&quot;copyright&quot;:&quot;&quot;,&quot;focal_length&quot;:&quot;0&quot;,&quot;iso&quot;:&quot;0&quot;,&quot;shutter_speed&quot;:&quot;0&quot;,&quot;title&quot;:&quot;&quot;,&quot;orientation&quot;:&quot;0&quot;}\" data-image-title=\"image-71\" data-image-description=\"\" data-image-caption=\"\" data-medium-file=\"https:\/\/i0.wp.com\/blogdalucianaoliveira.com.br\/blog\/wp-content\/uploads\/2020\/01\/image-71.jpeg?fit=300%2C200\" data-large-file=\"https:\/\/i0.wp.com\/blogdalucianaoliveira.com.br\/blog\/wp-content\/uploads\/2020\/01\/image-71.jpeg?fit=320%2C213\" src=\"https:\/\/i0.wp.com\/blogdalucianaoliveira.com.br\/blog\/wp-content\/uploads\/2020\/01\/image-71.jpeg?resize=320%2C213\" alt=\"\" class=\"wp-image-26189\" srcset=\"https:\/\/i0.wp.com\/blogdalucianaoliveira.com.br\/blog\/wp-content\/uploads\/2020\/01\/image-71.jpeg?w=320 320w, https:\/\/i0.wp.com\/blogdalucianaoliveira.com.br\/blog\/wp-content\/uploads\/2020\/01\/image-71.jpeg?resize=300%2C200 300w\" sizes=\"auto, (max-width: 320px) 100vw, 320px\" \/><\/figure>\n\n\n\n<p>Bilion\u00e1rios do Brasil crescem com a crise<\/p>\n\n\n\n<!--more-->\n\n\n\n<p><br>S\u00e9rgio Fontenele<\/p>\n\n\n\n<p>Na Pensar Piau\u00ed <\/p>\n\n\n\n<p><br>Enquanto o Pa\u00eds afunda num quadro de estagna\u00e7\u00e3o ou recess\u00e3o econ\u00f4mica, devendo ter crescido menos de 1% em rela\u00e7\u00e3o ao Produto Interno Bruto (PIB), em 2019, com cerca de 13 milh\u00f5es de desempregados formais e outros 40 milh\u00f5es na informalidade, sem quaisquer direitos trabalhistas, h\u00e1 outro fen\u00f4meno em curso. O Brasil sempre foi profundamente desigual. Isso remonta o in\u00edcio da coloniza\u00e7\u00e3o, com a escraviza\u00e7\u00e3o dos \u00edndios, depois, dos negros, continuou com o advento da rep\u00fablica, iniciada com um golpe militar, e vai at\u00e9 os dias atuais.<\/p>\n\n\n\n<p>O processo em quest\u00e3o diz respeito ao aprofundamento da concentra\u00e7\u00e3o de renda e riqueza, que se intensificou a partir de 2012, e hoje chega a patamares insuport\u00e1veis \u00e0 sociedade brasileira, delineando um quadro ca\u00f3tico no qual a situa\u00e7\u00e3o social se agrava a cada dia e com maior velocidade e voracidade. Comentando a edi\u00e7\u00e3o especial da revista Forbes, uma publica\u00e7\u00e3o de luxo direcionada sobretudo aos mais ricos, o renomado economista carioca Eduardo Moreira chamou a aten\u00e7\u00e3o para algo alarmante.<\/p>\n\n\n\n<p>A revista trata do espantoso crescimento de bilion\u00e1rios brasileiros, que ultrapassou o contingente dos 200, ou seja, o Brasil hoje tem mais de 200 bilion\u00e1rios \u2013 e esse n\u00famero de privilegiados est\u00e1 crescendo. De acordo com a Forbes, em 2012, quando o tamanho da economia era maior do que o da economia nacional de hoje, 2020, os bilion\u00e1rios brasileiros eram bem menos numerosos. Para os mais ing\u00eanuos \u2013 muita gente supostamente esclarecida \u2013, isso \u00e9 um bom sinal, pois, se aumentam os bilion\u00e1rios, haveria uma expans\u00e3o econ\u00f4mica.<\/p>\n\n\n\n<p><strong>Recess\u00e3o econ\u00f4mica<\/strong><\/p>\n\n\n\n<p>Ocorre que \u00e9 exatamente o contr\u00e1rio. Os bilion\u00e1rios do Pa\u00eds est\u00e3o se multiplicando \u00e0 medida que a economia continua patinando num quadro de recess\u00e3o ou estagna\u00e7\u00e3o econ\u00f4mica. O PIB real, descontada a infla\u00e7\u00e3o do per\u00edodo, encolheu em oito anos, desde 2012, enquanto a atividade produtiva entrou em depress\u00e3o. Quando se observa a queda vertiginosa da ind\u00fastria \u2013 em especial, a constru\u00e7\u00e3o civil \u2013, do com\u00e9rcio e do setor de servi\u00e7os, etc., explicando melhor, a produ\u00e7\u00e3o de riqueza \u00e9 hoje menor do que a de oito anos atr\u00e1s.<\/p>\n\n\n\n<p>Ent\u00e3o, de onde vem esses bilion\u00e1rios, que se multiplicam como coelhos, se a economia est\u00e1 muito mal? Em 2012, eles acumulavam quase R$ 350 bilh\u00f5es, e hoje t\u00eam R$ 1,205 trilh\u00e3o. H\u00e1 oito anos, juntavam uma fortuna que equivalia a 7% do PIB, e atualmente, sua acumula\u00e7\u00e3o de dinheiro corresponde a 17%. Nenhum negro entre eles. De onde vem esse R$ 1,2 trilh\u00e3o? Vem do seu bolso, da explora\u00e7\u00e3o dos trabalhadores, empobrecendo a olhos vistos, cujo dinheiro \u00e9 em parte desviado para setores como os bancos e seus juros escorchantes.<\/p>\n\n\n\n<p>Estamos diante de uma d\u00e9cada perdida \u2013 a dos anos 10 do s\u00e9culo XXI \u2013, quando a economia brasileira em m\u00e9dia n\u00e3o cresceu, entrando numa das recess\u00f5es mais graves da hist\u00f3ria, em 2015 e 2016, e permanecendo praticamente no est\u00e1gio em que a recess\u00e3o deixou a economia nesse bi\u00eanio. De 2017 at\u00e9 hoje tivemos crescimento p\u00edfio. Por isso, os mais de 50 milh\u00f5es de desempregados \u2013 juntando aqueles com carteira assinada e os que est\u00e3o na informalidade, de aplicativo, por exemplo. Mas isso faz muito bem aos bilion\u00e1rios.<\/p>\n","protected":false},"excerpt":{"rendered":"<p>Bilion\u00e1rios do Brasil crescem com a crise<\/p>\n","protected":false},"author":1,"featured_media":0,"comment_status":"closed","ping_status":"open","sticky":false,"template":"","format":"standard","meta":{"_exactmetrics_skip_tracking":false,"_exactmetrics_sitenote_active":false,"_exactmetrics_sitenote_note":"","_exactmetrics_sitenote_category":0,"jetpack_post_was_ever_published":false,"_jetpack_newsletter_access":"","_jetpack_dont_email_post_to_subs":false,"_jetpack_newsletter_tier_id":0,"_jetpack_memberships_contains_paywalled_content":false,"_jetpack_memberships_contains_paid_content":false,"footnotes":"","jetpack_publicize_message":"","jetpack_publicize_feature_enabled":true,"jetpack_social_post_already_shared":true,"jetpack_social_options":{"image_generator_settings":{"template":"highway","enabled":false},"version":2}},"categories":[1],"tags":[],"class_list":["post-26188","post","type-post","status-publish","format-standard","hentry","category-notas"],"jetpack_publicize_connections":[],"jetpack_sharing_enabled":true,"jetpack_featured_media_url":"","jetpack_shortlink":"https:\/\/wp.me\/p7wKYW-6Oo","jetpack-related-posts":[],"_links":{"self":[{"href":"http:\/\/blogdalucianaoliveira.com.br\/blog\/wp-json\/wp\/v2\/posts\/26188","targetHints":{"allow":["GET"]}}],"collection":[{"href":"http:\/\/blogdalucianaoliveira.com.br\/blog\/wp-json\/wp\/v2\/posts"}],"about":[{"href":"http:\/\/blogdalucianaoliveira.com.br\/blog\/wp-json\/wp\/v2\/types\/post"}],"author":[{"embeddable":true,"href":"http:\/\/blogdalucianaoliveira.com.br\/blog\/wp-json\/wp\/v2\/users\/1"}],"replies":[{"embeddable":true,"href":"http:\/\/blogdalucianaoliveira.com.br\/blog\/wp-json\/wp\/v2\/comments?post=26188"}],"version-history":[{"count":1,"href":"http:\/\/blogdalucianaoliveira.com.br\/blog\/wp-json\/wp\/v2\/posts\/26188\/revisions"}],"predecessor-version":[{"id":26190,"href":"http:\/\/blogdalucianaoliveira.com.br\/blog\/wp-json\/wp\/v2\/posts\/26188\/revisions\/26190"}],"wp:attachment":[{"href":"http:\/\/blogdalucianaoliveira.com.br\/blog\/wp-json\/wp\/v2\/media?parent=26188"}],"wp:term":[{"taxonomy":"category","embeddable":true,"href":"http:\/\/blogdalucianaoliveira.com.br\/blog\/wp-json\/wp\/v2\/categories?post=26188"},{"taxonomy":"post_tag","embeddable":true,"href":"http:\/\/blogdalucianaoliveira.com.br\/blog\/wp-json\/wp\/v2\/tags?post=26188"}],"curies":[{"name":"wp","href":"https:\/\/api.w.org\/{rel}","templated":true}]}}