{"id":26191,"date":"2020-01-25T10:15:32","date_gmt":"2020-01-25T14:15:32","guid":{"rendered":"http:\/\/blogdalucianaoliveira.com.br\/blog\/?p=26191"},"modified":"2020-01-25T10:19:50","modified_gmt":"2020-01-25T14:19:50","slug":"divida-com-rouanet-nao-impede-regina-duarte-de-assumir-cultura-diz-advogado-da-atriz","status":"publish","type":"post","link":"http:\/\/blogdalucianaoliveira.com.br\/blog\/2020\/01\/25\/divida-com-rouanet-nao-impede-regina-duarte-de-assumir-cultura-diz-advogado-da-atriz\/","title":{"rendered":"D\u00edvida com Rouanet n\u00e3o impede Regina Duarte de assumir Cultura, diz advogado da atriz"},"content":{"rendered":"\n<figure class=\"wp-block-image size-large\"><img data-recalc-dims=\"1\" loading=\"lazy\" decoding=\"async\" width=\"600\" height=\"400\" data-attachment-id=\"26192\" data-permalink=\"http:\/\/blogdalucianaoliveira.com.br\/blog\/2020\/01\/25\/divida-com-rouanet-nao-impede-regina-duarte-de-assumir-cultura-diz-advogado-da-atriz\/image-72-2\/\" data-orig-file=\"https:\/\/i0.wp.com\/blogdalucianaoliveira.com.br\/blog\/wp-content\/uploads\/2020\/01\/image-72.jpeg?fit=768%2C512\" data-orig-size=\"768,512\" data-comments-opened=\"0\" data-image-meta=\"{&quot;aperture&quot;:&quot;0&quot;,&quot;credit&quot;:&quot;&quot;,&quot;camera&quot;:&quot;&quot;,&quot;caption&quot;:&quot;&quot;,&quot;created_timestamp&quot;:&quot;0&quot;,&quot;copyright&quot;:&quot;&quot;,&quot;focal_length&quot;:&quot;0&quot;,&quot;iso&quot;:&quot;0&quot;,&quot;shutter_speed&quot;:&quot;0&quot;,&quot;title&quot;:&quot;&quot;,&quot;orientation&quot;:&quot;0&quot;}\" data-image-title=\"image-72\" data-image-description=\"\" data-image-caption=\"\" data-medium-file=\"https:\/\/i0.wp.com\/blogdalucianaoliveira.com.br\/blog\/wp-content\/uploads\/2020\/01\/image-72.jpeg?fit=300%2C200\" data-large-file=\"https:\/\/i0.wp.com\/blogdalucianaoliveira.com.br\/blog\/wp-content\/uploads\/2020\/01\/image-72.jpeg?fit=600%2C400\" src=\"https:\/\/i0.wp.com\/blogdalucianaoliveira.com.br\/blog\/wp-content\/uploads\/2020\/01\/image-72.jpeg?resize=600%2C400\" alt=\"\" class=\"wp-image-26192\" srcset=\"https:\/\/i0.wp.com\/blogdalucianaoliveira.com.br\/blog\/wp-content\/uploads\/2020\/01\/image-72.jpeg?w=768 768w, https:\/\/i0.wp.com\/blogdalucianaoliveira.com.br\/blog\/wp-content\/uploads\/2020\/01\/image-72.jpeg?resize=300%2C200 300w, https:\/\/i0.wp.com\/blogdalucianaoliveira.com.br\/blog\/wp-content\/uploads\/2020\/01\/image-72.jpeg?resize=450%2C300 450w\" sizes=\"auto, (max-width: 600px) 100vw, 600px\" \/><\/figure>\n\n\n\n<p>Revela\u00e7\u00e3o provocou o primeiro abalo desde que Regina foi convidada para a secretaria.<\/p>\n\n\n\n<!--more-->\n\n\n\n<p>Na FSP<\/p>\n\n\n\n<p>O advogado Luiz Henrique Lanas Soares Cabral, um dos titulares do escrit\u00f3rio Lanas Pequini &amp; Toro Advogados, que representa Regina Duarte, afirma que a\u00a0<a href=\"https:\/\/www1.folha.uol.com.br\/ilustrada\/2020\/01\/regina-duarte-deve-r-319-mil-por-irregularidades-com-lei-rouanet.shtml\">pend\u00eancia da atriz com o governo em raz\u00e3o de contas recusadas na Lei\u00a0Rouanet<\/a>\u00a0n\u00e3o ser\u00e1 um impeditivo para que ela\u00a0<a href=\"https:\/\/www1.folha.uol.com.br\/ilustrada\/2020\/01\/bolsonaro-diz-que-nomeacao-de-regina-duarte-sai-na-quarta-ou-quinta-feira.shtml\">assuma a Secretaria Especial da Cultura<\/a>. \u201cN\u00e3o h\u00e1 nenhuma veda\u00e7\u00e3o legal que impe\u00e7a a Regina de assumir\u201d, afirmou \u00e0 coluna.\u00a0<br><\/p>\n\n\n\n<h3 class=\"wp-block-heading\">LIVRE<\/h3>\n\n\n\n<p>\u201cTodas as obriga\u00e7\u00f5es impostas pela Sefic [Secretaria de Fomento e Incentivo \u00e0 Cultura] foram cumpridas por parte da Regina. O projeto segue a tramita\u00e7\u00e3o legal e aguarda os prazos de an\u00e1lise\u201d, segue Cabral. O escrit\u00f3rio tamb\u00e9m representa a atriz em quest\u00f5es contratuais junto \u00e0 Rede Globo.<\/p>\n\n\n\n<h3 class=\"wp-block-heading\">PENTE-FINO\u2002<\/h3>\n\n\n\n<p>E&nbsp;<a href=\"https:\/\/www1.folha.uol.com.br\/ilustrada\/2020\/01\/regina-duarte-deve-r-319-mil-por-irregularidades-com-lei-rouanet.shtml\">a revela\u00e7\u00e3o da d\u00edvida<\/a>, feita pela revista Veja, provocou o primeiro abalo na atriz desde que foi convidada para a secretaria. T\u00e9cnicos da pasta passaram a sexta (24) reunindo informa\u00e7\u00f5es sobre o processo para tentar provar que n\u00e3o h\u00e1 problema nas contas.<\/p>\n\n\n\n<p><br>Leia a coluna completa\u00a0<a href=\"https:\/\/folha.com\/063pua5y\">aqui<\/a>.<\/p>\n\n\n\n<p><\/p>\n","protected":false},"excerpt":{"rendered":"<p>Revela\u00e7\u00e3o provocou o primeiro abalo desde que Regina foi convidada para a secretaria.<\/p>\n","protected":false},"author":1,"featured_media":0,"comment_status":"closed","ping_status":"open","sticky":false,"template":"","format":"standard","meta":{"_exactmetrics_skip_tracking":false,"_exactmetrics_sitenote_active":false,"_exactmetrics_sitenote_note":"","_exactmetrics_sitenote_category":0,"jetpack_post_was_ever_published":false,"_jetpack_newsletter_access":"","_jetpack_dont_email_post_to_subs":false,"_jetpack_newsletter_tier_id":0,"_jetpack_memberships_contains_paywalled_content":false,"_jetpack_memberships_contains_paid_content":false,"footnotes":"","jetpack_publicize_message":"","jetpack_publicize_feature_enabled":true,"jetpack_social_post_already_shared":true,"jetpack_social_options":{"image_generator_settings":{"template":"highway","enabled":false},"version":2}},"categories":[1],"tags":[],"class_list":["post-26191","post","type-post","status-publish","format-standard","hentry","category-notas"],"jetpack_publicize_connections":[],"jetpack_sharing_enabled":true,"jetpack_featured_media_url":"","jetpack_shortlink":"https:\/\/wp.me\/p7wKYW-6Or","jetpack-related-posts":[],"_links":{"self":[{"href":"http:\/\/blogdalucianaoliveira.com.br\/blog\/wp-json\/wp\/v2\/posts\/26191","targetHints":{"allow":["GET"]}}],"collection":[{"href":"http:\/\/blogdalucianaoliveira.com.br\/blog\/wp-json\/wp\/v2\/posts"}],"about":[{"href":"http:\/\/blogdalucianaoliveira.com.br\/blog\/wp-json\/wp\/v2\/types\/post"}],"author":[{"embeddable":true,"href":"http:\/\/blogdalucianaoliveira.com.br\/blog\/wp-json\/wp\/v2\/users\/1"}],"replies":[{"embeddable":true,"href":"http:\/\/blogdalucianaoliveira.com.br\/blog\/wp-json\/wp\/v2\/comments?post=26191"}],"version-history":[{"count":1,"href":"http:\/\/blogdalucianaoliveira.com.br\/blog\/wp-json\/wp\/v2\/posts\/26191\/revisions"}],"predecessor-version":[{"id":26193,"href":"http:\/\/blogdalucianaoliveira.com.br\/blog\/wp-json\/wp\/v2\/posts\/26191\/revisions\/26193"}],"wp:attachment":[{"href":"http:\/\/blogdalucianaoliveira.com.br\/blog\/wp-json\/wp\/v2\/media?parent=26191"}],"wp:term":[{"taxonomy":"category","embeddable":true,"href":"http:\/\/blogdalucianaoliveira.com.br\/blog\/wp-json\/wp\/v2\/categories?post=26191"},{"taxonomy":"post_tag","embeddable":true,"href":"http:\/\/blogdalucianaoliveira.com.br\/blog\/wp-json\/wp\/v2\/tags?post=26191"}],"curies":[{"name":"wp","href":"https:\/\/api.w.org\/{rel}","templated":true}]}}