{"id":26200,"date":"2020-01-26T18:00:50","date_gmt":"2020-01-26T22:00:50","guid":{"rendered":"http:\/\/blogdalucianaoliveira.com.br\/blog\/?p=26200"},"modified":"2020-01-26T22:51:59","modified_gmt":"2020-01-27T02:51:59","slug":"kobe-bryant-a-lenda-do-basquete-que-morreu-hoje-liderou-campanha-contra-a-violencia-policial","status":"publish","type":"post","link":"http:\/\/blogdalucianaoliveira.com.br\/blog\/2020\/01\/26\/kobe-bryant-a-lenda-do-basquete-que-morreu-hoje-liderou-campanha-contra-a-violencia-policial\/","title":{"rendered":"Kobe Bryant, a lenda do basquete que morreu hoje, liderou campanha contra a viol\u00eancia policial"},"content":{"rendered":"\n<figure class=\"wp-block-image size-large\"><img data-recalc-dims=\"1\" loading=\"lazy\" decoding=\"async\" width=\"600\" height=\"362\" data-attachment-id=\"26201\" data-permalink=\"http:\/\/blogdalucianaoliveira.com.br\/blog\/2020\/01\/26\/kobe-bryant-a-lenda-do-basquete-que-morreu-hoje-liderou-campanha-contra-a-violencia-policial\/image-7-4\/\" data-orig-file=\"https:\/\/i0.wp.com\/blogdalucianaoliveira.com.br\/blog\/wp-content\/uploads\/2020\/01\/image-7.png?fit=600%2C362\" data-orig-size=\"600,362\" data-comments-opened=\"0\" data-image-meta=\"{&quot;aperture&quot;:&quot;0&quot;,&quot;credit&quot;:&quot;&quot;,&quot;camera&quot;:&quot;&quot;,&quot;caption&quot;:&quot;&quot;,&quot;created_timestamp&quot;:&quot;0&quot;,&quot;copyright&quot;:&quot;&quot;,&quot;focal_length&quot;:&quot;0&quot;,&quot;iso&quot;:&quot;0&quot;,&quot;shutter_speed&quot;:&quot;0&quot;,&quot;title&quot;:&quot;&quot;,&quot;orientation&quot;:&quot;0&quot;}\" data-image-title=\"image-7\" data-image-description=\"\" data-image-caption=\"\" data-medium-file=\"https:\/\/i0.wp.com\/blogdalucianaoliveira.com.br\/blog\/wp-content\/uploads\/2020\/01\/image-7.png?fit=300%2C181\" data-large-file=\"https:\/\/i0.wp.com\/blogdalucianaoliveira.com.br\/blog\/wp-content\/uploads\/2020\/01\/image-7.png?fit=600%2C362\" src=\"https:\/\/i0.wp.com\/blogdalucianaoliveira.com.br\/blog\/wp-content\/uploads\/2020\/01\/image-7.png?resize=600%2C362\" alt=\"\" class=\"wp-image-26201\" srcset=\"https:\/\/i0.wp.com\/blogdalucianaoliveira.com.br\/blog\/wp-content\/uploads\/2020\/01\/image-7.png?w=600 600w, https:\/\/i0.wp.com\/blogdalucianaoliveira.com.br\/blog\/wp-content\/uploads\/2020\/01\/image-7.png?resize=300%2C181 300w, https:\/\/i0.wp.com\/blogdalucianaoliveira.com.br\/blog\/wp-content\/uploads\/2020\/01\/image-7.png?resize=497%2C300 497w\" sizes=\"auto, (max-width: 600px) 100vw, 600px\" \/><\/figure>\n\n\n\n<p>Do&nbsp;<a rel=\"noreferrer noopener\" href=\"https:\/\/www.theguardian.com\/sport\/2014\/dec\/10\/kobe-bryant-and-la-lakers-don-i-cant-breathe-shirts-over-police-brutality\" target=\"_blank\">Guardian:<\/a> &#8211; Kobe Bryant e seus companheiros de equipe do Los Angeles Lakers s\u00e3o os mais recentes jogadores da NBA a participar do protesto contra a viol\u00eancia policial.<\/p>\n\n\n\n<!--more-->\n\n\n\n<p>Bryant e Lakers usavam camisetas \u201cEu n\u00e3o consigo respirar\u201d no aquecimento para o jogo contra o Sacramento na noite de ter\u00e7a-feira. O centro de defesa Robert Sacre foi o \u00fanico jogador a n\u00e3o vestir uma das camisas.<\/p>\n\n\n\n<p>\u201cAcho que somos n\u00f3s que apoiamos esse movimento e tamb\u00e9m apoiamos os atletas\u201d, disse Bryant ap\u00f3s o jogo. \u201cEu acho que a beleza do nosso pa\u00eds est\u00e1 na sua democracia. Penso que, se alguma vez perdermos a coragem de poder defender as coisas em que acreditamos, realmente perdemos o valor que nosso pa\u00eds representa.<\/p>\n","protected":false},"excerpt":{"rendered":"<p>Do&nbsp;Guardian: &#8211; Kobe Bryant e seus companheiros de equipe do Los Angeles Lakers s\u00e3o os mais recentes jogadores da NBA a participar do protesto contra a viol\u00eancia policial.<\/p>\n","protected":false},"author":1,"featured_media":0,"comment_status":"closed","ping_status":"open","sticky":false,"template":"","format":"standard","meta":{"_exactmetrics_skip_tracking":false,"_exactmetrics_sitenote_active":false,"_exactmetrics_sitenote_note":"","_exactmetrics_sitenote_category":0,"jetpack_post_was_ever_published":false,"_jetpack_newsletter_access":"","_jetpack_dont_email_post_to_subs":false,"_jetpack_newsletter_tier_id":0,"_jetpack_memberships_contains_paywalled_content":false,"_jetpack_memberships_contains_paid_content":false,"footnotes":"","jetpack_publicize_message":"","jetpack_publicize_feature_enabled":true,"jetpack_social_post_already_shared":true,"jetpack_social_options":{"image_generator_settings":{"template":"highway","enabled":false},"version":2}},"categories":[1],"tags":[],"class_list":["post-26200","post","type-post","status-publish","format-standard","hentry","category-notas"],"jetpack_publicize_connections":[],"jetpack_sharing_enabled":true,"jetpack_featured_media_url":"","jetpack_shortlink":"https:\/\/wp.me\/p7wKYW-6OA","jetpack-related-posts":[],"_links":{"self":[{"href":"http:\/\/blogdalucianaoliveira.com.br\/blog\/wp-json\/wp\/v2\/posts\/26200","targetHints":{"allow":["GET"]}}],"collection":[{"href":"http:\/\/blogdalucianaoliveira.com.br\/blog\/wp-json\/wp\/v2\/posts"}],"about":[{"href":"http:\/\/blogdalucianaoliveira.com.br\/blog\/wp-json\/wp\/v2\/types\/post"}],"author":[{"embeddable":true,"href":"http:\/\/blogdalucianaoliveira.com.br\/blog\/wp-json\/wp\/v2\/users\/1"}],"replies":[{"embeddable":true,"href":"http:\/\/blogdalucianaoliveira.com.br\/blog\/wp-json\/wp\/v2\/comments?post=26200"}],"version-history":[{"count":2,"href":"http:\/\/blogdalucianaoliveira.com.br\/blog\/wp-json\/wp\/v2\/posts\/26200\/revisions"}],"predecessor-version":[{"id":26204,"href":"http:\/\/blogdalucianaoliveira.com.br\/blog\/wp-json\/wp\/v2\/posts\/26200\/revisions\/26204"}],"wp:attachment":[{"href":"http:\/\/blogdalucianaoliveira.com.br\/blog\/wp-json\/wp\/v2\/media?parent=26200"}],"wp:term":[{"taxonomy":"category","embeddable":true,"href":"http:\/\/blogdalucianaoliveira.com.br\/blog\/wp-json\/wp\/v2\/categories?post=26200"},{"taxonomy":"post_tag","embeddable":true,"href":"http:\/\/blogdalucianaoliveira.com.br\/blog\/wp-json\/wp\/v2\/tags?post=26200"}],"curies":[{"name":"wp","href":"https:\/\/api.w.org\/{rel}","templated":true}]}}