{"id":26205,"date":"2020-01-26T22:54:27","date_gmt":"2020-01-27T02:54:27","guid":{"rendered":"http:\/\/blogdalucianaoliveira.com.br\/blog\/?p=26205"},"modified":"2020-01-26T22:54:37","modified_gmt":"2020-01-27T02:54:37","slug":"para-honrar-os-povos-originarios","status":"publish","type":"post","link":"http:\/\/blogdalucianaoliveira.com.br\/blog\/2020\/01\/26\/para-honrar-os-povos-originarios\/","title":{"rendered":"Para honrar os povos origin\u00e1rios"},"content":{"rendered":"\n<figure class=\"wp-block-image size-large\"><img data-recalc-dims=\"1\" loading=\"lazy\" decoding=\"async\" width=\"600\" height=\"400\" data-attachment-id=\"26206\" data-permalink=\"http:\/\/blogdalucianaoliveira.com.br\/blog\/2020\/01\/26\/para-honrar-os-povos-originarios\/image-75-2\/\" data-orig-file=\"https:\/\/i0.wp.com\/blogdalucianaoliveira.com.br\/blog\/wp-content\/uploads\/2020\/01\/image-75.jpeg?fit=768%2C512\" data-orig-size=\"768,512\" data-comments-opened=\"0\" data-image-meta=\"{&quot;aperture&quot;:&quot;0&quot;,&quot;credit&quot;:&quot;&quot;,&quot;camera&quot;:&quot;&quot;,&quot;caption&quot;:&quot;&quot;,&quot;created_timestamp&quot;:&quot;0&quot;,&quot;copyright&quot;:&quot;&quot;,&quot;focal_length&quot;:&quot;0&quot;,&quot;iso&quot;:&quot;0&quot;,&quot;shutter_speed&quot;:&quot;0&quot;,&quot;title&quot;:&quot;&quot;,&quot;orientation&quot;:&quot;0&quot;}\" data-image-title=\"image-75\" data-image-description=\"\" data-image-caption=\"\" data-medium-file=\"https:\/\/i0.wp.com\/blogdalucianaoliveira.com.br\/blog\/wp-content\/uploads\/2020\/01\/image-75.jpeg?fit=300%2C200\" data-large-file=\"https:\/\/i0.wp.com\/blogdalucianaoliveira.com.br\/blog\/wp-content\/uploads\/2020\/01\/image-75.jpeg?fit=600%2C400\" src=\"https:\/\/i0.wp.com\/blogdalucianaoliveira.com.br\/blog\/wp-content\/uploads\/2020\/01\/image-75.jpeg?resize=600%2C400\" alt=\"\" class=\"wp-image-26206\" srcset=\"https:\/\/i0.wp.com\/blogdalucianaoliveira.com.br\/blog\/wp-content\/uploads\/2020\/01\/image-75.jpeg?w=768 768w, https:\/\/i0.wp.com\/blogdalucianaoliveira.com.br\/blog\/wp-content\/uploads\/2020\/01\/image-75.jpeg?resize=300%2C200 300w, https:\/\/i0.wp.com\/blogdalucianaoliveira.com.br\/blog\/wp-content\/uploads\/2020\/01\/image-75.jpeg?resize=450%2C300 450w\" sizes=\"auto, (max-width: 600px) 100vw, 600px\" \/><\/figure>\n\n\n\n<p>Fotojornalista consagrado no cen\u00e1rio pol\u00edtico, o brasiliense Ricardo Stuckert revela toda sua sensibilidade tamb\u00e9m ao retratar ind\u00edgenas brasileiros.<\/p>\n\n\n\n<!--more-->\n\n\n\n<p>Jornal de Bras\u00edlia <\/p>\n\n\n\n<p>Em 1997, o fot\u00f3grafo brasiliense Ricardo Stuckert teve o primeiro contato com os povos origin\u00e1rios do Brasil, no Estado do Amazonas. L\u00e1, ele fez um retrato da ind\u00edgena Penha, da etnia Yanomami \u2014 a mo\u00e7a, com 22 anos na \u00e9poca, chamou aten\u00e7\u00e3o pelos olhos verdes. Quase 17 anos depois, Stuckert decidiu procur\u00e1-la, a encontrou na mesma comunidade e a fotografou novamente. Os dois retratos fazem parte da exposi\u00e7\u00e3o \u00cdndios Brasileiros, que entra em cartaz hoje na galeria da Alian\u00e7a Francesa.<\/p>\n\n\n\n<p>A mostra \u00e9 uma pr\u00e9via do livro hom\u00f4nimo que o fot\u00f3grafo est\u00e1 trabalhando para lan\u00e7ar. Ricardo Stuckert \u2014 descendente de ind\u00edgenas e de fam\u00edlia de fot\u00f3grafos \u2014 percorre o Brasil h\u00e1 tr\u00eas anos em busca dos povos tradicionais, seus h\u00e1bitos de vida, a riqueza cultural, al\u00e9m da preserva\u00e7\u00e3o de costumes e tradi\u00e7\u00f5es para documentar, com sensibilidade e precis\u00e3o, a pluralidade dos grupos ind\u00edgenas do pa\u00eds. Para o livro, ele j\u00e1 fotografou 12 etnias \u2014 s\u00e3o cerca de 300 em todo o Brasil.<\/p>\n\n\n\n<p>Experiente \u2014 com mais de 30 anos de profiss\u00e3o \u2014, Ricardo Stuckert tem carreira conhecida no fotojornalismo pol\u00edtico. No curr\u00edculo, coleciona cargos importantes \u2014 foi fot\u00f3grafo oficial da Presid\u00eancia da Rep\u00fablica entre 2003 e 2011 \u2014, mas acredita que tamb\u00e9m faz pol\u00edtica ao fotografar os ind\u00edgenas. \u201cA minha fotografia documental dos ind\u00edgenas \u00e9 pol\u00edtica porque mostra como eles est\u00e3o; mostra que existe uma cultura e uma beleza ancestral. Eu estou tentando resgatar o que ainda existe. Quero mostrar que h\u00e1, sim, ind\u00edgenas no Brasil \u2014 e eles vivem, t\u00eam cultura, cuidam dos seus e resistem\u201d, disse, em entrevista ao Jornal de Bras\u00edlia.<\/p>\n\n\n\n<h3 class=\"wp-block-heading\">Complementares<\/h3>\n\n\n\n<p>De acordo com Ricardo, os dois trabalhos s\u00e3o complementares. \u00c0 pol\u00edtica, o fot\u00f3grafo levou a calma e a humanidade que aprendeu a cultivar com os povos origin\u00e1rios. \u201cCom a pol\u00edtica, \u00e9 tens\u00e3o 24 horas. Reuni\u00f5es importantes, momentos tensos, manifesta\u00e7\u00f5es\u2026 ent\u00e3o eu aprendi a manter a tranquilidade nesses momentos \u2014 e acredito que evolu\u00ed muito como ser humano e como profissional. Acabei virando uma chavinha e desenvolvendo um outro olhar para a not\u00edcia pol\u00edtica\u201d, relata.<\/p>\n\n\n\n<p>Esse olhar foi lapidado durante os esfor\u00e7os para estabelecer rela\u00e7\u00f5es de confian\u00e7a com os ind\u00edgenas: \u00e9 necess\u00e1rio respeitar o espa\u00e7o deles. \u201cA abordagem \u00e9 sempre feita no tempo deles e com isso a gente aprende a moldar uma rela\u00e7\u00e3o com os nossos povos origin\u00e1rios. Geralmente n\u00e3o tenho muitos dias para ficar na aldeia, mas sei que preciso agir sempre no tempo deles \u2014 e, a partir da\u00ed, eu busco entrar na atmosfera do grupo\u201d, explica. \u201cOs ensaios com os ind\u00edgenas me proporcionaram desenvolver uma rela\u00e7\u00e3o mais humana; talvez fosse o que faltava para o meu trabalho com a pol\u00edtica\u201d, completa.<\/p>\n\n\n\n<p>Em um fim de semana na aldeia com o Cacique Raoni \u2014 uma das principais lideran\u00e7as ind\u00edgenas da atualidade \u2014, Stuckert contou que s\u00f3 conseguiu fotografar nas \u00faltimas horas da visita. \u201cImagina a minha tens\u00e3o? Era o \u00faltimo dia e n\u00e3o tinha feito a foto que eu queria. Quando fui tomar banho no rio para ir embora, o Raoni apareceu com mais seis ind\u00edgenas para tomar banho tamb\u00e9m \u2014 e perguntou se eu n\u00e3o ia fazer as fotos antes de ir embora! Tudo o que eu tinha que fazer em um fim de semana eu fiz em poucas horas, priorizando a constru\u00e7\u00e3o de uma rela\u00e7\u00e3o de confian\u00e7a com eles.\u201d<\/p>\n\n\n\n<p>A ideia \u00e9 continuar em busca de outras etnias de ind\u00edgenas brasileiros para fotografar. \u201cQuero fortalecer esse conte\u00fado; se eu conseguir fotografar pelo menos 30 etnias \u2014 10% do que existe no Brasil \u2014 acho que j\u00e1 vai ser um grande legado para a fotografia documental\u201d, pontua Stuckert.<\/p>\n\n\n\n<h3 class=\"wp-block-heading\">Noite das Ideias<\/h3>\n\n\n\n<p>A exposi\u00e7\u00e3o faz parte do evento Noite das Ideias, que nasceu em Paris h\u00e1 quatro anos com a inten\u00e7\u00e3o de debater assuntos importantes para o mundo. Na primeira edi\u00e7\u00e3o brasileira, Bras\u00edlia, Rio de Janeiro e S\u00e3o Paulo se juntam ao restante do mundo para celebrar e refletir sobre o tema deste ano: A Floresta \u2013 como ser vivo e lugar de seres vivos. Na pr\u00f3xima quinta-feira, a Alian\u00e7a Francesa recebe, de 18h a meia-noite, confer\u00eancias, mesas-redondas, performances art\u00edsticas e proje\u00e7\u00f5es de v\u00eddeo sobre o tema.<\/p>\n\n\n\n<h3 class=\"wp-block-heading\">Servi\u00e7o<\/h3>\n\n\n\n<p><strong>\u00cdndios Brasileiros<\/strong><br><strong>Exposi\u00e7\u00e3o de Ricardo Stuckert<\/strong><\/p>\n\n\n\n<p>De hoje a 28 de fevereiro, na galeria da Alian\u00e7a Francesa<br>SEPS Q 708\/908<br>Entrada franca<\/p>\n","protected":false},"excerpt":{"rendered":"<p>Fotojornalista consagrado no cen\u00e1rio pol\u00edtico, o brasiliense Ricardo Stuckert revela toda sua sensibilidade tamb\u00e9m ao retratar ind\u00edgenas brasileiros.<\/p>\n","protected":false},"author":1,"featured_media":0,"comment_status":"closed","ping_status":"open","sticky":false,"template":"","format":"standard","meta":{"_exactmetrics_skip_tracking":false,"_exactmetrics_sitenote_active":false,"_exactmetrics_sitenote_note":"","_exactmetrics_sitenote_category":0,"jetpack_post_was_ever_published":false,"_jetpack_newsletter_access":"","_jetpack_dont_email_post_to_subs":false,"_jetpack_newsletter_tier_id":0,"_jetpack_memberships_contains_paywalled_content":false,"_jetpack_memberships_contains_paid_content":false,"footnotes":"","jetpack_publicize_message":"","jetpack_publicize_feature_enabled":true,"jetpack_social_post_already_shared":true,"jetpack_social_options":{"image_generator_settings":{"template":"highway","enabled":false},"version":2}},"categories":[1],"tags":[],"class_list":["post-26205","post","type-post","status-publish","format-standard","hentry","category-notas"],"jetpack_publicize_connections":[],"jetpack_sharing_enabled":true,"jetpack_featured_media_url":"","jetpack_shortlink":"https:\/\/wp.me\/p7wKYW-6OF","jetpack-related-posts":[],"_links":{"self":[{"href":"http:\/\/blogdalucianaoliveira.com.br\/blog\/wp-json\/wp\/v2\/posts\/26205","targetHints":{"allow":["GET"]}}],"collection":[{"href":"http:\/\/blogdalucianaoliveira.com.br\/blog\/wp-json\/wp\/v2\/posts"}],"about":[{"href":"http:\/\/blogdalucianaoliveira.com.br\/blog\/wp-json\/wp\/v2\/types\/post"}],"author":[{"embeddable":true,"href":"http:\/\/blogdalucianaoliveira.com.br\/blog\/wp-json\/wp\/v2\/users\/1"}],"replies":[{"embeddable":true,"href":"http:\/\/blogdalucianaoliveira.com.br\/blog\/wp-json\/wp\/v2\/comments?post=26205"}],"version-history":[{"count":1,"href":"http:\/\/blogdalucianaoliveira.com.br\/blog\/wp-json\/wp\/v2\/posts\/26205\/revisions"}],"predecessor-version":[{"id":26207,"href":"http:\/\/blogdalucianaoliveira.com.br\/blog\/wp-json\/wp\/v2\/posts\/26205\/revisions\/26207"}],"wp:attachment":[{"href":"http:\/\/blogdalucianaoliveira.com.br\/blog\/wp-json\/wp\/v2\/media?parent=26205"}],"wp:term":[{"taxonomy":"category","embeddable":true,"href":"http:\/\/blogdalucianaoliveira.com.br\/blog\/wp-json\/wp\/v2\/categories?post=26205"},{"taxonomy":"post_tag","embeddable":true,"href":"http:\/\/blogdalucianaoliveira.com.br\/blog\/wp-json\/wp\/v2\/tags?post=26205"}],"curies":[{"name":"wp","href":"https:\/\/api.w.org\/{rel}","templated":true}]}}