{"id":26208,"date":"2020-01-27T13:52:02","date_gmt":"2020-01-27T17:52:02","guid":{"rendered":"http:\/\/blogdalucianaoliveira.com.br\/blog\/?p=26208"},"modified":"2020-01-27T13:52:11","modified_gmt":"2020-01-27T17:52:11","slug":"estudantes-do-enem-saem-as-ruas-para-se-manifestar-contra-o-governo-federal","status":"publish","type":"post","link":"http:\/\/blogdalucianaoliveira.com.br\/blog\/2020\/01\/27\/estudantes-do-enem-saem-as-ruas-para-se-manifestar-contra-o-governo-federal\/","title":{"rendered":"Estudantes do Enem saem \u00e0s ruas para se manifestar contra o governo federal"},"content":{"rendered":"\n<figure class=\"wp-block-image size-large\"><img data-recalc-dims=\"1\" loading=\"lazy\" decoding=\"async\" width=\"600\" height=\"399\" data-attachment-id=\"26209\" data-permalink=\"http:\/\/blogdalucianaoliveira.com.br\/blog\/2020\/01\/27\/estudantes-do-enem-saem-as-ruas-para-se-manifestar-contra-o-governo-federal\/segundo-dia-de-provas-do-enem-2016-no-rio\/\" data-orig-file=\"https:\/\/i0.wp.com\/blogdalucianaoliveira.com.br\/blog\/wp-content\/uploads\/2020\/01\/image-76.jpeg?fit=640%2C426\" data-orig-size=\"640,426\" data-comments-opened=\"0\" data-image-meta=\"{&quot;aperture&quot;:&quot;0&quot;,&quot;credit&quot;:&quot;Tomaz Silva\\\/Ag\\u00eancia Brasil&quot;,&quot;camera&quot;:&quot;NIKON D4&quot;,&quot;caption&quot;:&quot;Rio de Janeiro - Estudantes chegam ao Col\\u00e9gio Santo In\\u00e1cio, em Botafogo, zona sul da capital fluminense, para o segundo dia de provas do Enem 2016. (Tomaz Silva\\\/Ag\\u00eancia Brasil)&quot;,&quot;created_timestamp&quot;:&quot;1478458836&quot;,&quot;copyright&quot;:&quot;EBC - Empresa Brasil de Comunica\\u00e7\\u00e3o\\\/Ag\\u00eancia Brasil&quot;,&quot;focal_length&quot;:&quot;120&quot;,&quot;iso&quot;:&quot;400&quot;,&quot;shutter_speed&quot;:&quot;0.0015625&quot;,&quot;title&quot;:&quot;Segundo dia de provas do Enem 2016 no Rio&quot;,&quot;orientation&quot;:&quot;0&quot;}\" data-image-title=\"Segundo dia de provas do Enem 2016 no Rio\" data-image-description=\"\" data-image-caption=\"&lt;p&gt;Rio de Janeiro &amp;#8211; Estudantes chegam ao Col\u00e9gio Santo In\u00e1cio, em Botafogo, zona sul da capital fluminense, para o segundo dia de provas do Enem 2016. (Tomaz Silva\/Ag\u00eancia Brasil)&lt;\/p&gt;\n\" data-medium-file=\"https:\/\/i0.wp.com\/blogdalucianaoliveira.com.br\/blog\/wp-content\/uploads\/2020\/01\/image-76.jpeg?fit=300%2C200\" data-large-file=\"https:\/\/i0.wp.com\/blogdalucianaoliveira.com.br\/blog\/wp-content\/uploads\/2020\/01\/image-76.jpeg?fit=600%2C399\" src=\"https:\/\/i0.wp.com\/blogdalucianaoliveira.com.br\/blog\/wp-content\/uploads\/2020\/01\/image-76.jpeg?resize=600%2C399\" alt=\"\" class=\"wp-image-26209\" srcset=\"https:\/\/i0.wp.com\/blogdalucianaoliveira.com.br\/blog\/wp-content\/uploads\/2020\/01\/image-76.jpeg?w=640 640w, https:\/\/i0.wp.com\/blogdalucianaoliveira.com.br\/blog\/wp-content\/uploads\/2020\/01\/image-76.jpeg?resize=300%2C200 300w, https:\/\/i0.wp.com\/blogdalucianaoliveira.com.br\/blog\/wp-content\/uploads\/2020\/01\/image-76.jpeg?resize=451%2C300 451w\" sizes=\"auto, (max-width: 600px) 100vw, 600px\" \/><\/figure>\n\n\n\n<p>A Justi\u00e7a Federal suspendeu a divulga\u00e7\u00e3o dos aprovados at\u00e9 que o governo comprove a revis\u00e3o das notas.<\/p>\n\n\n\n<!--more-->\n\n\n\n<p>No Brasil de Fato &#8211; Vestibulandos de todo o pa\u00eds saem \u00e0s ruas nesta segunda-feira (27) para se manifestar por uma solu\u00e7\u00e3o para o imbr\u00f3glio administrativo e judicial que se encontra o Sistema de Sele\u00e7\u00e3o Unificada (Sisu) e o Exame Nacional do Ensino M\u00e9dio (Enem). Est\u00e3o marcados protestos em pelo menos 12 cidades brasileiras, segundo o Portal Nacional da Educa\u00e7\u00e3o. A movimenta\u00e7\u00e3o teve in\u00edcio nas redes sociais com o uso da hashtag #27NasRuas.<\/p>\n\n\n\n<p>Os estudantes tamb\u00e9m pedem a revis\u00e3o de todas as provas, sem exce\u00e7\u00e3o, e a confirma\u00e7\u00e3o de que&nbsp;foram revisadas. As manifesta\u00e7\u00f5es endossam a decis\u00e3o da Justi\u00e7a Federal, em S\u00e3o Paulo, de&nbsp;<a href=\"https:\/\/www.brasildefato.com.br\/2020\/01\/21\/sisu-abre-inscricoes-nesta-terca-feira-com-prazo-final-prorrogado\/\" target=\"_blank\" rel=\"noreferrer noopener\">suspender a etapa de sele\u00e7\u00e3o do Sisu<\/a>.&nbsp;<\/p>\n\n\n\n<p>Na pr\u00e1tica, isso significa que a divulga\u00e7\u00e3o dos resultados prevista para acontecer nesta ter\u00e7a-feira (28), est\u00e1 suspensa at\u00e9 que o Instituto Nacional de Estudos e Pesquisas Educacionais An\u00edsio Teixeira (Inep), respons\u00e1vel pelo Enem, comprove que as notas do exame foram revisadas. O Inep tem at\u00e9 cinco dias para se posicionar e precisa provar que todos os participantes que solicitaram revis\u00e3o foram atendidos.&nbsp;<\/p>\n\n\n\n<p>A diretora de Pol\u00edticas Educacionais da Uni\u00e3o Nacional dos Estudantes (UNE) e estudante de Ci\u00eancias Sociais da Universidade Federal do Rio de Janeiro (UFRJ), J\u00falia Aguiar, afirma que as manifesta\u00e7\u00f5es foram organizadas de forma espont\u00e2nea.&nbsp;<\/p>\n\n\n\n<p>A organiza\u00e7\u00e3o, que recebe diariamente em suas redes sociais relatos de&nbsp;<a href=\"https:\/\/www.brasildefato.com.br\/2020\/01\/20\/governo-identificou-erros-nas-notas-do-enem-em-quase-todos-os-estados-brasileiros\/\">estudantes que foram prejudicados com as notas erradas<\/a>, entrou com um pedido de auditoria das notas do Enem junto ao Minist\u00e9rio P\u00fablico Federal (MPF). Para Aguiar, a inefici\u00eancia do Minist\u00e9rio da Educa\u00e7\u00e3o \u201cafeta diretamente a vida desses estudantes que t\u00eam seu futuro negado e incerto, e tamb\u00e9m a pr\u00f3pria vida das universidades que v\u00e3o ter um problema com datas de matr\u00edcula\u201d, uma vez que os resultados foram suspensos.&nbsp;<\/p>\n\n\n\n<p>Aguiar defende que a suspens\u00e3o proferida pela Justi\u00e7a Federal foi necess\u00e1ria, uma vez que muitos estudantes seriam prejudicados com os&nbsp;<a href=\"https:\/\/www.brasildefato.com.br\/2020\/01\/18\/notas-do-enem-foram-divulgadas-com-erro-afirma-weintraub\/\" target=\"_blank\" rel=\"noreferrer noopener\">erros ainda existentes<\/a>.&nbsp;<\/p>\n\n\n\n<p>A decis\u00e3o do juiz federal Hong Kou Hen acatou o pedido de suspens\u00e3o da Defensoria P\u00fablica da Uni\u00e3o, que tamb\u00e9m tinha solicitado a prorroga\u00e7\u00e3o do prazo final para as inscri\u00e7\u00f5es no Sisu. Essa parte, no entanto, n\u00e3o foi aceita, e as inscri\u00e7\u00f5es foram encerradas neste domingo (26).<\/p>\n\n\n\n<p>No dia 17 de janeiro, o&nbsp;<a href=\"https:\/\/www.brasildefato.com.br\/2020\/01\/17\/resultados-do-enem-2019-serao-divulgados-hoje-saiba-como-conferir-sua-nota\/\" target=\"_blank\" rel=\"noreferrer noopener\">Inep havia divulgado os resultados do Enem<\/a>. A nota final do exame&nbsp;\u00e9 utilizada, por exemplo, para ingresso em universidades pelo Sisu. Algumas notas foram postadas com equ\u00edvocos e cerca de seis mil candidatos apontaram&nbsp;erros no c\u00e1lculo da nota do Enem.&nbsp;<\/p>\n\n\n\n<p>A Advocacia-Geral da Uni\u00e3o (AGU) e o Inep apresentaram um recurso, com regime de urg\u00eancia, contra a suspens\u00e3o, afirmando que a decis\u00e3o refletia em &#8220;graves preju\u00edzos \u00e0 pol\u00edtica p\u00fablica de ensino superior&#8221;. Na noite desse domingo (26), entretanto, o Tribunal Regional Federal da 3\u00aa Regi\u00e3o (TRF-3) rejeitou o recurso. A AGU deve recorrer da decis\u00e3o. Mas ainda estuda se levar\u00e1 o caso ao Supremo Tribunal de Justi\u00e7a (STJ) ou Supremo Tribunal Federal (STF).&nbsp;<\/p>\n\n\n\n<p>Na decis\u00e3o, a desembargadora Therezinha Astolphi Cazerta justificou que n\u00e3o foram apresentados &#8220;elementos seguros de que candidatos n\u00e3o teriam sido impactados&#8221; pelos erros no c\u00e1lculo da nota do Enem.<\/p>\n\n\n\n<p>Para Aguiar,&nbsp;\u201cnenhum estudante deve ser prejudicado por um erro que vem do pr\u00f3prio governo. Isso s\u00f3 reafirma como esse governo tem tratado a educa\u00e7\u00e3o. Uma das maiores ferramentas de democratiza\u00e7\u00e3o ao acesso \u00e0 universidade, que s\u00e3o o Sisu e o Enem, foram tratados com descaso\u201d.&nbsp;<\/p>\n\n\n\n<p>Segundo o Inep, at\u00e9 as 22 horas de sexta-feira (24), foram registradas mais de 3,1 milh\u00f5es de inscri\u00e7\u00f5es feitas por 1,6 milh\u00e3o de pessoas.<\/p>\n\n\n\n<p>Edi\u00e7\u00e3o: Leandro Melito<\/p>\n","protected":false},"excerpt":{"rendered":"<p>A Justi\u00e7a Federal suspendeu a divulga\u00e7\u00e3o dos aprovados at\u00e9 que o governo comprove a revis\u00e3o das notas.<\/p>\n","protected":false},"author":1,"featured_media":0,"comment_status":"closed","ping_status":"open","sticky":false,"template":"","format":"standard","meta":{"_exactmetrics_skip_tracking":false,"_exactmetrics_sitenote_active":false,"_exactmetrics_sitenote_note":"","_exactmetrics_sitenote_category":0,"jetpack_post_was_ever_published":false,"_jetpack_newsletter_access":"","_jetpack_dont_email_post_to_subs":false,"_jetpack_newsletter_tier_id":0,"_jetpack_memberships_contains_paywalled_content":false,"_jetpack_memberships_contains_paid_content":false,"footnotes":"","jetpack_publicize_message":"","jetpack_publicize_feature_enabled":true,"jetpack_social_post_already_shared":true,"jetpack_social_options":{"image_generator_settings":{"template":"highway","enabled":false},"version":2}},"categories":[1],"tags":[],"class_list":["post-26208","post","type-post","status-publish","format-standard","hentry","category-notas"],"jetpack_publicize_connections":[],"jetpack_sharing_enabled":true,"jetpack_featured_media_url":"","jetpack_shortlink":"https:\/\/wp.me\/p7wKYW-6OI","jetpack-related-posts":[],"_links":{"self":[{"href":"http:\/\/blogdalucianaoliveira.com.br\/blog\/wp-json\/wp\/v2\/posts\/26208","targetHints":{"allow":["GET"]}}],"collection":[{"href":"http:\/\/blogdalucianaoliveira.com.br\/blog\/wp-json\/wp\/v2\/posts"}],"about":[{"href":"http:\/\/blogdalucianaoliveira.com.br\/blog\/wp-json\/wp\/v2\/types\/post"}],"author":[{"embeddable":true,"href":"http:\/\/blogdalucianaoliveira.com.br\/blog\/wp-json\/wp\/v2\/users\/1"}],"replies":[{"embeddable":true,"href":"http:\/\/blogdalucianaoliveira.com.br\/blog\/wp-json\/wp\/v2\/comments?post=26208"}],"version-history":[{"count":1,"href":"http:\/\/blogdalucianaoliveira.com.br\/blog\/wp-json\/wp\/v2\/posts\/26208\/revisions"}],"predecessor-version":[{"id":26210,"href":"http:\/\/blogdalucianaoliveira.com.br\/blog\/wp-json\/wp\/v2\/posts\/26208\/revisions\/26210"}],"wp:attachment":[{"href":"http:\/\/blogdalucianaoliveira.com.br\/blog\/wp-json\/wp\/v2\/media?parent=26208"}],"wp:term":[{"taxonomy":"category","embeddable":true,"href":"http:\/\/blogdalucianaoliveira.com.br\/blog\/wp-json\/wp\/v2\/categories?post=26208"},{"taxonomy":"post_tag","embeddable":true,"href":"http:\/\/blogdalucianaoliveira.com.br\/blog\/wp-json\/wp\/v2\/tags?post=26208"}],"curies":[{"name":"wp","href":"https:\/\/api.w.org\/{rel}","templated":true}]}}