{"id":26212,"date":"2020-01-27T17:55:24","date_gmt":"2020-01-27T21:55:24","guid":{"rendered":"http:\/\/blogdalucianaoliveira.com.br\/blog\/?p=26212"},"modified":"2020-01-27T17:55:32","modified_gmt":"2020-01-27T21:55:32","slug":"ombro-a-ombro-com-os-indigenas-do-litoral-na-satyagraha-de-gandhi","status":"publish","type":"post","link":"http:\/\/blogdalucianaoliveira.com.br\/blog\/2020\/01\/27\/ombro-a-ombro-com-os-indigenas-do-litoral-na-satyagraha-de-gandhi\/","title":{"rendered":"Ombro a ombro com os ind\u00edgenas do litoral, na Satyagraha de Gandhi"},"content":{"rendered":"\n<figure class=\"wp-block-image size-large\"><img data-recalc-dims=\"1\" loading=\"lazy\" decoding=\"async\" width=\"600\" height=\"374\" data-attachment-id=\"26213\" data-permalink=\"http:\/\/blogdalucianaoliveira.com.br\/blog\/2020\/01\/27\/ombro-a-ombro-com-os-indigenas-do-litoral-na-satyagraha-de-gandhi\/image-77-2\/\" data-orig-file=\"https:\/\/i0.wp.com\/blogdalucianaoliveira.com.br\/blog\/wp-content\/uploads\/2020\/01\/image-77.jpeg?fit=610%2C380\" data-orig-size=\"610,380\" data-comments-opened=\"0\" data-image-meta=\"{&quot;aperture&quot;:&quot;0&quot;,&quot;credit&quot;:&quot;&quot;,&quot;camera&quot;:&quot;&quot;,&quot;caption&quot;:&quot;&quot;,&quot;created_timestamp&quot;:&quot;0&quot;,&quot;copyright&quot;:&quot;&quot;,&quot;focal_length&quot;:&quot;0&quot;,&quot;iso&quot;:&quot;0&quot;,&quot;shutter_speed&quot;:&quot;0&quot;,&quot;title&quot;:&quot;&quot;,&quot;orientation&quot;:&quot;0&quot;}\" data-image-title=\"image-77\" data-image-description=\"\" data-image-caption=\"\" data-medium-file=\"https:\/\/i0.wp.com\/blogdalucianaoliveira.com.br\/blog\/wp-content\/uploads\/2020\/01\/image-77.jpeg?fit=300%2C187\" data-large-file=\"https:\/\/i0.wp.com\/blogdalucianaoliveira.com.br\/blog\/wp-content\/uploads\/2020\/01\/image-77.jpeg?fit=600%2C374\" src=\"https:\/\/i0.wp.com\/blogdalucianaoliveira.com.br\/blog\/wp-content\/uploads\/2020\/01\/image-77.jpeg?resize=600%2C374\" alt=\"\" class=\"wp-image-26213\" srcset=\"https:\/\/i0.wp.com\/blogdalucianaoliveira.com.br\/blog\/wp-content\/uploads\/2020\/01\/image-77.jpeg?w=610 610w, https:\/\/i0.wp.com\/blogdalucianaoliveira.com.br\/blog\/wp-content\/uploads\/2020\/01\/image-77.jpeg?resize=300%2C187 300w, https:\/\/i0.wp.com\/blogdalucianaoliveira.com.br\/blog\/wp-content\/uploads\/2020\/01\/image-77.jpeg?resize=482%2C300 482w\" sizes=\"auto, (max-width: 600px) 100vw, 600px\" \/><\/figure>\n\n\n\n<p>No 247, por por Sergio Storch &#8211; Calma. N\u00e3o espere que a ficha caia. N\u00e3o cai. As fichas descem, aos pouquinhos. As mentalidades t\u00eam o apego \u00e0s cren\u00e7as, clich\u00eas, diz-que-diz-que, mitos, globonews e jovempan. A convers\u00e3o \u00e9 lenta. Mas o emburrecimento coletivo nunca \u00e9 definitivo.<\/p>\n\n\n\n<!--more-->\n\n\n\n<p>Uma ondinha de mal estar come\u00e7ou a circular h\u00e1 10 dias, com a fala do cidad\u00e3o que deixou entrever com nitidez a amea\u00e7a do nazismo. A sem-cerim\u00f4nia em parafrasear Goebbels, o \u00edcone da manipula\u00e7\u00e3o de massas nazista, provocou at\u00e9 o embaixador que h\u00e1 um ano saltitava na sua festa celebrando a amizade pragm\u00e1tica de Bolsonaro e Netanyahu, parceiros do fascismo internacional de Steve Bannon.<\/p>\n\n\n\n<p>Ca\u00eddas como raio em c\u00e9u azul, as palavras come\u00e7aram a abrir os olhos de pessoas ainda entorpecidas com a ilus\u00e3o do primeiro ano, de que alus\u00f5es a \u201cfuzilar a petralhada\u201d podem n\u00e3o ter nada a ver conosco, naquela estreiteza de \u201cpimenta nos olhos do outro \u00e9 refresco\u201d.\u00a0<br><\/p>\n\n\n\n<p>O Goebbels nas entrelinhas fez come\u00e7ar a sair da amn\u00e9sia, e lembrar que o nazismo foi um processo. Todos lembram as palavras do pastor Niemoller: \u201cPrimeiro levaram os comunistas, mas n\u00e3o falei, por n\u00e3o ser comunista. Depois, perseguiram os judeus. Nada disse ent\u00e3o, por n\u00e3o ser judeu. Em seguida, castigaram os sindicalistas. Decidi n\u00e3o falar, porque n\u00e3o sou sindicalista. Mais tarde, foi a vez dos cat\u00f3licos. Tamb\u00e9m me calei, por ser protestante. Ent\u00e3o, um dia, vieram buscar-me. N\u00e3o havia mais quem pudesse falar.\u201d&nbsp;<\/p>\n\n\n\n<p>L\u00e1 demorou, ap\u00f3s a ascens\u00e3o do cara, em 1933, com a condescend\u00eancia de brit\u00e2nicos e franceses, pois o cara seria \u00fatil para combater o comunismo. As\u00a0<a href=\"https:\/\/encyclopedia.ushmm.org\/content\/pt-br\/article\/nuremberg-laws\">Leis de Nuremberg, s\u00f3 em 1935.<\/a>\u00a0A\u00a0<a href=\"https:\/\/pt.wikipedia.org\/wiki\/Noite_dos_Cristais\">Noite dos Cristais\u00a0<\/a>\u00a0(os cacos dos vidros das sinagogas e das lojas de judeus), s\u00f3 em 1938. O exterm\u00ednio em massa s\u00f3 come\u00e7aria ap\u00f3s a prepara\u00e7\u00e3o da \u201carquitetura da destrui\u00e7\u00e3o\u201d para o lan\u00e7amento da \u201csolu\u00e7\u00e3o final para a quest\u00e3o judaica\u201d, na\u00a0<a href=\"https:\/\/pt.wikipedia.org\/wiki\/Confer%C3%AAncia_de_Wannsee\">Confer\u00eancia de Wansee (1942).<\/a>\u00a0<br><\/p>\n\n\n\n<p>Ap\u00f3s os sete anos em que era ainda poss\u00edvel fazer de conta, em apenas dois anos foi a hecatombe, desde Wansee at\u00e9 a liberta\u00e7\u00e3o do campo de Auschwitz pelo Ex\u00e9rcito Sovi\u00e9tico, na data que celebramos hoje, o Dia Mundial de Mem\u00f3ria das V\u00edtimas do Holocausto.&nbsp;<\/p>\n\n\n\n<p>Com a efici\u00eancia da C&amp;T alem\u00e3s, apoiadas pela Ford, IBM, Thyssen, IG Farben (av\u00f3 da BASF e Bayer, n\u00e3o esque\u00e7amos\u2026), e com a for\u00e7a social da mil\u00edcia &#8211; SS &#8211; formada por jovens da elite do pa\u00eds que tinha tido Bach e Goethe, foi cometido o crime que as palavras desse sincero membro do desgoverno n\u00e3o podem deixar de lembrar: \u2154 dos judeus europeus, \u00bc dos ciganos, e mais comunistas, social-democratas, liberais, ma\u00e7ons, cat\u00f3licos, homossexuais e, nos campos de batalha e cidades bombardeadas, o sacrif\u00edcio do n\u00famero estratosf\u00e9rico de 50 milh\u00f5es de seres humanos, inclusive milh\u00f5es do pr\u00f3prio povo que se havia deixado entregar \u00e0 lavagem cerebral a partir de clich\u00eas simpl\u00f3rios e simplistas.&nbsp;<\/p>\n\n\n\n<p>Quem n\u00e3o sabe fique sabendo &#8211; mem\u00f3ria e verdade &#8211; que a lavagem cerebral foi tamb\u00e9m da classe m\u00e9dia educada nas melhores universidades, cujos professores assinaram a expuls\u00e3o de colegas judeus: e m\u00e9dicos convertidos em monstros das SS, e advogados, engenheiros, professores. Mengele n\u00e3o foi exce\u00e7\u00e3o. Sim, quem diria que seria poss\u00edvel essa produ\u00e7\u00e3o de monstros em escala t\u00e3o vasta? Olhem o que est\u00e1 acontecendo em Altamira, Dourados, Bras\u00edlia (lembram dos filhos da classe m\u00e9dia alta de Bras\u00edlia, que incendiaram&nbsp;<a href=\"https:\/\/www.correiobraziliense.com.br\/app\/noticia\/cidades\/2018\/04\/20\/interna_cidadesdf,675182\/morte-do-indio-galdino-em-brasilia-completa-21-anos-hoje.shtml\">em 1997 o \u00edndio patax\u00f3 Galdino<\/a>? sim, acontece hoje com a Pol\u00edcia do D\u00f3ria).<\/p>\n\n\n\n<p>No Brasil, mal come\u00e7amos o \u201csabe-se como come\u00e7a, mas n\u00e3o como termina\u201d. Haver\u00e1 solavancos, expurgos, rupturas, substitui\u00e7\u00f5es, mas sabe-se l\u00e1 quantos s\u00e3o os ovos da serpente, o quanto as puls\u00f5es de morte j\u00e1 est\u00e3o arraigadas nas vis\u00f5es das for\u00e7as que constituem esse regime, com esse indiv\u00edduo ou sem ele, que tem acima de tudo a determina\u00e7\u00e3o de esmagar os direitos sociais que \u201cn\u00e3o cabem no or\u00e7amento\u201d, e de fazer do pa\u00eds uma nova col\u00f4nia abastecedora de bens prim\u00e1rios para aumentar a taxa de lucro do capital rentista.<\/p>\n\n\n\n<p>Os clich\u00eas que trazem a Goebbels um alento orgulhoso no inferno: \u201cpetralhas\u201d, \u201ce a Venezuela?\u201d, \u201cdeixa o cara governar\u201d, \u201cForo de S\u00e3o Paulo\u201d&#8230; A novil\u00edngua: \u201cGLO\u201d, \u201cexcludente de ilicitude\u201d, \u201cmarxismo cultural\u201d.&nbsp;<\/p>\n\n\n\n<p>Bem, falemos de genoc\u00eddios. Dos atuais. Que a mem\u00f3ria nos ensine a evitar. Haver\u00e1 quem diga: \u201cn\u00e3o, n\u00e3o h\u00e1 nada compar\u00e1vel com aquilo, n\u00e3o usem esta palavra\u201d. S\u00e3o monopolistas do sofrimento humano.<\/p>\n\n\n\n<p>Celebramos hoje um passo concreto do grito dado h\u00e1 exatamente um ano, puxado por judeus e judias, com cem assinaturas, em que fomos acompanhados por cat\u00f3licos, ateus, evang\u00e9licos, budistas, povo de santo, kardecistas, m\u00f3rmons, Baha\u00b4i:&nbsp;<a href=\"https:\/\/frentedompaulo.com.br\/genocidios-nunca-mais\/\">\u201cGenoc\u00eddios Nunca Mais!\u201d<\/a>.&nbsp;<br>O passo dado \u00e9 com os ensinamentos do&nbsp;<a href=\"https:\/\/mettacenter.org\/definitions\/constructive-program\/\">\u201cConstructive Program\u201d, eixo fundamental da Satyagraha de Mahatma Gandhi<\/a>, para irmos al\u00e9m da queixa e da den\u00fancia, abrindo caminho para a constru\u00e7\u00e3o do novo. N\u00e3o h\u00e1 tempo a perder, n\u00e3o h\u00e1 o que esperar, n\u00e3o h\u00e1 que alimentar ilus\u00f5es. Lideran\u00e7as de 12 &nbsp;religi\u00f5es, cat\u00f3licos, evang\u00e9licos, judeus, mu\u00e7ulmanos, budistas, candombl\u00e9, umbanda, m\u00f3rmons, kardecistas, Baha\u00b4i, ind\u00edgenas, Seicho-no-i\u00ea), com ind\u00edgenas de sete aldeias, desde Peru\u00edbe at\u00e9 S\u00e3o Vicente, e setores-chave da sociedade civil da Baixada Santista reagimos e convocamos, no Dia Nacional da Consci\u00eancia Ind\u00edgena, como Davi a Golias, ao desmonte da FUNAI por este desgoverno.<\/p>\n\n\n\n<p>Lan\u00e7amos, com vozes ind\u00edgenas, na&nbsp;<a href=\"https:\/\/frentedompaulo.com.br\/clone-21-01-dia-nacional-de-combate-a-intolerancia-religiosa-concha-acustica-de-santos\/\">Concha Ac\u00fastica da praia do Jos\u00e9 Menino<\/a>, em Santos, o&nbsp;<a href=\"https:\/\/frentedompaulo.com.br\/manifesto-de-lancamento-do-observatorio-de-apoio-defesa-e-valorizacao-dos-indigenas-da-baixada-santista-vale-do-ribeira-e-litoral-norte\/\">manifesto&nbsp;<\/a>de cria\u00e7\u00e3o do&nbsp;<strong>Observat\u00f3rio de Apoio, Defesa e Valoriza\u00e7\u00e3o dos Ind\u00edgenas da Baixada Santista, Vale do Ribeira e Litoral Norte.&nbsp;<\/strong>\u00c9 poss\u00edvel deter a barb\u00e1rie das senten\u00e7as de ju\u00edzes que favorecem a especula\u00e7ao imobili\u00e1ria, a grilagem, a humilha\u00e7\u00e3o e o desrespeito \u00e0 humanidade dos povos ind\u00edgenas. No litoral de S\u00e3o Paulo, na Mata Atl\u00e2ntica, nas florestas que queremos em p\u00e9, com o povo que melhor sabe guard\u00e1-la. Para termos \u00e1gua, para termos ar, para sobrevivermos. Eles \u00e9 n\u00f3s.&nbsp;<\/p>\n\n\n\n<p>Quem traz a mem\u00f3ria das v\u00edtimas do Holocausto tem este compromisso com toda a humanidade. Se seguimos a ess\u00eancia do que recebemos, as li\u00e7\u00f5es b\u00edblicas de amar ao pr\u00f3ximo como a ti mesmo, pimenta nos olhos do outro n\u00e3o \u00e9 refresco. O genoc\u00eddio ind\u00edgena nas Am\u00e9ricas \u00e9 o mais tr\u00e1gico de todos eles. Militares brasileiros, pensando serem patriotas, mataram na ditadura 8.000 ind\u00edgenas, conforme a Comiss\u00e3o Nacional da Verdade. Desta vez, podem ser alertados para se tornarem patriotas de verdade.<\/p>\n\n\n\n<p>A dignidade humana exige a todos que n\u00e3o sejam c\u00famplices com o seu sil\u00eancio.<\/p>\n\n\n\n<p>Que a mem\u00f3ria se converta em intelig\u00eancia coletiva para deter a barb\u00e1rie. Que o crime cesse. Que a civiliza\u00e7\u00e3o possa dar um salto qu\u00e2ntico, o de exercer o controle jur\u00eddico antes da consuma\u00e7\u00e3o do crime, como \u00e9 o sinal dado na&nbsp;<a href=\"https:\/\/apublica.org\/2019\/11\/e-muito-triste-levar-um-brasileiro-para-o-tribunal-penal-internacional-diz-co-autora-da-peticao\/\">a\u00e7\u00e3o movida junto ao Tribunal Penal Internacional de Haia<\/a>, criado \u00e0 semelhan\u00e7a do Tribunal de Nuremberg que puniu nazistas.<\/p>\n\n\n\n<p>A partir de hoje, Dia de Mem\u00f3ria das V\u00edtimas do Holocausto, voc\u00ea pode falar conosco: Genoc\u00eddios Nunca Mais, e estar ombro a ombro nas campanhas em todas as praias do litoral de S\u00e3o Paulo, conversando como ensinou Gandhi, nos guardass\u00f3is em feriad\u00f5es e nas f\u00e9rias de julho, para construirmos com os nossos cora\u00e7\u00f5es e mentes, o Observat\u00f3rio Ind\u00edgena. Fale com suas amigas e seus amigos. Na paz.<\/p>\n","protected":false},"excerpt":{"rendered":"<p>No 247, por por Sergio Storch &#8211; Calma. N\u00e3o espere que a ficha caia. N\u00e3o cai. As fichas descem, aos pouquinhos. As mentalidades t\u00eam o apego \u00e0s cren\u00e7as, clich\u00eas, diz-que-diz-que, mitos, globonews e jovempan. A convers\u00e3o \u00e9 lenta. Mas o emburrecimento coletivo nunca \u00e9 definitivo.<\/p>\n","protected":false},"author":1,"featured_media":0,"comment_status":"closed","ping_status":"open","sticky":false,"template":"","format":"standard","meta":{"_exactmetrics_skip_tracking":false,"_exactmetrics_sitenote_active":false,"_exactmetrics_sitenote_note":"","_exactmetrics_sitenote_category":0,"jetpack_post_was_ever_published":false,"_jetpack_newsletter_access":"","_jetpack_dont_email_post_to_subs":false,"_jetpack_newsletter_tier_id":0,"_jetpack_memberships_contains_paywalled_content":false,"_jetpack_memberships_contains_paid_content":false,"footnotes":"","jetpack_publicize_message":"","jetpack_publicize_feature_enabled":true,"jetpack_social_post_already_shared":true,"jetpack_social_options":{"image_generator_settings":{"template":"highway","enabled":false},"version":2}},"categories":[1],"tags":[],"class_list":["post-26212","post","type-post","status-publish","format-standard","hentry","category-notas"],"jetpack_publicize_connections":[],"jetpack_sharing_enabled":true,"jetpack_featured_media_url":"","jetpack_shortlink":"https:\/\/wp.me\/p7wKYW-6OM","jetpack-related-posts":[],"_links":{"self":[{"href":"http:\/\/blogdalucianaoliveira.com.br\/blog\/wp-json\/wp\/v2\/posts\/26212","targetHints":{"allow":["GET"]}}],"collection":[{"href":"http:\/\/blogdalucianaoliveira.com.br\/blog\/wp-json\/wp\/v2\/posts"}],"about":[{"href":"http:\/\/blogdalucianaoliveira.com.br\/blog\/wp-json\/wp\/v2\/types\/post"}],"author":[{"embeddable":true,"href":"http:\/\/blogdalucianaoliveira.com.br\/blog\/wp-json\/wp\/v2\/users\/1"}],"replies":[{"embeddable":true,"href":"http:\/\/blogdalucianaoliveira.com.br\/blog\/wp-json\/wp\/v2\/comments?post=26212"}],"version-history":[{"count":1,"href":"http:\/\/blogdalucianaoliveira.com.br\/blog\/wp-json\/wp\/v2\/posts\/26212\/revisions"}],"predecessor-version":[{"id":26214,"href":"http:\/\/blogdalucianaoliveira.com.br\/blog\/wp-json\/wp\/v2\/posts\/26212\/revisions\/26214"}],"wp:attachment":[{"href":"http:\/\/blogdalucianaoliveira.com.br\/blog\/wp-json\/wp\/v2\/media?parent=26212"}],"wp:term":[{"taxonomy":"category","embeddable":true,"href":"http:\/\/blogdalucianaoliveira.com.br\/blog\/wp-json\/wp\/v2\/categories?post=26212"},{"taxonomy":"post_tag","embeddable":true,"href":"http:\/\/blogdalucianaoliveira.com.br\/blog\/wp-json\/wp\/v2\/tags?post=26212"}],"curies":[{"name":"wp","href":"https:\/\/api.w.org\/{rel}","templated":true}]}}