{"id":26215,"date":"2020-01-28T08:17:55","date_gmt":"2020-01-28T12:17:55","guid":{"rendered":"http:\/\/blogdalucianaoliveira.com.br\/blog\/?p=26215"},"modified":"2020-01-28T08:18:07","modified_gmt":"2020-01-28T12:18:07","slug":"dataprev-trabalhadores-estao-parados-por-tempo-indeterminado","status":"publish","type":"post","link":"http:\/\/blogdalucianaoliveira.com.br\/blog\/2020\/01\/28\/dataprev-trabalhadores-estao-parados-por-tempo-indeterminado\/","title":{"rendered":"Dataprev: trabalhadores est\u00e3o parados por tempo indeterminado"},"content":{"rendered":"\n<figure class=\"wp-block-image size-large\"><img data-recalc-dims=\"1\" loading=\"lazy\" decoding=\"async\" width=\"600\" height=\"400\" data-attachment-id=\"26216\" data-permalink=\"http:\/\/blogdalucianaoliveira.com.br\/blog\/2020\/01\/28\/dataprev-trabalhadores-estao-parados-por-tempo-indeterminado\/image-78-2\/\" data-orig-file=\"https:\/\/i0.wp.com\/blogdalucianaoliveira.com.br\/blog\/wp-content\/uploads\/2020\/01\/image-78.jpeg?fit=640%2C427\" data-orig-size=\"640,427\" data-comments-opened=\"0\" data-image-meta=\"{&quot;aperture&quot;:&quot;0&quot;,&quot;credit&quot;:&quot;&quot;,&quot;camera&quot;:&quot;&quot;,&quot;caption&quot;:&quot;&quot;,&quot;created_timestamp&quot;:&quot;0&quot;,&quot;copyright&quot;:&quot;&quot;,&quot;focal_length&quot;:&quot;0&quot;,&quot;iso&quot;:&quot;0&quot;,&quot;shutter_speed&quot;:&quot;0&quot;,&quot;title&quot;:&quot;&quot;,&quot;orientation&quot;:&quot;0&quot;}\" data-image-title=\"image-78\" data-image-description=\"\" data-image-caption=\"\" data-medium-file=\"https:\/\/i0.wp.com\/blogdalucianaoliveira.com.br\/blog\/wp-content\/uploads\/2020\/01\/image-78.jpeg?fit=300%2C200\" data-large-file=\"https:\/\/i0.wp.com\/blogdalucianaoliveira.com.br\/blog\/wp-content\/uploads\/2020\/01\/image-78.jpeg?fit=600%2C400\" src=\"https:\/\/i0.wp.com\/blogdalucianaoliveira.com.br\/blog\/wp-content\/uploads\/2020\/01\/image-78.jpeg?resize=600%2C400\" alt=\"\" class=\"wp-image-26216\" srcset=\"https:\/\/i0.wp.com\/blogdalucianaoliveira.com.br\/blog\/wp-content\/uploads\/2020\/01\/image-78.jpeg?w=640 640w, https:\/\/i0.wp.com\/blogdalucianaoliveira.com.br\/blog\/wp-content\/uploads\/2020\/01\/image-78.jpeg?resize=300%2C200 300w, https:\/\/i0.wp.com\/blogdalucianaoliveira.com.br\/blog\/wp-content\/uploads\/2020\/01\/image-78.jpeg?resize=450%2C300 450w\" sizes=\"auto, (max-width: 600px) 100vw, 600px\" \/><\/figure>\n\n\n\n<h3 class=\"wp-block-heading\">Greve contra a privatiza\u00e7\u00e3o da empresa estatal que det\u00e9m dados da Previd\u00eancia chega a mais de 20 unidades da federa\u00e7\u00e3o<\/h3>\n\n\n\n<!--more-->\n\n\n\n<p>Nara Lacerda<\/p>\n\n\n\n<p>Brasil de Fato<\/p>\n\n\n\n<p>Servidores da Dataprev est\u00e3o em greve por tempo indeterminado em mais de 20 estados e no Distrito Federal. A paralisa\u00e7\u00e3o ocorre em resposta ao processo de privatiza\u00e7\u00e3o da empresa p\u00fablica de tecnologia, que hoje \u00e9 respons\u00e1vel por todo o banco de dados da Previd\u00eancia no Brasil. Os trabalhadores protestam contra o programa de desligamento volunt\u00e1rio em curso, que, segundo eles, esconde um processo de demiss\u00e3o em massa e visa fechar 20 unidades da empresa em diversos estados.<\/p>\n\n\n\n<p>Mensalmente a Dataprev processa cerca de 35 milh\u00f5es de benef\u00edcios previdenci\u00e1rios. S\u00e3o R$ 50 bilh\u00f5es em benef\u00edcios do INSS, o que representa&nbsp;R$ 555 bilh\u00f5es por ano. Al\u00e9m disso, a empresa&nbsp;cuida do seguro desemprego, do Cadastro Geral de Empregados e Desempregados, do Cadastro Nacional de Informa\u00e7\u00f5es Sociais, do Sistema de Benef\u00edcios do INSS e da Intermedia\u00e7\u00e3o de M\u00e3o de Obra e do Cadastro Brasileiro de Ocupa\u00e7\u00e3o.<\/p>\n\n\n\n<p>De acordo com a categoria, o governo n\u00e3o concluiu os estudos de viabilidade da privatiza\u00e7\u00e3o e n\u00e3o respeita a obrigatoriedade de autoriza\u00e7\u00e3o do Congresso Nacional para o processo.<\/p>\n\n\n\n<p>Moacir Lopes, secret\u00e1rio de administra\u00e7\u00e3o da Federa\u00e7\u00e3o Nacional dos Sindicatos dos Trabalhadores em Sa\u00fade, Trabalho, Previd\u00eancia e Assist\u00eancia Social (Fenasps),&nbsp;afirma que o governo n\u00e3o dialoga com os trabalhadores&nbsp;e ressalta os riscos existentes em passar para a iniciativa privada dados sigilosos de milh\u00f5es de brasileiros.&nbsp;<\/p>\n\n\n\n<p>&#8220;Quem vai ser respons\u00e1vel e como vai ser feita a seguran\u00e7a dos dados do INSS com a privatiza\u00e7\u00e3o da Dataprev? S\u00e3o dados de alta relev\u00e2ncia, envolvem a vida de muitos cidad\u00e3os. S\u00e3o dados de pagamentos de benef\u00edcios, l\u00e1 est\u00e3o os valores que cada um recebe, os dados pessoais aposentados. Portanto \u00e9 algo que precisa de muita seguran\u00e7a para evitar exposi\u00e7\u00e3o dos segurados. Vai desde a possibilidade de vazamento de dados para venda de produtos e servi\u00e7os, at\u00e9 golpes. H\u00e1 quadrilhas especializadas em aplicar golpes nos aposentados, quem vai garantir a seguran\u00e7a?&#8221;, questiona.<\/p>\n\n\n\n<p>Sem apresentar nenhuma prova, na&nbsp;semana passada, o&nbsp;secret\u00e1rio especial de Desestatiza\u00e7\u00e3o&nbsp;do Minist\u00e9rio da Economia, Salim Mattar, afirmou que os servidores da Dataprev vendem dados dos brasileiros.&nbsp;A Federa\u00e7\u00e3o Nacional dos Trabalhadores em Empresas de Processamento de Dados, Servi\u00e7os de Inform\u00e1tica e Similares informou que vai acionar a Justi\u00e7a e abrir uma representa\u00e7\u00e3o na Procuradoria Geral da Rep\u00fablica por crime de responsabilidade, desvio de finalidade e cal\u00fania contra&nbsp;Salim.<\/p>\n\n\n\n<p>Apag\u00e3o na Previd\u00eancia<\/p>\n\n\n\n<p>Os trabalhadores afirmam ainda que a privatiza\u00e7\u00e3o da Dataprev vai intensificar os problemas que v\u00eam sendo registrados na Previd\u00eancia. Na semana passada, o governo oficializou a&nbsp;<a href=\"https:\/\/www.brasildefato.com.br\/2020\/01\/15\/apagao-do-inss-era-esperado-e-intervencao-com-militares-e-absurda-diz-federacao\/\">contrata\u00e7\u00e3o tempor\u00e1ria de 7&nbsp;mil militares para prestar atendimento no INSS<\/a>. A inten\u00e7\u00e3o do governo \u00e9 tentar resolver a demanda de&nbsp;quase 2 milh\u00f5es de processos parados, que tendem a aumentar. Nesta ter\u00e7a-feira (28), o assunto ser\u00e1 discutido em&nbsp;uma audi\u00eancia da Fenasps com a presid\u00eancia do Instituto. A federa\u00e7\u00e3o&nbsp;protocolou&nbsp;uma A\u00e7\u00e3o Popular que visa obrigar o governo federal a realizar concurso p\u00fablico e&nbsp;iniciar uma campanha de est\u00edmulo para que aposentados voltem ao trabalho.&nbsp;<\/p>\n\n\n\n<p>&#8220;N\u00e3o faz sentido o governo apresentar uma solu\u00e7\u00e3o transit\u00f3ria como essa dos militares e n\u00e3o pensar a Previd\u00eancia daqui tr\u00eas, quatro ou cinco anos. Vai estar um caos pior do que hoje&#8221;, argumenta&nbsp;Moacir Lopes.<\/p>\n\n\n\n<p>No ano passado, o governo automatizou 90 servi\u00e7os prestados nas ag\u00eancias do INSS e informou a inten\u00e7\u00e3o de fechar 50% das Unidades Administrativas de Servi\u00e7os Gerais do INSS, privilegiando o atendimento digital. O secret\u00e1rio da&nbsp;Fenasps&nbsp;ressalta que a digitaliza\u00e7\u00e3o vem causando problemas. Ele lembra que mais de 30% da popula\u00e7\u00e3o n\u00e3o tem acesso \u00e0 internet e vai al\u00e9m: informa que em alguns postos e escrit\u00f3rios do INSS pelo Brasil&nbsp;nem mesmo a velocidade da internet \u00e9 suficiente para a presta\u00e7\u00e3o dos servi\u00e7os digitais.<\/p>\n\n\n\n<p>De acordo com as entidades que representam os trabalhadores, o quadro de servidores foi reduzido em 40% nos \u00faltimos anos. Somada a falta de novos concursos p\u00fablicos, a situa\u00e7\u00e3o causa defasagem no atendimento.&nbsp;Os trabalhadores afirmam que existe a percep\u00e7\u00e3o de uma a\u00e7\u00e3o proposital por parte do governo para a queda na qualidade do servi\u00e7o prestado. A inten\u00e7\u00e3o seria usar a situa\u00e7\u00e3o como argumento para conseguir apoio da popula\u00e7\u00e3o ao processo de venda da empresa.<\/p>\n\n\n\n<p>O&nbsp;<a href=\"https:\/\/www.brasildefato.com.br\/2019\/12\/23\/como-a-privatizacao-de-duas-estatais-coloca-em-risco-a-seguranca-dos-seus-dados\/\" target=\"_blank\" rel=\"noreferrer noopener\">tema da privatiza\u00e7\u00e3o, segundo informou a Dataprev ao&nbsp;<strong>Brasil de Fato<\/strong>, est\u00e1&nbsp;sendo tratado pelo Minist\u00e9rio da Economia e Casa Civil<\/a>&nbsp;da Presid\u00eancia da Rep\u00fablica.<\/p>\n\n\n\n<p>Edi\u00e7\u00e3o: Vivian Fernandes<\/p>\n","protected":false},"excerpt":{"rendered":"<p>Greve contra a privatiza\u00e7\u00e3o da empresa estatal que det\u00e9m dados da Previd\u00eancia chega a mais de 20 unidades da federa\u00e7\u00e3o<\/p>\n","protected":false},"author":1,"featured_media":0,"comment_status":"closed","ping_status":"open","sticky":false,"template":"","format":"standard","meta":{"_exactmetrics_skip_tracking":false,"_exactmetrics_sitenote_active":false,"_exactmetrics_sitenote_note":"","_exactmetrics_sitenote_category":0,"jetpack_post_was_ever_published":false,"_jetpack_newsletter_access":"","_jetpack_dont_email_post_to_subs":false,"_jetpack_newsletter_tier_id":0,"_jetpack_memberships_contains_paywalled_content":false,"_jetpack_memberships_contains_paid_content":false,"footnotes":"","jetpack_publicize_message":"","jetpack_publicize_feature_enabled":true,"jetpack_social_post_already_shared":true,"jetpack_social_options":{"image_generator_settings":{"template":"highway","enabled":false},"version":2}},"categories":[1],"tags":[],"class_list":["post-26215","post","type-post","status-publish","format-standard","hentry","category-notas"],"jetpack_publicize_connections":[],"jetpack_sharing_enabled":true,"jetpack_featured_media_url":"","jetpack_shortlink":"https:\/\/wp.me\/p7wKYW-6OP","jetpack-related-posts":[],"_links":{"self":[{"href":"http:\/\/blogdalucianaoliveira.com.br\/blog\/wp-json\/wp\/v2\/posts\/26215","targetHints":{"allow":["GET"]}}],"collection":[{"href":"http:\/\/blogdalucianaoliveira.com.br\/blog\/wp-json\/wp\/v2\/posts"}],"about":[{"href":"http:\/\/blogdalucianaoliveira.com.br\/blog\/wp-json\/wp\/v2\/types\/post"}],"author":[{"embeddable":true,"href":"http:\/\/blogdalucianaoliveira.com.br\/blog\/wp-json\/wp\/v2\/users\/1"}],"replies":[{"embeddable":true,"href":"http:\/\/blogdalucianaoliveira.com.br\/blog\/wp-json\/wp\/v2\/comments?post=26215"}],"version-history":[{"count":1,"href":"http:\/\/blogdalucianaoliveira.com.br\/blog\/wp-json\/wp\/v2\/posts\/26215\/revisions"}],"predecessor-version":[{"id":26217,"href":"http:\/\/blogdalucianaoliveira.com.br\/blog\/wp-json\/wp\/v2\/posts\/26215\/revisions\/26217"}],"wp:attachment":[{"href":"http:\/\/blogdalucianaoliveira.com.br\/blog\/wp-json\/wp\/v2\/media?parent=26215"}],"wp:term":[{"taxonomy":"category","embeddable":true,"href":"http:\/\/blogdalucianaoliveira.com.br\/blog\/wp-json\/wp\/v2\/categories?post=26215"},{"taxonomy":"post_tag","embeddable":true,"href":"http:\/\/blogdalucianaoliveira.com.br\/blog\/wp-json\/wp\/v2\/tags?post=26215"}],"curies":[{"name":"wp","href":"https:\/\/api.w.org\/{rel}","templated":true}]}}