{"id":26218,"date":"2020-01-28T09:17:42","date_gmt":"2020-01-28T13:17:42","guid":{"rendered":"http:\/\/blogdalucianaoliveira.com.br\/blog\/?p=26218"},"modified":"2020-01-28T09:19:20","modified_gmt":"2020-01-28T13:19:20","slug":"o-sonho-americano-sucumbe-diante-da-destruicao-do-valor-do-trabalho","status":"publish","type":"post","link":"http:\/\/blogdalucianaoliveira.com.br\/blog\/2020\/01\/28\/o-sonho-americano-sucumbe-diante-da-destruicao-do-valor-do-trabalho\/","title":{"rendered":"O sonho americano sucumbe diante da destrui\u00e7\u00e3o do valor do trabalho"},"content":{"rendered":"\n<figure class=\"wp-block-image size-large\"><img data-recalc-dims=\"1\" loading=\"lazy\" decoding=\"async\" width=\"600\" height=\"360\" data-attachment-id=\"26219\" data-permalink=\"http:\/\/blogdalucianaoliveira.com.br\/blog\/2020\/01\/28\/o-sonho-americano-sucumbe-diante-da-destruicao-do-valor-do-trabalho\/image-79-2\/\" data-orig-file=\"https:\/\/i0.wp.com\/blogdalucianaoliveira.com.br\/blog\/wp-content\/uploads\/2020\/01\/image-79.jpeg?fit=768%2C461\" data-orig-size=\"768,461\" data-comments-opened=\"0\" data-image-meta=\"{&quot;aperture&quot;:&quot;0&quot;,&quot;credit&quot;:&quot;&quot;,&quot;camera&quot;:&quot;&quot;,&quot;caption&quot;:&quot;&quot;,&quot;created_timestamp&quot;:&quot;0&quot;,&quot;copyright&quot;:&quot;&quot;,&quot;focal_length&quot;:&quot;0&quot;,&quot;iso&quot;:&quot;0&quot;,&quot;shutter_speed&quot;:&quot;0&quot;,&quot;title&quot;:&quot;&quot;,&quot;orientation&quot;:&quot;0&quot;}\" data-image-title=\"image-79\" data-image-description=\"\" data-image-caption=\"\" data-medium-file=\"https:\/\/i0.wp.com\/blogdalucianaoliveira.com.br\/blog\/wp-content\/uploads\/2020\/01\/image-79.jpeg?fit=300%2C180\" data-large-file=\"https:\/\/i0.wp.com\/blogdalucianaoliveira.com.br\/blog\/wp-content\/uploads\/2020\/01\/image-79.jpeg?fit=600%2C360\" src=\"https:\/\/i0.wp.com\/blogdalucianaoliveira.com.br\/blog\/wp-content\/uploads\/2020\/01\/image-79.jpeg?resize=600%2C360\" alt=\"\" class=\"wp-image-26219\" srcset=\"https:\/\/i0.wp.com\/blogdalucianaoliveira.com.br\/blog\/wp-content\/uploads\/2020\/01\/image-79.jpeg?w=768 768w, https:\/\/i0.wp.com\/blogdalucianaoliveira.com.br\/blog\/wp-content\/uploads\/2020\/01\/image-79.jpeg?resize=300%2C180 300w, https:\/\/i0.wp.com\/blogdalucianaoliveira.com.br\/blog\/wp-content\/uploads\/2020\/01\/image-79.jpeg?resize=500%2C300 500w\" sizes=\"auto, (max-width: 600px) 100vw, 600px\" \/><\/figure>\n\n\n\n<h4 class=\"wp-block-heading\"><br>Quase metade dos trabalhadores dos EUA com idade entre 18 e 64 anos labuta em empregos de baixa remunera\u00e7\u00e3o<\/h4>\n\n\n\n<!--more-->\n\n\n\n<p>Na Carta Capital <\/p>\n\n\n\n<p>Dias antes do fe\u00e9rico pronunciamento de Donald Trump em Davos, o jornal\u00a0<em>The New York Times<\/em>\u00a0publicou um texto comovente do articulista Nicholas Kristof. Da boca e garganta de Trump ribombaram celebra\u00e7\u00f5es do desempenho da economia dos Estado Unidos. Da pena de Kristof ecoam lamentos e lam\u00farias dos habitantes de Yamhill, uma pequena cidade do Oregon. A hist\u00f3ria de Kristof recua para a d\u00e9cada de 70 do s\u00e9culo passado e registra a algazarra que reinava diariamente no \u00f4nibus escolar no 6. Nick viajava todos os dias na companhia de seus vizinhos da fam\u00edlia Knapp, Farlan, Zealan, Rogena, Nathan e Keylan. Filhos da classe trabalhadora, os meninos e meninas sonhavam \u201cem meio a travessuras, bravatas e otimismo\u201d.<\/p>\n\n\n\n<p>O pai dos meninos tinha um emprego firme e bem remunerado como instalador de dutos. A fam\u00edlia explodiu em felicidade quando adquiriu a casa pr\u00f3pria e a alegria foi intensa no dia em que Farlan ganhou um Ford Mustang ao completar 16 anos.\u00a0<br><\/p>\n\n\n\n<p>\u201choje, cerca de um quarto das crian\u00e7as do \u00f4nibus no 6 est\u00e3o mortas, vitimadas por drogas, suic\u00eddio, \u00e1lcool ou acidentes causados por imprud\u00eancia. Dos cinco filhos da fam\u00edlia Knapp, Farlan morreu de insufici\u00eancia hep\u00e1tica por bebida e drogas, Zealan queimado at\u00e9 a morte em um inc\u00eandio em casa, desmaiado e b\u00eabado, Rogena morreu de hepatite ligada ao uso de drogas e Nathan explodiu-se ao cozinhar metanfetamina. Keylan sobreviveu porque passou 13 anos em uma penitenci\u00e1ria estadual.\u201d<\/p>\n\n\n\n<p>As outras crian\u00e7as no \u00f4nibus n\u00e3o tiveram destino melhor. \u201cMike suicidou-se, Steve morreu em um acidente de moto, Cindy de depress\u00e3o que culminou em um ataque card\u00edaco, Jeff de um acidente de carro, Billy de diabetes na pris\u00e3o, Kevin de doen\u00e7as relacionadas \u00e0 obesidade, Tim de um acidente em trabalhos de constru\u00e7\u00e3o, Sue de causas indeterminadas. Chris \u00e9 dado como morto, depois de anos de alcoolismo e sem-teto. Ao menos mais um est\u00e1 na pris\u00e3o, e outro \u00e9 sem-teto.\u201d<\/p>\n\n\n\n<p>A pequena Yamhill n\u00e3o \u00e9 uma exce\u00e7\u00e3o na vida contempor\u00e2nea dos Estados Unidos. As assim chamadas \u201cmortes por desespero\u201d assumiram dimens\u00f5es assustadoras. Os suic\u00eddios apresentam a taxa mais elevada desde a Segunda Guerra. As defun\u00e7\u00f5es por abuso de drogas, sobretudo opioides, atingiram \u00edndices alarmantes. \u201cO significado da vida para a classe trabalhadora parece ter evaporado\u201d, disse Angus Deaton, economista engalanado com o Pr\u00eamio Nobel e autor da express\u00e3o Morte por Desespero. Nos rastros da alegria barulhenta e esperan\u00e7osa do \u00f4nibus no 6 restaram as mortes por \u00e1lcool, drogas e suic\u00eddio.<\/p>\n\n\n\n<p>Kristof atribui a avalanche de desgra\u00e7as individuais \u00e0 desintegra\u00e7\u00e3o da classe trabalhadora americana. \u201cEmpregos perdidos, fam\u00edlias quebradas, melancolia \u2013 e pol\u00edticas fracassadas. O sofrimento dos menos favorecidos era invis\u00edvel para os ricos, mas agora os bilion\u00e1rios aparentam preocupa\u00e7\u00e3o com os rumos dos Estados Unidos.\u201d<\/p>\n\n\n\n<p>A Faculdade de Direito da Universidade Cornell publicou recentemente um estudo a respeito das muta\u00e7\u00f5es no mercado de trabalho local. O prop\u00f3sito da investiga\u00e7\u00e3o \u00e9 construir um \u00edndice de qualidade dos empregos oferecidos pelo setor privado desde a Segunda Guerra (<em>The U.S. Private Sector Job Quality Index<\/em>).&nbsp;<\/p>\n\n\n\n<p>O&nbsp;<em>Job Quality Index<\/em>&nbsp;destina-se a avaliar \u2013 em uma base mensal \u2013 em que medida os empregos criados nos Estados Unidos correspondem \u00e0s expectativas dos trabalhadores. O crit\u00e9rio adotado compara as vagas que oferecem uma rela\u00e7\u00e3o sal\u00e1rios\/horas trabalhadas inferior \u00e0 desejada com as ocupa\u00e7\u00f5es que ensejam uma rela\u00e7\u00e3o satisfat\u00f3ria, ou seja, maior sal\u00e1rio, mais horas trabalhadas. N\u00e3o \u00e9 dif\u00edcil descobrir a predomin\u00e2ncia dos empregos de poucas horas e baixos sal\u00e1rios.<\/p>\n\n\n\n<figure class=\"wp-block-image\"><img data-recalc-dims=\"1\" decoding=\"async\" src=\"https:\/\/i0.wp.com\/www.cartacapital.com.br\/wp-content\/uploads\/2020\/01\/000_1O5695.jpg?w=600&#038;ssl=1\" alt=\"\" class=\"wp-image-109559\"\/><\/figure>\n\n\n\n<p>VIS\u00c3O PECULIAR. EM DAVOS, TRUMP CELEBRA A FOR\u00c7A DA ECONOMIA DOS EUA. COMO NO BRASIL, A BOLSA BATE RECORDES, MAS A VIDA DOS CIDAD\u00c3OS PATINA. FOTO: JIM WATSON\/AFP<\/p>\n\n\n\n<p>Relat\u00f3rio publicado em novembro de 2019 pela Brookings Institution constata que 44% dos trabalhadores americanos com idades entre 18 e 64 anos (em um total de 53 milh\u00f5es) labutam em empregos de baixa remunera\u00e7\u00e3o, com uma renda m\u00e9dia anual de apenas 17.950 d\u00f3lares. Se elevarmos o sarrafo para al\u00e9m dos 64 anos, esses 53 milh\u00f5es v\u00e3o sofrer a companhia dos trabalhadores mais velhos, cujo contingente cresce rapidamente.<\/p>\n\n\n\n<p>Os mais idosos voltam ao trabalho por n\u00e3o conseguirem custear as despesas de alimenta\u00e7\u00e3o, moradia, transporte e sa\u00fade quando se aposentam (colapso da poupan\u00e7a pessoal, pens\u00f5es m\u00ednimas e aumento da idade de aposentadoria). Deve-se, portanto, adicionar ao menos outros 5 milh\u00f5es obrigados a voltar ao mercado de trabalho. Esse contingente de 58 milh\u00f5es que trabalham em tempo parcial, em contratos de muito curto prazo ou tempor\u00e1rios e que ganham 8 d\u00f3lares por hora, provavelmente comp\u00f5e a maioria dos americanos que n\u00e3o receberam aumentos salariais no ano passado.<\/p>\n\n\n\n<p>Assim como no caso de seus antecessores, o ciclo de expans\u00e3o comemorado por Trump fracassa miseravelmente no atendimento das promessas mais caras ao american dream: crescimento da renda e gera\u00e7\u00e3o de empregos est\u00e1veis e bem remunerados.<\/p>\n\n\n\n<figure class=\"wp-block-image\"><img data-recalc-dims=\"1\" decoding=\"async\" src=\"https:\/\/i0.wp.com\/www.cartacapital.com.br\/wp-content\/uploads\/2020\/01\/estados-unidos.jpg?w=600&#038;ssl=1\" alt=\"\" class=\"wp-image-109560\"\/><\/figure>\n\n\n\n<p>ESPERTEZA. CORTAR OS IMPOSTOS DOS MAIS RICOS TORNOU-SE MODA A PARTIR DOS ANOS 1970, MAS S\u00d3 ENFRAQUECEU OS EUA. FOTO: ISTOCKPHOTO<\/p>\n\n\n\n<p>Muitos compraram a vers\u00e3o da \u201cresponsabilidade pessoal\u201d que atira \u00e0s costas dos indiv\u00edduos a culpa por serem pobres. Nesse diapas\u00e3o liberal, classes trabalhadoras e remediadas nos Estados Unidos ziguezagueiam entre os fetiches do individualismo e as realidades cru\u00e9is do decl\u00ednio social e econ\u00f4mico. A individualiza\u00e7\u00e3o do fracasso n\u00e3o consegue mais ocultar o destino comum reservado aos derrotados pela desordem do sistema social. Na American Business Roundtable de 2019, os bacanas das grandes corpora\u00e7\u00f5es bateram no peito para purgar os pecados que porventura tenham cometido em nome da efici\u00eancia que redundou em baixas remunera\u00e7\u00f5es dos trabalhadores e na maximiza\u00e7\u00e3o do \u201cvalor do acionista\u201d. O mercado de a\u00e7\u00f5es bate recordes, mas a classe trabalhadora prossegue na dura batalha pela sobreviv\u00eancia.<\/p>\n\n\n\n<p>Joseph Stiglitz reconheceu que a declara\u00e7\u00e3o em prol do bem-estar das demais partes interessadas \u2013 trabalhadores, fornecedores, clientes \u2013 repercute um mal-estar com os desequil\u00edbrios de poder e desigualdade na distribui\u00e7\u00e3o de renda. Assinado na mencionada reuni\u00e3o do ano passado por praticamente todos os parrudos integrantes da Mesa-Redonda, o mea-culpa causou grande agita\u00e7\u00e3o nos mercados. Desconfiado, o economista recomendou cautela diante das boas inten- \u00e7\u00f5es dos executivos. \u201cTeremos que esperar para ver se a declara\u00e7\u00e3o recente da American Business Roundtable a respeito da governan\u00e7a corporativa com base na primazia dos acionistas \u00e9 para valer ou meramente um golpe publicit\u00e1rio. Se os CEO mais poderosos da Am\u00e9rica realmente acreditam no que dizem, apoiar\u00e3o reformas legislativas abrangentes.\u201d<\/p>\n\n\n\n<p>Nos Estados Unidos, entrou em voga nos anos 80 a \u201ceconomia da oferta\u201d e sua filha dileta, a curva de Laffer, que preconizavam a redu\u00e7\u00e3o de impostos para os ricos \u201cpoupadores\u201d e empresas. Os adeptos da supply side economics decretaram a inefic\u00e1cia dos sistemas de tributa\u00e7\u00e3o progressiva da renda, que, segundo eles, promoviam o desincentivo \u00e0 produ\u00e7\u00e3o e \u00e0 poupan\u00e7a geradora de novo investimento. A macroeconomia de Ronald Reagan defendia a tese do \u201cgotejamento\u201d: as camadas trabalhadoras e os governos receberam os benef\u00edcios da riqueza acumulada livremente pelos abonados empreendedores sob a forma de sal\u00e1rios crescentes e aumento das receitas fiscais.<\/p>\n\n\n\n<blockquote class=\"wp-block-quote is-layout-flow wp-block-quote-is-layout-flow\"><p>Entre 1973 e 2010, o rendimento do 1% mais rico triplicou. Dos 99% aumentou s\u00f3 10%<\/p><\/blockquote>\n\n\n\n<p>A enrola\u00e7\u00e3o do gotejamento n\u00e3o entregou o prometido. A migra\u00e7\u00e3o da grande empresa para as regi\u00f5es de baixos sal\u00e1rios, a desregulamenta\u00e7\u00e3o financeira e a prodigalidade de isen\u00e7\u00f5es e favores fiscais para as empresas e para as camadas endinheiradas n\u00e3o promoveram a esperada eleva\u00e7\u00e3o da taxa de investimento e, ao mesmo tempo, produziram a estagna\u00e7\u00e3o dos rendimentos da classe m\u00e9dia para baixo, a persist\u00eancia dos d\u00e9ficits or\u00e7ament\u00e1rios e o crescimento do endividamento p\u00fablico e privado. A prociss\u00e3o de desenganos foi acompanhada da amplia\u00e7\u00e3o dos d\u00e9ficits em conta corrente e da transi\u00e7\u00e3o dos Estados Unidos de pa\u00eds credor para devedor. A crise da classe m\u00e9dia n\u00e3o \u00e9 fruto da Grande Recess\u00e3o, iniciada em 2008, mas um fen\u00f4meno de longo prazo. De 1973 at\u00e9 2010, o rendimento de 90% das fam\u00edlias americanas cresceu 10% em termos reais, enquanto os ganhos dos situados na faixa dos super-ricos \u2013 a turma do 1% superior \u2013 triplicaram. Pior ainda: a cada ciclo a recupera\u00e7\u00e3o do emprego \u00e9 mais lenta e, portanto, maior \u00e9 a press\u00e3o sobre os rendimentos dos assalariados.<\/p>\n\n\n\n<p>Os lucros foram gordos para os senhores da finan\u00e7a e para as empresas empenhadas no outsourcing e na \u201cdeslocaliza\u00e7\u00e3o\u201d das atividades para as regi\u00f5es de sal\u00e1rios \u201ccompetitivos\u201d. Barack Obama e seus economistas salvaram Wall Street da derrocada financeira, mas n\u00e3o responderam \u00e0s demandos da maioria dos americanos atormentados pelas perspectivas de um crescimento p\u00edfio do emprego e dos sal\u00e1rios. A lenta recupera\u00e7\u00e3o da economia n\u00e3o consegue oferecer aos seus cidad\u00e3os solu\u00e7\u00f5es cr\u00edveis para atenuar as desgra\u00e7as da anomia social e da destrui\u00e7\u00e3o dos nexos b\u00e1sicos da sociabilidade, inclusive os familiares.<\/p>\n\n\n\n<p>Mobilidade do capital financeiro e, ao mesmo tempo, centraliza\u00e7\u00e3o do capital produtivo \u00e0 escala mundial. Essa converg\u00eancia suscitou os surtos intensos de demiss\u00f5es de trabalhadores, a elimina\u00e7\u00e3o dos melhores postos de trabalho, a man\u00edaca obsess\u00e3o com a redu\u00e7\u00e3o de custos.<\/p>\n\n\n\n<p>N\u00e3o se trata de nenhuma inevitabilidade tecnol\u00f3gica. Foram, de fato, gigantescos os avan\u00e7os na redu\u00e7\u00e3o do tempo de trabalho exigido para o atendimento das necessidades, reais e imagin\u00e1rias, da sociedade. Mas os resultados mesquinhos em termos de cria\u00e7\u00e3o de novos empregos e de melhora das condi\u00e7\u00f5es de vida s\u00f3 podem ser explicados pelo peculiar metabolismo das economias capitalistas, sob o imp\u00e9rio da competi\u00e7\u00e3o desbragada e das finan\u00e7as globais desreguladas.&nbsp;<\/p>\n","protected":false},"excerpt":{"rendered":"<p>Quase metade dos trabalhadores dos EUA com idade entre 18 e 64 anos labuta em empregos de baixa remunera\u00e7\u00e3o<\/p>\n","protected":false},"author":1,"featured_media":0,"comment_status":"closed","ping_status":"open","sticky":false,"template":"","format":"standard","meta":{"_exactmetrics_skip_tracking":false,"_exactmetrics_sitenote_active":false,"_exactmetrics_sitenote_note":"","_exactmetrics_sitenote_category":0,"jetpack_post_was_ever_published":false,"_jetpack_newsletter_access":"","_jetpack_dont_email_post_to_subs":false,"_jetpack_newsletter_tier_id":0,"_jetpack_memberships_contains_paywalled_content":false,"_jetpack_memberships_contains_paid_content":false,"footnotes":"","jetpack_publicize_message":"","jetpack_publicize_feature_enabled":true,"jetpack_social_post_already_shared":true,"jetpack_social_options":{"image_generator_settings":{"template":"highway","enabled":false},"version":2}},"categories":[1],"tags":[],"class_list":["post-26218","post","type-post","status-publish","format-standard","hentry","category-notas"],"jetpack_publicize_connections":[],"jetpack_sharing_enabled":true,"jetpack_featured_media_url":"","jetpack_shortlink":"https:\/\/wp.me\/p7wKYW-6OS","jetpack-related-posts":[],"_links":{"self":[{"href":"http:\/\/blogdalucianaoliveira.com.br\/blog\/wp-json\/wp\/v2\/posts\/26218","targetHints":{"allow":["GET"]}}],"collection":[{"href":"http:\/\/blogdalucianaoliveira.com.br\/blog\/wp-json\/wp\/v2\/posts"}],"about":[{"href":"http:\/\/blogdalucianaoliveira.com.br\/blog\/wp-json\/wp\/v2\/types\/post"}],"author":[{"embeddable":true,"href":"http:\/\/blogdalucianaoliveira.com.br\/blog\/wp-json\/wp\/v2\/users\/1"}],"replies":[{"embeddable":true,"href":"http:\/\/blogdalucianaoliveira.com.br\/blog\/wp-json\/wp\/v2\/comments?post=26218"}],"version-history":[{"count":1,"href":"http:\/\/blogdalucianaoliveira.com.br\/blog\/wp-json\/wp\/v2\/posts\/26218\/revisions"}],"predecessor-version":[{"id":26220,"href":"http:\/\/blogdalucianaoliveira.com.br\/blog\/wp-json\/wp\/v2\/posts\/26218\/revisions\/26220"}],"wp:attachment":[{"href":"http:\/\/blogdalucianaoliveira.com.br\/blog\/wp-json\/wp\/v2\/media?parent=26218"}],"wp:term":[{"taxonomy":"category","embeddable":true,"href":"http:\/\/blogdalucianaoliveira.com.br\/blog\/wp-json\/wp\/v2\/categories?post=26218"},{"taxonomy":"post_tag","embeddable":true,"href":"http:\/\/blogdalucianaoliveira.com.br\/blog\/wp-json\/wp\/v2\/tags?post=26218"}],"curies":[{"name":"wp","href":"https:\/\/api.w.org\/{rel}","templated":true}]}}