{"id":26221,"date":"2020-01-28T09:22:00","date_gmt":"2020-01-28T13:22:00","guid":{"rendered":"http:\/\/blogdalucianaoliveira.com.br\/blog\/?p=26221"},"modified":"2020-01-28T09:22:12","modified_gmt":"2020-01-28T13:22:12","slug":"bozo-marreco-e-porcina-resolveram-partir-para-o-deboche","status":"publish","type":"post","link":"http:\/\/blogdalucianaoliveira.com.br\/blog\/2020\/01\/28\/bozo-marreco-e-porcina-resolveram-partir-para-o-deboche\/","title":{"rendered":"BOZO, MARRECO E PORCINA RESOLVERAM PARTIR PARA O DEBOCHE"},"content":{"rendered":"\n<figure class=\"wp-block-image size-large\"><img data-recalc-dims=\"1\" loading=\"lazy\" decoding=\"async\" width=\"600\" height=\"351\" data-attachment-id=\"26222\" data-permalink=\"http:\/\/blogdalucianaoliveira.com.br\/blog\/2020\/01\/28\/bozo-marreco-e-porcina-resolveram-partir-para-o-deboche\/image-8-4\/\" data-orig-file=\"https:\/\/i0.wp.com\/blogdalucianaoliveira.com.br\/blog\/wp-content\/uploads\/2020\/01\/image-8.png?fit=600%2C351\" data-orig-size=\"600,351\" data-comments-opened=\"0\" data-image-meta=\"{&quot;aperture&quot;:&quot;0&quot;,&quot;credit&quot;:&quot;&quot;,&quot;camera&quot;:&quot;&quot;,&quot;caption&quot;:&quot;&quot;,&quot;created_timestamp&quot;:&quot;0&quot;,&quot;copyright&quot;:&quot;&quot;,&quot;focal_length&quot;:&quot;0&quot;,&quot;iso&quot;:&quot;0&quot;,&quot;shutter_speed&quot;:&quot;0&quot;,&quot;title&quot;:&quot;&quot;,&quot;orientation&quot;:&quot;0&quot;}\" data-image-title=\"image-8\" data-image-description=\"\" data-image-caption=\"\" data-medium-file=\"https:\/\/i0.wp.com\/blogdalucianaoliveira.com.br\/blog\/wp-content\/uploads\/2020\/01\/image-8.png?fit=300%2C176\" data-large-file=\"https:\/\/i0.wp.com\/blogdalucianaoliveira.com.br\/blog\/wp-content\/uploads\/2020\/01\/image-8.png?fit=600%2C351\" src=\"https:\/\/i0.wp.com\/blogdalucianaoliveira.com.br\/blog\/wp-content\/uploads\/2020\/01\/image-8.png?resize=600%2C351\" alt=\"\" class=\"wp-image-26222\" srcset=\"https:\/\/i0.wp.com\/blogdalucianaoliveira.com.br\/blog\/wp-content\/uploads\/2020\/01\/image-8.png?w=600 600w, https:\/\/i0.wp.com\/blogdalucianaoliveira.com.br\/blog\/wp-content\/uploads\/2020\/01\/image-8.png?resize=300%2C176 300w, https:\/\/i0.wp.com\/blogdalucianaoliveira.com.br\/blog\/wp-content\/uploads\/2020\/01\/image-8.png?resize=513%2C300 513w\" sizes=\"auto, (max-width: 600px) 100vw, 600px\" \/><\/figure>\n\n\n\n<p>N\u00e3o sei como ainda tem gente levando esse governo a s\u00e9rio.<\/p>\n\n\n\n<!--more-->\n\n\n\n<p>Ricardo Kotscho<\/p>\n\n\n\n<p>Depois de uma semana fora do ar, catando conchinhas na praia da imagina\u00e7\u00e3o, volto e reencontro os mesmos personagens ocupando o picadeiro, tirando um sarro da nossa cara.<\/p>\n\n\n\n<p>Se n\u00e3o fossem t\u00e3o tr\u00e1gicos, seriam apenas uns gaiatos que se divertem ao distrair a plat\u00e9ia bestificada com novelinhas sem gra\u00e7a no \u201cGran Circo Brasil\u201d.<\/p>\n\n\n\n<p>Ressuscitaram at\u00e9 a \u201cVi\u00fava Porcina\u201d, a que foi sem nunca ter sido, convocada para o lugar daquele nazista de hosp\u00edcio, enquanto Bozo e Marreco fingem uma luta de marmelada.<\/p>\n\n\n\n<p>Eles agora resolveram partir para o deboche com os jornalistas, j\u00e1 que n\u00e3o encontram nenhuma rea\u00e7\u00e3o pela frente.<\/p>\n\n\n\n<p>Depois de fingir que era um homem s\u00e9rio no \u201cRoda Viva\u201d da semana passada, o ex-juiz apareceu nesta segunda-feira no lugar certo: o Programa \u201cP\u00e2nico\u201d, da Jovem Pan, montado com um elenco de ex-jornalistas que s\u00f3 fazem piadas a favor do governo e batem em quem \u00e9 contra.<\/p>\n\n\n\n<p>L\u00e1 pelas tantas, um deles imitou a voz do ministro, aqueles grunhidos sem nexo, e tentou ser engra\u00e7ado:<\/p>\n\n\n\n<p>\u201cEspero que voc\u00ea n\u00e3o me d\u00ea voz de pris\u00e3o, ministro\u201d.<\/p>\n\n\n\n<p>Entrando na onda, o ex-tem\u00edvel Marreco abriu um sorriso largo:<\/p>\n\n\n\n<p>\u201cAgora tem a Lei do Abuso de Autoridade, n\u00e3o pode mais prender jornalista, n\u00e9?\u201d<\/p>\n\n\n\n<p>Porcina aprendeu r\u00e1pido e j\u00e1 avisou que, se passar no \u201cteste de noivado\u201d, vai querer morar em casas separadas para combater o \u201cmarxismo cultural\u201d.<\/p>\n\n\n\n<p>Besta ela n\u00e3o \u00e9. N\u00e3o quer ficar em Bras\u00edlia, onde a concorr\u00eancia de figuras lim\u00edtrofes \u00e9 muito grande.<\/p>\n\n\n\n<p>Como nas novelas mexicanas do SBT do amigo Silvio, Bozo teve um ataque de ci\u00fame por Witzel ter chamado o vice Mour\u00e3o de \u201cpresidente\u201d, durante sua vilegiatura pela \u00cdndia.<\/p>\n\n\n\n<p>E tudo \u00e9 tratado pelos colunistas da grande imprensa como se esse enredo tragic\u00f4mico mostrasse uma obra shakespeariana encenada no parlamento brit\u00e2nico.<\/p>\n\n\n\n<p>Promovida a Damares da Cultura, mesmo sem ter ainda assinado contrato, o sorriso de aeromo\u00e7a de Porcina ocupa as primeiras p\u00e1ginas dos jornais empilhados na minha mesa que ainda n\u00e3o tive vontade de ler.<\/p>\n\n\n\n<p>Para falar bem a verdade, tamb\u00e9m n\u00e3o tenho nenhum prazer em escrever sobre toda essa cambada da \u201cnova pol\u00edtica\u201d que s\u00f3 pensa em 2022, mas fazer o qu\u00ea?<\/p>\n\n\n\n<p>\u00c9 o que temos para hoje, um dia como outro qualquer num pa\u00eds da Am\u00e9rica do Sul invadido por um ex\u00e9rcito de ocupa\u00e7\u00e3o, em que todos batem cabe\u00e7a e d\u00e3o tiros no p\u00e9, sem precisar de oposi\u00e7\u00e3o.<\/p>\n\n\n\n<p>Nem acredito que passei uma bela semana longe das not\u00edcias de Bras\u00edlia, sem sair do Brasil.<\/p>\n\n\n\n<p>A apenas 200 quil\u00f4metros de S\u00e3o Paulo, encontrei uma cidade onde todos os servi\u00e7os p\u00fablicos funcionam, as ruas s\u00e3o limpas, os jardins bem cuidados e os pedestres respeitados.<\/p>\n\n\n\n<p>N\u00e3o se v\u00ea uma bituca de cigarro ou latinhas de cerveja jogadas nas praias da cidade de S\u00e3o Sebasti\u00e3o. Para o bem ou para o mal, o exemplo sempre vem de cima.<\/p>\n\n\n\n<p>Quando o poder p\u00fablico cumpre seu papel, a popula\u00e7\u00e3o respeita.<\/p>\n\n\n\n<p>Nas pequenas cidades, h\u00e1 esperan\u00e7as.<\/p>\n\n\n\n<p>Vida que segue.<\/p>\n","protected":false},"excerpt":{"rendered":"<p>N\u00e3o sei como ainda tem gente levando esse governo a s\u00e9rio.<\/p>\n","protected":false},"author":1,"featured_media":0,"comment_status":"closed","ping_status":"open","sticky":false,"template":"","format":"standard","meta":{"_exactmetrics_skip_tracking":false,"_exactmetrics_sitenote_active":false,"_exactmetrics_sitenote_note":"","_exactmetrics_sitenote_category":0,"jetpack_post_was_ever_published":false,"_jetpack_newsletter_access":"","_jetpack_dont_email_post_to_subs":false,"_jetpack_newsletter_tier_id":0,"_jetpack_memberships_contains_paywalled_content":false,"_jetpack_memberships_contains_paid_content":false,"footnotes":"","jetpack_publicize_message":"","jetpack_publicize_feature_enabled":true,"jetpack_social_post_already_shared":true,"jetpack_social_options":{"image_generator_settings":{"template":"highway","enabled":false},"version":2}},"categories":[1],"tags":[],"class_list":["post-26221","post","type-post","status-publish","format-standard","hentry","category-notas"],"jetpack_publicize_connections":[],"jetpack_sharing_enabled":true,"jetpack_featured_media_url":"","jetpack_shortlink":"https:\/\/wp.me\/p7wKYW-6OV","jetpack-related-posts":[],"_links":{"self":[{"href":"http:\/\/blogdalucianaoliveira.com.br\/blog\/wp-json\/wp\/v2\/posts\/26221","targetHints":{"allow":["GET"]}}],"collection":[{"href":"http:\/\/blogdalucianaoliveira.com.br\/blog\/wp-json\/wp\/v2\/posts"}],"about":[{"href":"http:\/\/blogdalucianaoliveira.com.br\/blog\/wp-json\/wp\/v2\/types\/post"}],"author":[{"embeddable":true,"href":"http:\/\/blogdalucianaoliveira.com.br\/blog\/wp-json\/wp\/v2\/users\/1"}],"replies":[{"embeddable":true,"href":"http:\/\/blogdalucianaoliveira.com.br\/blog\/wp-json\/wp\/v2\/comments?post=26221"}],"version-history":[{"count":1,"href":"http:\/\/blogdalucianaoliveira.com.br\/blog\/wp-json\/wp\/v2\/posts\/26221\/revisions"}],"predecessor-version":[{"id":26223,"href":"http:\/\/blogdalucianaoliveira.com.br\/blog\/wp-json\/wp\/v2\/posts\/26221\/revisions\/26223"}],"wp:attachment":[{"href":"http:\/\/blogdalucianaoliveira.com.br\/blog\/wp-json\/wp\/v2\/media?parent=26221"}],"wp:term":[{"taxonomy":"category","embeddable":true,"href":"http:\/\/blogdalucianaoliveira.com.br\/blog\/wp-json\/wp\/v2\/categories?post=26221"},{"taxonomy":"post_tag","embeddable":true,"href":"http:\/\/blogdalucianaoliveira.com.br\/blog\/wp-json\/wp\/v2\/tags?post=26221"}],"curies":[{"name":"wp","href":"https:\/\/api.w.org\/{rel}","templated":true}]}}