{"id":26224,"date":"2020-01-28T14:03:34","date_gmt":"2020-01-28T18:03:34","guid":{"rendered":"http:\/\/blogdalucianaoliveira.com.br\/blog\/?p=26224"},"modified":"2020-01-28T14:05:09","modified_gmt":"2020-01-28T18:05:09","slug":"bloco-pirarucu-do-madeira-vai-se-apresentar-na-feirinha-do-conjunto-santo-antonio","status":"publish","type":"post","link":"http:\/\/blogdalucianaoliveira.com.br\/blog\/2020\/01\/28\/bloco-pirarucu-do-madeira-vai-se-apresentar-na-feirinha-do-conjunto-santo-antonio\/","title":{"rendered":"Bloco Pirarucu do Madeira vai se apresentar na feirinha do Conjunto Santo Ant\u00f4nio"},"content":{"rendered":"\n<figure class=\"wp-block-image size-large\"><img loading=\"lazy\" decoding=\"async\" width=\"1280\" height=\"1280\" data-attachment-id=\"26227\" data-permalink=\"http:\/\/blogdalucianaoliveira.com.br\/blog\/2020\/01\/28\/bloco-pirarucu-do-madeira-vai-se-apresentar-na-feirinha-do-conjunto-santo-antonio\/c74c57fc-4bb5-4e6f-9f79-a33705e3e38a\/\" data-orig-file=\"https:\/\/i0.wp.com\/blogdalucianaoliveira.com.br\/blog\/wp-content\/uploads\/2020\/01\/C74C57FC-4BB5-4E6F-9F79-A33705E3E38A.jpeg?fit=1280%2C1280\" data-orig-size=\"1280,1280\" data-comments-opened=\"0\" data-image-meta=\"{&quot;aperture&quot;:&quot;0&quot;,&quot;credit&quot;:&quot;&quot;,&quot;camera&quot;:&quot;&quot;,&quot;caption&quot;:&quot;&quot;,&quot;created_timestamp&quot;:&quot;0&quot;,&quot;copyright&quot;:&quot;&quot;,&quot;focal_length&quot;:&quot;0&quot;,&quot;iso&quot;:&quot;0&quot;,&quot;shutter_speed&quot;:&quot;0&quot;,&quot;title&quot;:&quot;&quot;,&quot;orientation&quot;:&quot;0&quot;}\" data-image-title=\"C74C57FC-4BB5-4E6F-9F79-A33705E3E38A\" data-image-description=\"\" data-image-caption=\"\" data-medium-file=\"https:\/\/i0.wp.com\/blogdalucianaoliveira.com.br\/blog\/wp-content\/uploads\/2020\/01\/C74C57FC-4BB5-4E6F-9F79-A33705E3E38A.jpeg?fit=300%2C300\" data-large-file=\"https:\/\/i0.wp.com\/blogdalucianaoliveira.com.br\/blog\/wp-content\/uploads\/2020\/01\/C74C57FC-4BB5-4E6F-9F79-A33705E3E38A.jpeg?fit=600%2C600\" src=\"https:\/\/i1.wp.com\/blogdalucianaoliveira.com.br\/blog\/wp-content\/uploads\/2020\/01\/C74C57FC-4BB5-4E6F-9F79-A33705E3E38A.jpeg?fit=600%2C600\" alt=\"\" class=\"wp-image-26227\" srcset=\"https:\/\/i0.wp.com\/blogdalucianaoliveira.com.br\/blog\/wp-content\/uploads\/2020\/01\/C74C57FC-4BB5-4E6F-9F79-A33705E3E38A.jpeg?w=1280 1280w, https:\/\/i0.wp.com\/blogdalucianaoliveira.com.br\/blog\/wp-content\/uploads\/2020\/01\/C74C57FC-4BB5-4E6F-9F79-A33705E3E38A.jpeg?resize=300%2C300 300w, https:\/\/i0.wp.com\/blogdalucianaoliveira.com.br\/blog\/wp-content\/uploads\/2020\/01\/C74C57FC-4BB5-4E6F-9F79-A33705E3E38A.jpeg?resize=1024%2C1024 1024w, https:\/\/i0.wp.com\/blogdalucianaoliveira.com.br\/blog\/wp-content\/uploads\/2020\/01\/C74C57FC-4BB5-4E6F-9F79-A33705E3E38A.jpeg?resize=150%2C150 150w, https:\/\/i0.wp.com\/blogdalucianaoliveira.com.br\/blog\/wp-content\/uploads\/2020\/01\/C74C57FC-4BB5-4E6F-9F79-A33705E3E38A.jpeg?resize=768%2C768 768w, https:\/\/i0.wp.com\/blogdalucianaoliveira.com.br\/blog\/wp-content\/uploads\/2020\/01\/C74C57FC-4BB5-4E6F-9F79-A33705E3E38A.jpeg?w=1200 1200w\" sizes=\"auto, (max-width: 600px) 100vw, 600px\" \/><\/figure>\n\n\n\n<p>Tudo a ver a parceria de interven\u00e7\u00e3o social e cultural firmada entre&nbsp;o bloco Pirarucu do Madeira e a Associa\u00e7\u00e3o Comunit\u00e1ria Liberdade&nbsp;e S\u00e3o Jo\u00e3o Bosco \u2013 ACLIS, que leva o nome de dois bairros de&nbsp;Porto Velho.<\/p>\n\n\n\n<!--more-->\n\n\n\n<p>A feirinha que acontece toda ter\u00e7a-feira na pra\u00e7a do conjunto Santo&nbsp;Ant\u00f4nio \u00e9 iniciativa de moradores e tem como objetivo n\u00e3o s\u00f3 o&nbsp;lazer, comercializa\u00e7\u00e3o de saborosas comidas e artesanato.&nbsp;<br><\/p>\n\n\n\n<figure class=\"wp-block-image size-large\"><img loading=\"lazy\" decoding=\"async\" width=\"1280\" height=\"853\" data-attachment-id=\"26225\" data-permalink=\"http:\/\/blogdalucianaoliveira.com.br\/blog\/2020\/01\/28\/bloco-pirarucu-do-madeira-vai-se-apresentar-na-feirinha-do-conjunto-santo-antonio\/bb602be3-a98b-422d-afbc-ed48c424dc80\/\" data-orig-file=\"https:\/\/i0.wp.com\/blogdalucianaoliveira.com.br\/blog\/wp-content\/uploads\/2020\/01\/BB602BE3-A98B-422D-AFBC-ED48C424DC80.jpeg?fit=1280%2C853\" data-orig-size=\"1280,853\" data-comments-opened=\"0\" data-image-meta=\"{&quot;aperture&quot;:&quot;0&quot;,&quot;credit&quot;:&quot;&quot;,&quot;camera&quot;:&quot;&quot;,&quot;caption&quot;:&quot;&quot;,&quot;created_timestamp&quot;:&quot;0&quot;,&quot;copyright&quot;:&quot;&quot;,&quot;focal_length&quot;:&quot;0&quot;,&quot;iso&quot;:&quot;0&quot;,&quot;shutter_speed&quot;:&quot;0&quot;,&quot;title&quot;:&quot;&quot;,&quot;orientation&quot;:&quot;0&quot;}\" data-image-title=\"BB602BE3-A98B-422D-AFBC-ED48C424DC80\" data-image-description=\"\" data-image-caption=\"\" data-medium-file=\"https:\/\/i0.wp.com\/blogdalucianaoliveira.com.br\/blog\/wp-content\/uploads\/2020\/01\/BB602BE3-A98B-422D-AFBC-ED48C424DC80.jpeg?fit=300%2C200\" data-large-file=\"https:\/\/i0.wp.com\/blogdalucianaoliveira.com.br\/blog\/wp-content\/uploads\/2020\/01\/BB602BE3-A98B-422D-AFBC-ED48C424DC80.jpeg?fit=600%2C400\" src=\"https:\/\/i2.wp.com\/blogdalucianaoliveira.com.br\/blog\/wp-content\/uploads\/2020\/01\/BB602BE3-A98B-422D-AFBC-ED48C424DC80.jpeg?fit=600%2C400\" alt=\"\" class=\"wp-image-26225\" srcset=\"https:\/\/i0.wp.com\/blogdalucianaoliveira.com.br\/blog\/wp-content\/uploads\/2020\/01\/BB602BE3-A98B-422D-AFBC-ED48C424DC80.jpeg?w=1280 1280w, https:\/\/i0.wp.com\/blogdalucianaoliveira.com.br\/blog\/wp-content\/uploads\/2020\/01\/BB602BE3-A98B-422D-AFBC-ED48C424DC80.jpeg?resize=300%2C200 300w, https:\/\/i0.wp.com\/blogdalucianaoliveira.com.br\/blog\/wp-content\/uploads\/2020\/01\/BB602BE3-A98B-422D-AFBC-ED48C424DC80.jpeg?resize=1024%2C682 1024w, https:\/\/i0.wp.com\/blogdalucianaoliveira.com.br\/blog\/wp-content\/uploads\/2020\/01\/BB602BE3-A98B-422D-AFBC-ED48C424DC80.jpeg?resize=768%2C512 768w, https:\/\/i0.wp.com\/blogdalucianaoliveira.com.br\/blog\/wp-content\/uploads\/2020\/01\/BB602BE3-A98B-422D-AFBC-ED48C424DC80.jpeg?resize=450%2C300 450w, https:\/\/i0.wp.com\/blogdalucianaoliveira.com.br\/blog\/wp-content\/uploads\/2020\/01\/BB602BE3-A98B-422D-AFBC-ED48C424DC80.jpeg?w=1200 1200w\" sizes=\"auto, (max-width: 600px) 100vw, 600px\" \/><\/figure>\n\n\n\n<p>O evento semanal \u00e9 utilizado em v\u00e1rias campanhas educativas,&nbsp;entre elas pela preserva\u00e7\u00e3o do meio ambiente. A associa\u00e7\u00e3o firma&nbsp;conv\u00eanios e parcerias com \u00f3rg\u00e3os p\u00fablicos para promover&nbsp;cidadania.<\/p>\n\n\n\n<p>A feirinha que nasceu h\u00e1 um ano e meio oferta produtos da&nbsp;agricultura familiar e variados quitutes regionais.<\/p>\n\n\n\n<figure class=\"wp-block-image size-large\"><img loading=\"lazy\" decoding=\"async\" width=\"1280\" height=\"853\" data-attachment-id=\"26226\" data-permalink=\"http:\/\/blogdalucianaoliveira.com.br\/blog\/2020\/01\/28\/bloco-pirarucu-do-madeira-vai-se-apresentar-na-feirinha-do-conjunto-santo-antonio\/8a8b6ea1-5282-4640-9125-cff58b9c1601\/\" data-orig-file=\"https:\/\/i0.wp.com\/blogdalucianaoliveira.com.br\/blog\/wp-content\/uploads\/2020\/01\/8A8B6EA1-5282-4640-9125-CFF58B9C1601.jpeg?fit=1280%2C853\" data-orig-size=\"1280,853\" data-comments-opened=\"0\" data-image-meta=\"{&quot;aperture&quot;:&quot;0&quot;,&quot;credit&quot;:&quot;&quot;,&quot;camera&quot;:&quot;&quot;,&quot;caption&quot;:&quot;&quot;,&quot;created_timestamp&quot;:&quot;0&quot;,&quot;copyright&quot;:&quot;&quot;,&quot;focal_length&quot;:&quot;0&quot;,&quot;iso&quot;:&quot;0&quot;,&quot;shutter_speed&quot;:&quot;0&quot;,&quot;title&quot;:&quot;&quot;,&quot;orientation&quot;:&quot;0&quot;}\" data-image-title=\"8A8B6EA1-5282-4640-9125-CFF58B9C1601\" data-image-description=\"\" data-image-caption=\"\" data-medium-file=\"https:\/\/i0.wp.com\/blogdalucianaoliveira.com.br\/blog\/wp-content\/uploads\/2020\/01\/8A8B6EA1-5282-4640-9125-CFF58B9C1601.jpeg?fit=300%2C200\" data-large-file=\"https:\/\/i0.wp.com\/blogdalucianaoliveira.com.br\/blog\/wp-content\/uploads\/2020\/01\/8A8B6EA1-5282-4640-9125-CFF58B9C1601.jpeg?fit=600%2C400\" src=\"https:\/\/i0.wp.com\/blogdalucianaoliveira.com.br\/blog\/wp-content\/uploads\/2020\/01\/8A8B6EA1-5282-4640-9125-CFF58B9C1601.jpeg?fit=600%2C400\" alt=\"\" class=\"wp-image-26226\" srcset=\"https:\/\/i0.wp.com\/blogdalucianaoliveira.com.br\/blog\/wp-content\/uploads\/2020\/01\/8A8B6EA1-5282-4640-9125-CFF58B9C1601.jpeg?w=1280 1280w, https:\/\/i0.wp.com\/blogdalucianaoliveira.com.br\/blog\/wp-content\/uploads\/2020\/01\/8A8B6EA1-5282-4640-9125-CFF58B9C1601.jpeg?resize=300%2C200 300w, https:\/\/i0.wp.com\/blogdalucianaoliveira.com.br\/blog\/wp-content\/uploads\/2020\/01\/8A8B6EA1-5282-4640-9125-CFF58B9C1601.jpeg?resize=1024%2C682 1024w, https:\/\/i0.wp.com\/blogdalucianaoliveira.com.br\/blog\/wp-content\/uploads\/2020\/01\/8A8B6EA1-5282-4640-9125-CFF58B9C1601.jpeg?resize=768%2C512 768w, https:\/\/i0.wp.com\/blogdalucianaoliveira.com.br\/blog\/wp-content\/uploads\/2020\/01\/8A8B6EA1-5282-4640-9125-CFF58B9C1601.jpeg?resize=450%2C300 450w, https:\/\/i0.wp.com\/blogdalucianaoliveira.com.br\/blog\/wp-content\/uploads\/2020\/01\/8A8B6EA1-5282-4640-9125-CFF58B9C1601.jpeg?w=1200 1200w\" sizes=\"auto, (max-width: 600px) 100vw, 600px\" \/><\/figure>\n\n\n\n<p>\u201cNosso primeiro relat\u00f3rio de atividades mostra que alcan\u00e7amos\u00a0mais organiza\u00e7\u00e3o comunit\u00e1ria estamos e estamos dando um exemplo de bom\u00a0uso do espa\u00e7o p\u00fablico\u201d, disse Reginaldo Marques, presidente da\u00a0ACLIS.<\/p>\n\n\n\n<p>O bloco mais democr\u00e1tico do carnaval da capital foi convidado a participar da Feirinha pelos valores culturais e sociais a que&nbsp;igualmente se engaja.<\/p>\n\n\n\n<p>No dia 11\/02, a banda Puraqu\u00e9 e alguns dos bonecos gigantes do&nbsp;bloco se apresentar\u00e3o a partir das 19 horas.<\/p>\n\n\n\n<p>O repert\u00f3rio \u00e9 tradicional e incluir\u00e1 os frevos do Bloco em&nbsp;homenagem aos povos ind\u00edgenas no carnaval deste ano.&nbsp;<\/p>\n\n\n\n<p>\u201cFicamos muito felizes com o convite. A feirinha e o Pirarucu do&nbsp;Madeira s\u00e3o eventos familiares, democr\u00e1ticos e organizados. Que a participa\u00e7\u00e3o do Pirarucu inspire a associa\u00e7\u00e3o a criar um bloco&nbsp;carnavalesco na comunidade\u201d, disse o presidente do bloco, Ernande Segismundo.&nbsp;<\/p>\n","protected":false},"excerpt":{"rendered":"<p>Tudo a ver a parceria de interven\u00e7\u00e3o social e cultural firmada entre&nbsp;o bloco Pirarucu do Madeira e a Associa\u00e7\u00e3o Comunit\u00e1ria Liberdade&nbsp;e S\u00e3o Jo\u00e3o Bosco \u2013 ACLIS, que leva o nome de dois bairros de&nbsp;Porto Velho.<\/p>\n","protected":false},"author":1,"featured_media":0,"comment_status":"closed","ping_status":"open","sticky":false,"template":"","format":"standard","meta":{"_exactmetrics_skip_tracking":false,"_exactmetrics_sitenote_active":false,"_exactmetrics_sitenote_note":"","_exactmetrics_sitenote_category":0,"jetpack_post_was_ever_published":false,"_jetpack_newsletter_access":"","_jetpack_dont_email_post_to_subs":false,"_jetpack_newsletter_tier_id":0,"_jetpack_memberships_contains_paywalled_content":false,"_jetpack_memberships_contains_paid_content":false,"footnotes":"","jetpack_publicize_message":"","jetpack_publicize_feature_enabled":true,"jetpack_social_post_already_shared":true,"jetpack_social_options":{"image_generator_settings":{"template":"highway","enabled":false},"version":2}},"categories":[1],"tags":[],"class_list":["post-26224","post","type-post","status-publish","format-standard","hentry","category-notas"],"jetpack_publicize_connections":[],"jetpack_sharing_enabled":true,"jetpack_featured_media_url":"","jetpack_shortlink":"https:\/\/wp.me\/p7wKYW-6OY","jetpack-related-posts":[],"_links":{"self":[{"href":"http:\/\/blogdalucianaoliveira.com.br\/blog\/wp-json\/wp\/v2\/posts\/26224","targetHints":{"allow":["GET"]}}],"collection":[{"href":"http:\/\/blogdalucianaoliveira.com.br\/blog\/wp-json\/wp\/v2\/posts"}],"about":[{"href":"http:\/\/blogdalucianaoliveira.com.br\/blog\/wp-json\/wp\/v2\/types\/post"}],"author":[{"embeddable":true,"href":"http:\/\/blogdalucianaoliveira.com.br\/blog\/wp-json\/wp\/v2\/users\/1"}],"replies":[{"embeddable":true,"href":"http:\/\/blogdalucianaoliveira.com.br\/blog\/wp-json\/wp\/v2\/comments?post=26224"}],"version-history":[{"count":2,"href":"http:\/\/blogdalucianaoliveira.com.br\/blog\/wp-json\/wp\/v2\/posts\/26224\/revisions"}],"predecessor-version":[{"id":26229,"href":"http:\/\/blogdalucianaoliveira.com.br\/blog\/wp-json\/wp\/v2\/posts\/26224\/revisions\/26229"}],"wp:attachment":[{"href":"http:\/\/blogdalucianaoliveira.com.br\/blog\/wp-json\/wp\/v2\/media?parent=26224"}],"wp:term":[{"taxonomy":"category","embeddable":true,"href":"http:\/\/blogdalucianaoliveira.com.br\/blog\/wp-json\/wp\/v2\/categories?post=26224"},{"taxonomy":"post_tag","embeddable":true,"href":"http:\/\/blogdalucianaoliveira.com.br\/blog\/wp-json\/wp\/v2\/tags?post=26224"}],"curies":[{"name":"wp","href":"https:\/\/api.w.org\/{rel}","templated":true}]}}