{"id":26230,"date":"2020-01-28T18:03:29","date_gmt":"2020-01-28T22:03:29","guid":{"rendered":"http:\/\/blogdalucianaoliveira.com.br\/blog\/?p=26230"},"modified":"2020-01-28T18:03:40","modified_gmt":"2020-01-28T22:03:40","slug":"pussy-riot-homenageia-bolsonaro","status":"publish","type":"post","link":"http:\/\/blogdalucianaoliveira.com.br\/blog\/2020\/01\/28\/pussy-riot-homenageia-bolsonaro\/","title":{"rendered":"Pussy Riot \u201chomenageia\u201d Bolsonaro"},"content":{"rendered":"\n<figure class=\"wp-block-image size-large\"><img data-recalc-dims=\"1\" loading=\"lazy\" decoding=\"async\" width=\"600\" height=\"334\" data-attachment-id=\"26231\" data-permalink=\"http:\/\/blogdalucianaoliveira.com.br\/blog\/2020\/01\/28\/pussy-riot-homenageia-bolsonaro\/image-9-4\/\" data-orig-file=\"https:\/\/i0.wp.com\/blogdalucianaoliveira.com.br\/blog\/wp-content\/uploads\/2020\/01\/image-9.png?fit=768%2C427\" data-orig-size=\"768,427\" data-comments-opened=\"0\" data-image-meta=\"{&quot;aperture&quot;:&quot;0&quot;,&quot;credit&quot;:&quot;&quot;,&quot;camera&quot;:&quot;&quot;,&quot;caption&quot;:&quot;&quot;,&quot;created_timestamp&quot;:&quot;0&quot;,&quot;copyright&quot;:&quot;&quot;,&quot;focal_length&quot;:&quot;0&quot;,&quot;iso&quot;:&quot;0&quot;,&quot;shutter_speed&quot;:&quot;0&quot;,&quot;title&quot;:&quot;&quot;,&quot;orientation&quot;:&quot;0&quot;}\" data-image-title=\"image-9\" data-image-description=\"\" data-image-caption=\"\" data-medium-file=\"https:\/\/i0.wp.com\/blogdalucianaoliveira.com.br\/blog\/wp-content\/uploads\/2020\/01\/image-9.png?fit=300%2C167\" data-large-file=\"https:\/\/i0.wp.com\/blogdalucianaoliveira.com.br\/blog\/wp-content\/uploads\/2020\/01\/image-9.png?fit=600%2C334\" src=\"https:\/\/i0.wp.com\/blogdalucianaoliveira.com.br\/blog\/wp-content\/uploads\/2020\/01\/image-9.png?resize=600%2C334\" alt=\"\" class=\"wp-image-26231\" srcset=\"https:\/\/i0.wp.com\/blogdalucianaoliveira.com.br\/blog\/wp-content\/uploads\/2020\/01\/image-9.png?w=768 768w, https:\/\/i0.wp.com\/blogdalucianaoliveira.com.br\/blog\/wp-content\/uploads\/2020\/01\/image-9.png?resize=300%2C167 300w, https:\/\/i0.wp.com\/blogdalucianaoliveira.com.br\/blog\/wp-content\/uploads\/2020\/01\/image-9.png?resize=540%2C300 540w\" sizes=\"auto, (max-width: 600px) 100vw, 600px\" \/><\/figure>\n\n\n\n<p>Blog da Cidadania &#8211; O coletivo punk Pussy Riot, que se apresenta nesta quinta-feira em S\u00e3o Paulo, no festival Ver\u00e3o Sem Censura, publicou em seu perfil no Instagram o cartaz oficial de sua passagem pelo Brasil. Na ilustra\u00e7\u00e3o, est\u00e1 representado o rosto de Jair Bolsonaro delineado por ton\u00e9is com s\u00edmbolo de radia\u00e7\u00e3o estampado, al\u00e9m de chamin\u00e9s soltando fuma\u00e7a, lixo e caveiras.<\/p>\n\n\n\n<!--more-->\n\n\n\n<p>E sobre a cabe\u00e7a do presidente est\u00e1 desenhada uma performance com guitarras e bandeiras erguidas. \u201cSobre esta cabe\u00e7a feita e cheia de restos as Pussy Riots cantam e dan\u00e7am. N\u00f3s somos Pussy Riots\u201d, diz a legenda do post.<\/p>\n\n\n\n<p>Quando confirmou sua participa\u00e7\u00e3o no festival Ver\u00e3o Sem Censura, que re\u00fane pe\u00e7as, filmes e shows que foram alvos de cr\u00edticas e outras dificuldades impostas pelo governo, a integrante do coletivo Masha Ali\u00f4khina recebeu mensagens de brasileiros alertando sobre as semelhan\u00e7as entre Putin e o presidente Jair Bolsonaro. Ela tende a concordar:<\/p>\n\n\n\n<p>\u2014 Quero ver com meus pr\u00f3prios olhos, mas me parece que Bolsonaro n\u00e3o \u00e9 muito favor\u00e1vel \u00e0 liberdade. Infelizmente, vejo semelhan\u00e7as entre Bolsonaro e Putin. Os dois querem se apresentar com um \u201cpaiz\u00e3o\u201d, como protetores de uma grande na\u00e7\u00e3o.<\/p>\n\n\n\n<p>Na quinta, \u00e0s 20h, Masha toca com a rapper Linn da Quebrada em frente ao Centro Cultural S\u00e3o Paulo, na programa\u00e7\u00e3o do Ver\u00e3o Sem Censura.<br><\/p>\n\n\n\n<p>Ano passado, a banda americana de punk rock Dead kennedys acabou cancelando a turn\u00ea que faria em maio no Brasil ap\u00f3s uma enorme pol\u00eamica envolvendo um cartaz da turn\u00ea publicado nas redes sociais.<\/p>\n\n\n\n<p>Na ilustra\u00e7\u00e3o, uma fam\u00edlia de palha\u00e7os armados vestindo camisas que lembram a da sele\u00e7\u00e3o brasileira se abra\u00e7am e sorriem, enquanto uma favela pega fogo ao fundo. Tanques de guerra pilotados por outros palha\u00e7os e sangue escorrendo tamb\u00e9m s\u00e3o vistos na imagem, em que um dos filhos fala \u201cI love the smell of poor dead in the morning!\u201d. Em tradu\u00e7\u00e3o livre, \u201ceu amo o cheiro de pobre morto na manh\u00e3\u201d, escrito em ingl\u00eas propositalmente incorreto.<\/p>\n\n\n\n<p>Horas depois, assustada com a repercuss\u00e3o, a banda soltou um comunicado em sua p\u00e1gina no Facebook afirmando que o p\u00f4ster, de autoria do ilustrador alagoano Cristiano Suarez, foi divulgado pela produtora respons\u00e1vel pelos shows e n\u00e3o teve autoriza\u00e7\u00e3o da banda.<\/p>\n\n\n\n<p>Disse o comunicado da Dead Kennedys no Facebook: \u201cOk Pessoal; o promotor no Brasil realmente n\u00e3o soube como gerenciar as coisas da forma correta. Sem nos contatar sobre o assunto, a\u00e7\u00f5es est\u00fapidas foram tomadas e que fizeram com que os pregadores de \u00f3dio se manifestassem por todos os lados. Mesmo assim, n\u00f3s consideramos que o p\u00f4ster ficou bem legal e concordamos com a idea; as consequ\u00eancias criaram uma situa\u00e7\u00e3o bastante perigosa para nossos f\u00e3s que frequentam nossos shows. N\u00f3s nunca colocamos nosso p\u00fablico em risco, visto que isso n\u00e3o representa o que somos. Por esta raz\u00e3o, infelizmente estamos bastante tristes em informar que a banda n\u00e3o mais poder\u00e1 tocar no Brasil este ano\u201d.<\/p>\n\n\n\n<p><a href=\"https:\/\/oglobo.globo.com\/cultura\/rosto-de-bolsonaro-ilustra-cartaz-de-show-do-coletivo-pussy-riot-24216254\"><strong>O Globo<\/strong><\/a><\/p>\n","protected":false},"excerpt":{"rendered":"<p>Blog da Cidadania &#8211; O coletivo punk Pussy Riot, que se apresenta nesta quinta-feira em S\u00e3o Paulo, no festival Ver\u00e3o Sem Censura, publicou em seu perfil no Instagram o cartaz oficial de sua passagem pelo Brasil. Na ilustra\u00e7\u00e3o, est\u00e1 representado o rosto de Jair Bolsonaro delineado por ton\u00e9is com s\u00edmbolo de radia\u00e7\u00e3o estampado, al\u00e9m de&#8230;<a class=\"more-link\" href=\"http:\/\/blogdalucianaoliveira.com.br\/blog\/2020\/01\/28\/pussy-riot-homenageia-bolsonaro\/\">Continue a leitura <span class=\"meta-nav\">&raquo;<\/span><\/a><\/p>\n","protected":false},"author":1,"featured_media":0,"comment_status":"closed","ping_status":"open","sticky":false,"template":"","format":"standard","meta":{"_exactmetrics_skip_tracking":false,"_exactmetrics_sitenote_active":false,"_exactmetrics_sitenote_note":"","_exactmetrics_sitenote_category":0,"jetpack_post_was_ever_published":false,"_jetpack_newsletter_access":"","_jetpack_dont_email_post_to_subs":false,"_jetpack_newsletter_tier_id":0,"_jetpack_memberships_contains_paywalled_content":false,"_jetpack_memberships_contains_paid_content":false,"footnotes":"","jetpack_publicize_message":"","jetpack_publicize_feature_enabled":true,"jetpack_social_post_already_shared":true,"jetpack_social_options":{"image_generator_settings":{"template":"highway","enabled":false},"version":2}},"categories":[1],"tags":[],"class_list":["post-26230","post","type-post","status-publish","format-standard","hentry","category-notas"],"jetpack_publicize_connections":[],"jetpack_sharing_enabled":true,"jetpack_featured_media_url":"","jetpack_shortlink":"https:\/\/wp.me\/p7wKYW-6P4","jetpack-related-posts":[],"_links":{"self":[{"href":"http:\/\/blogdalucianaoliveira.com.br\/blog\/wp-json\/wp\/v2\/posts\/26230","targetHints":{"allow":["GET"]}}],"collection":[{"href":"http:\/\/blogdalucianaoliveira.com.br\/blog\/wp-json\/wp\/v2\/posts"}],"about":[{"href":"http:\/\/blogdalucianaoliveira.com.br\/blog\/wp-json\/wp\/v2\/types\/post"}],"author":[{"embeddable":true,"href":"http:\/\/blogdalucianaoliveira.com.br\/blog\/wp-json\/wp\/v2\/users\/1"}],"replies":[{"embeddable":true,"href":"http:\/\/blogdalucianaoliveira.com.br\/blog\/wp-json\/wp\/v2\/comments?post=26230"}],"version-history":[{"count":1,"href":"http:\/\/blogdalucianaoliveira.com.br\/blog\/wp-json\/wp\/v2\/posts\/26230\/revisions"}],"predecessor-version":[{"id":26232,"href":"http:\/\/blogdalucianaoliveira.com.br\/blog\/wp-json\/wp\/v2\/posts\/26230\/revisions\/26232"}],"wp:attachment":[{"href":"http:\/\/blogdalucianaoliveira.com.br\/blog\/wp-json\/wp\/v2\/media?parent=26230"}],"wp:term":[{"taxonomy":"category","embeddable":true,"href":"http:\/\/blogdalucianaoliveira.com.br\/blog\/wp-json\/wp\/v2\/categories?post=26230"},{"taxonomy":"post_tag","embeddable":true,"href":"http:\/\/blogdalucianaoliveira.com.br\/blog\/wp-json\/wp\/v2\/tags?post=26230"}],"curies":[{"name":"wp","href":"https:\/\/api.w.org\/{rel}","templated":true}]}}