{"id":26233,"date":"2020-01-28T18:34:47","date_gmt":"2020-01-28T22:34:47","guid":{"rendered":"http:\/\/blogdalucianaoliveira.com.br\/blog\/?p=26233"},"modified":"2020-01-28T18:34:56","modified_gmt":"2020-01-28T22:34:56","slug":"enff-15-anos-plantando-o-sonho-de-justica-social-trabalho-mistica-e-valores-humanistas-para-a-classe-trabalhadora","status":"publish","type":"post","link":"http:\/\/blogdalucianaoliveira.com.br\/blog\/2020\/01\/28\/enff-15-anos-plantando-o-sonho-de-justica-social-trabalho-mistica-e-valores-humanistas-para-a-classe-trabalhadora\/","title":{"rendered":"ENFF: 15 anos plantando o sonho de justi\u00e7a social, trabalho, m\u00edstica e valores humanistas para a classe trabalhadora"},"content":{"rendered":"\n<figure class=\"wp-block-image size-large\"><img data-recalc-dims=\"1\" loading=\"lazy\" decoding=\"async\" width=\"600\" height=\"402\" data-attachment-id=\"26234\" data-permalink=\"http:\/\/blogdalucianaoliveira.com.br\/blog\/2020\/01\/28\/enff-15-anos-plantando-o-sonho-de-justica-social-trabalho-mistica-e-valores-humanistas-para-a-classe-trabalhadora\/image-80-2\/\" data-orig-file=\"https:\/\/i0.wp.com\/blogdalucianaoliveira.com.br\/blog\/wp-content\/uploads\/2020\/01\/image-80.jpeg?fit=768%2C514\" data-orig-size=\"768,514\" data-comments-opened=\"0\" data-image-meta=\"{&quot;aperture&quot;:&quot;3.5&quot;,&quot;credit&quot;:&quot;&quot;,&quot;camera&quot;:&quot;NIKON D80&quot;,&quot;caption&quot;:&quot;&quot;,&quot;created_timestamp&quot;:&quot;1579639823&quot;,&quot;copyright&quot;:&quot;&quot;,&quot;focal_length&quot;:&quot;50&quot;,&quot;iso&quot;:&quot;1600&quot;,&quot;shutter_speed&quot;:&quot;0.008&quot;,&quot;title&quot;:&quot;&quot;,&quot;orientation&quot;:&quot;0&quot;}\" data-image-title=\"image-80\" data-image-description=\"\" data-image-caption=\"\" data-medium-file=\"https:\/\/i0.wp.com\/blogdalucianaoliveira.com.br\/blog\/wp-content\/uploads\/2020\/01\/image-80.jpeg?fit=300%2C201\" data-large-file=\"https:\/\/i0.wp.com\/blogdalucianaoliveira.com.br\/blog\/wp-content\/uploads\/2020\/01\/image-80.jpeg?fit=600%2C402\" src=\"https:\/\/i0.wp.com\/blogdalucianaoliveira.com.br\/blog\/wp-content\/uploads\/2020\/01\/image-80.jpeg?resize=600%2C402\" alt=\"\" class=\"wp-image-26234\" srcset=\"https:\/\/i0.wp.com\/blogdalucianaoliveira.com.br\/blog\/wp-content\/uploads\/2020\/01\/image-80.jpeg?w=768 768w, https:\/\/i0.wp.com\/blogdalucianaoliveira.com.br\/blog\/wp-content\/uploads\/2020\/01\/image-80.jpeg?resize=300%2C201 300w, https:\/\/i0.wp.com\/blogdalucianaoliveira.com.br\/blog\/wp-content\/uploads\/2020\/01\/image-80.jpeg?resize=448%2C300 448w\" sizes=\"auto, (max-width: 600px) 100vw, 600px\" \/><\/figure>\n\n\n\n<p>Inaugurada em 23 de janeiro de 2005, a ENFF foi constru\u00edda pela classe trabalhadora para possibilitar a forma\u00e7\u00e3o pol\u00edtica de organiza\u00e7\u00f5es populares de todo o mundo.<\/p>\n\n\n\n<!--more-->\n\n\n\n<p><em>Por Iris Pacheco<\/em><\/p>\n\n\n\n<p>MST<\/p>\n\n\n\n<p>Uma escola em constru\u00e7\u00e3o, este \u00e9 o lema da Escola Nacional Florestan Fernandes (ENFF), constru\u00edda h\u00e1 15 anos pelo MST. Uma escola de terra e gente, uma esp\u00e9cie de casa comum da classe trabalhadora para cultivar conhecimentos, valores, ideias e sementes, que germinar\u00e3o no campo e na cidade, assim os frutos h\u00e3o de matar a fome de justi\u00e7a social dos povos do mundo.<\/p>\n\n\n\n<p>Localizada em Guararema, no interior do estado de S\u00e3o Paulo, e inaugurada no dia 23 de janeiro de 2005, a Escola que se tornou refer\u00eancia internacional por unir a pr\u00e1tica com a teoria pol\u00edtica, homenageia o soci\u00f3logo e pol\u00edtico brasileiro Florestan Fernandes.<\/p>\n\n\n\n<p>Rosana Fernandes, coordenadora pol\u00edtico-pedag\u00f3gica da ENFF, explica que esse referencial da Escola por organiza\u00e7\u00f5es populares latino-americanas e de outros continentes, mant\u00e9m a necessidade de continuidade da forma\u00e7\u00e3o pol\u00edtica para a classe trabalhadora n\u00e3o s\u00f3 no Brasil, mas tamb\u00e9m no mundo.<\/p>\n\n\n\n<figure class=\"wp-block-image\"><img data-recalc-dims=\"1\" height=\"400\" width=\"600\" decoding=\"async\" src=\"https:\/\/i0.wp.com\/mst.org.br\/wp-content\/uploads\/2020\/01\/DSC03250-1024x683.jpg?resize=600%2C400&#038;ssl=1\" alt=\"\" class=\"wp-image-194115\"\/><figcaption>Rosana Fernandes destaca as celebra\u00e7\u00f5es dos 15 anos da ENFF \/ Foto: Dowglas Silva<\/figcaption><\/figure>\n\n\n\n<p>\u201cComo parte integrante das comemora\u00e7\u00f5es dos 15 anos, vamos realizar o segundo semin\u00e1rio internacional de forma\u00e7\u00e3o pol\u00edtica, onde teremos a presen\u00e7a das v\u00e1rias escolas e centros de forma\u00e7\u00e3o que a Escola faz interlocu\u00e7\u00e3o na Am\u00e9rica Latina e no mundo. Todas s\u00e3o resultados dos processos das organiza\u00e7\u00f5es que passaram pela ENFF. O semin\u00e1rio vai significar esse momento de reflex\u00e3o sobre a continuidade da forma\u00e7\u00e3o pol\u00edtica, mas tamb\u00e9m sobre a pr\u00f3pria din\u00e2mica metodol\u00f3gica que a Escola possibilita construir com essas organiza\u00e7\u00f5es, no sentido de fortalec\u00ea-las para que o povo siga refletindo e elaborando sobre sua realidade e assim transform\u00e1-la.\u201d<\/p>\n\n\n\n<p>De acordo, Divina Lopes, da coordena\u00e7\u00e3o nacional do MST, \u201ca ENFF materializa a proposta de forma\u00e7\u00e3o pol\u00edtica ideologia do MST, al\u00e9m de ser um lugar de articula\u00e7\u00e3o da classe trabalhadora do Brasil e todo o mundo. Portanto, \u00e9 um espa\u00e7o estrat\u00e9gico de forma\u00e7\u00e3o dos\/as lutadores\/as do povo, mas sobretudo, um lugar de fortalecimento do pensamento cr\u00edtico revolucion\u00e1rio.\u201d<\/p>\n\n\n\n<figure class=\"wp-block-image\"><img data-recalc-dims=\"1\" height=\"400\" width=\"600\" decoding=\"async\" src=\"https:\/\/i0.wp.com\/mst.org.br\/wp-content\/uploads\/2020\/01\/DSC03303-1024x683.jpg?resize=600%2C400&#038;ssl=1\" alt=\"\" class=\"wp-image-194116\"\/><figcaption>A milit\u00e2ncia \u00e9 o maior bem para a ENFF, assim como para o MST \/ Foto: Dowglas Silva<\/figcaption><\/figure>\n\n\n\n<p><strong>Forma\u00e7\u00e3o coletiva<\/strong><\/p>\n\n\n\n<p>\u201cN\u00e3o importa que doa: \u00e9 tempo de avan\u00e7ar de m\u00e3o dada com quem vai no mesmo rumo, mesmo que longe ainda esteja de aprender a conjugar o verbo amar.\u201d \u00c9 tempo de estudo, de arte, de plantar e colher. \u00c9 tempo de celebra\u00e7\u00e3o, de valorizar todas e todos que colocam um pouco de si nos processos coletivos, a base, a milit\u00e2ncia, o grande bem maior do Movimento Sem Terra. Essa mesma que fez com que a ENFF chegasse aos seus 15 anos e, portanto, merece celebra\u00e7\u00e3o durante todo o ano de 2020.<\/p>\n\n\n\n<p>Nesse sentido, haver\u00e1 momentos de interlocu\u00e7\u00e3o com os\/as educadores\/as que disp\u00f5e do seu trabalho volunt\u00e1rio para estar nas atividades formativas e na constru\u00e7\u00e3o de cursos com edi\u00e7\u00f5es especiais. \u00c9 o caso do curso de militantes do MST, onde a proposta \u00e9 trazer os companheiros e as companheiras que estiveram nas brigadas de constru\u00e7\u00e3o da Escola de 2000 a 2005.<\/p>\n\n\n\n<p>\u201cH\u00e1 uma turma de militantes que n\u00e3o retornou \u00e0 ENFF depois de inaugurada, n\u00f3s queremos que essa milit\u00e2ncia passe uns 30 dias estudando na Escola que ajudaram a construir\u201d, afirma Rosana.<\/p>\n\n\n\n<figure class=\"wp-block-image\"><img data-recalc-dims=\"1\" height=\"400\" width=\"600\" decoding=\"async\" src=\"https:\/\/i0.wp.com\/mst.org.br\/wp-content\/uploads\/2020\/01\/DSC03308-1024x683.jpg?resize=600%2C400&#038;ssl=1\" alt=\"\" class=\"wp-image-194117\"\/><figcaption>Escola seguir\u00e1 apontando formas coletivas de enfrentar a barb\u00e1rie \/ Foto: Dowglas Silva<\/figcaption><\/figure>\n\n\n\n<p>E assim, a ENFF segue em constru\u00e7\u00e3o permanente, do ponto de vista metodol\u00f3gico e pedag\u00f3gico, mas tamb\u00e9m da infraestrutura, tais como a sala de aula, os alojamentos, as moradias, entre outras. Na medida em que as demandas crescem, junto com elas a constru\u00e7\u00e3o de novos espa\u00e7os, como a conclus\u00e3o da reforma nos pr\u00e9dios pedag\u00f3gicos, na Biblioteca Antonio Candido, onde h\u00e1 um acervo doado por intelectuais e amigos, com cerca de 40 mil obras, que necessita ser organizada de forma adequada e \u00fatil, para que de fato possa contribuir no processo formativo.<\/p>\n\n\n\n<p>Segundo Divina, neste ano de celebra\u00e7\u00e3o, a Escola afirma seu car\u00e1ter de \u201cseguir cumprindo com o papel de vincular os seus processos de forma\u00e7\u00e3o pol\u00edtico ideol\u00f3gica \u00e0 um projeto popular de transforma\u00e7\u00e3o da sociedade. Al\u00e9m de possibilitar o debate e a reflex\u00e3o sobre os n\u00edveis de barb\u00e1rie presentes no mundo atualmente e tamb\u00e9m estimular formas coletivas de enfrentar essa barb\u00e1rie, mobilizando a esperan\u00e7a de que \u00e9 poss\u00edvel construir um mundo que supere o caos capitalista\u201d.<\/p>\n\n\n\n<figure class=\"wp-block-image\"><img data-recalc-dims=\"1\" height=\"400\" width=\"600\" decoding=\"async\" src=\"https:\/\/i0.wp.com\/mst.org.br\/wp-content\/uploads\/2020\/01\/DSC03393-1024x683.jpg?resize=600%2C400&#038;ssl=1\" alt=\"\" class=\"wp-image-194118\"\/><figcaption>Escola \u00e9 mantida pelo MST com o apoio de diversos parceiros \/ Foto: Dowglas Silva<\/figcaption><\/figure>\n\n\n\n<p><strong>E a luta continua\u2026<\/strong><\/p>\n\n\n\n<p>Todos os anos, a ENFF realiza cursos que duram de uma semana a tr\u00eas meses, lecionados por professores e intelectuais volunt\u00e1rios, tamb\u00e9m oferece forma\u00e7\u00f5es com foco em diversos temas como quest\u00e3o agr\u00e1ria, marxismo, feminismo e diversidade sexual. Al\u00e9m dos cursos de forma\u00e7\u00e3o pol\u00edtica que trazem os cl\u00e1ssicos da teoria pol\u00edtica nacional e internacional, a Escola tamb\u00e9m realiza conv\u00eanios com institui\u00e7\u00f5es formais de ensino superior, entre elas, a Universidade Estadual Paulista (Unesp), a Universidade Federal de Juiz de Fora (UFJF), Universidade Federal do Rio de Janeiro (UFRJ) e a Funda\u00e7\u00e3o Oswaldo Cruz (Fiocruz).<\/p>\n\n\n\n<p>Constru\u00edda pelas m\u00e3os de mais de mil Sem Terra, entre homens e mulheres, organizados em 25 brigadas de trabalhadores volunt\u00e1rios de 112 assentamentos e 230 acampamentos de diversos estados brasileiros, a ENFF \u00e9 mantida pelo MST com apoio de outros movimentos e apoiadores que acreditam na necessidade da forma\u00e7\u00e3o pol\u00edtica. At\u00e9 mesmo sua constru\u00e7\u00e3o, h\u00e1 15 anos, contou com uma campanha para arrecada\u00e7\u00e3o de recursos que teve a participa\u00e7\u00e3o de Chico Buarque, Jos\u00e9 Saramago e Sebasti\u00e3o Salgado.<\/p>\n\n\n\n<p>Desde 2009, a Associa\u00e7\u00e3o dos Amigos da Escola Nacional Florestan Fernandes re\u00fane doa\u00e7\u00f5es financeiras e organiza todo tipo de ajuda \u00e0 Escola. Para fazer parte da associa\u00e7\u00e3o,&nbsp;<a href=\"http:\/\/amigosenff.org.br\/\">clique aqui<\/a>.<\/p>\n\n\n\n<p><em>*Editado por Yuri Simeon<\/em><\/p>\n","protected":false},"excerpt":{"rendered":"<p>Inaugurada em 23 de janeiro de 2005, a ENFF foi constru\u00edda pela classe trabalhadora para possibilitar a forma\u00e7\u00e3o pol\u00edtica de organiza\u00e7\u00f5es populares de todo o mundo.<\/p>\n","protected":false},"author":1,"featured_media":0,"comment_status":"closed","ping_status":"open","sticky":false,"template":"","format":"standard","meta":{"_exactmetrics_skip_tracking":false,"_exactmetrics_sitenote_active":false,"_exactmetrics_sitenote_note":"","_exactmetrics_sitenote_category":0,"jetpack_post_was_ever_published":false,"_jetpack_newsletter_access":"","_jetpack_dont_email_post_to_subs":false,"_jetpack_newsletter_tier_id":0,"_jetpack_memberships_contains_paywalled_content":false,"_jetpack_memberships_contains_paid_content":false,"footnotes":"","jetpack_publicize_message":"","jetpack_publicize_feature_enabled":true,"jetpack_social_post_already_shared":true,"jetpack_social_options":{"image_generator_settings":{"template":"highway","enabled":false},"version":2}},"categories":[1],"tags":[],"class_list":["post-26233","post","type-post","status-publish","format-standard","hentry","category-notas"],"jetpack_publicize_connections":[],"jetpack_sharing_enabled":true,"jetpack_featured_media_url":"","jetpack_shortlink":"https:\/\/wp.me\/p7wKYW-6P7","jetpack-related-posts":[],"_links":{"self":[{"href":"http:\/\/blogdalucianaoliveira.com.br\/blog\/wp-json\/wp\/v2\/posts\/26233","targetHints":{"allow":["GET"]}}],"collection":[{"href":"http:\/\/blogdalucianaoliveira.com.br\/blog\/wp-json\/wp\/v2\/posts"}],"about":[{"href":"http:\/\/blogdalucianaoliveira.com.br\/blog\/wp-json\/wp\/v2\/types\/post"}],"author":[{"embeddable":true,"href":"http:\/\/blogdalucianaoliveira.com.br\/blog\/wp-json\/wp\/v2\/users\/1"}],"replies":[{"embeddable":true,"href":"http:\/\/blogdalucianaoliveira.com.br\/blog\/wp-json\/wp\/v2\/comments?post=26233"}],"version-history":[{"count":1,"href":"http:\/\/blogdalucianaoliveira.com.br\/blog\/wp-json\/wp\/v2\/posts\/26233\/revisions"}],"predecessor-version":[{"id":26235,"href":"http:\/\/blogdalucianaoliveira.com.br\/blog\/wp-json\/wp\/v2\/posts\/26233\/revisions\/26235"}],"wp:attachment":[{"href":"http:\/\/blogdalucianaoliveira.com.br\/blog\/wp-json\/wp\/v2\/media?parent=26233"}],"wp:term":[{"taxonomy":"category","embeddable":true,"href":"http:\/\/blogdalucianaoliveira.com.br\/blog\/wp-json\/wp\/v2\/categories?post=26233"},{"taxonomy":"post_tag","embeddable":true,"href":"http:\/\/blogdalucianaoliveira.com.br\/blog\/wp-json\/wp\/v2\/tags?post=26233"}],"curies":[{"name":"wp","href":"https:\/\/api.w.org\/{rel}","templated":true}]}}