{"id":26236,"date":"2020-01-29T12:03:48","date_gmt":"2020-01-29T16:03:48","guid":{"rendered":"http:\/\/blogdalucianaoliveira.com.br\/blog\/?p=26236"},"modified":"2020-01-29T12:03:57","modified_gmt":"2020-01-29T16:03:57","slug":"funcionarios-do-mec-afirmam-que-resultado-do-enem-nao-e-100-confiavel","status":"publish","type":"post","link":"http:\/\/blogdalucianaoliveira.com.br\/blog\/2020\/01\/29\/funcionarios-do-mec-afirmam-que-resultado-do-enem-nao-e-100-confiavel\/","title":{"rendered":"Funcion\u00e1rios do MEC afirmam que resultado do Enem n\u00e3o \u00e9 100% confi\u00e1vel"},"content":{"rendered":"\n<figure class=\"wp-block-image size-large\"><img data-recalc-dims=\"1\" loading=\"lazy\" decoding=\"async\" width=\"600\" height=\"400\" data-attachment-id=\"26237\" data-permalink=\"http:\/\/blogdalucianaoliveira.com.br\/blog\/2020\/01\/29\/funcionarios-do-mec-afirmam-que-resultado-do-enem-nao-e-100-confiavel\/image-81-2\/\" data-orig-file=\"https:\/\/i0.wp.com\/blogdalucianaoliveira.com.br\/blog\/wp-content\/uploads\/2020\/01\/image-81.jpeg?fit=768%2C512\" data-orig-size=\"768,512\" data-comments-opened=\"0\" data-image-meta=\"{&quot;aperture&quot;:&quot;0&quot;,&quot;credit&quot;:&quot;&quot;,&quot;camera&quot;:&quot;&quot;,&quot;caption&quot;:&quot;&quot;,&quot;created_timestamp&quot;:&quot;0&quot;,&quot;copyright&quot;:&quot;&quot;,&quot;focal_length&quot;:&quot;0&quot;,&quot;iso&quot;:&quot;0&quot;,&quot;shutter_speed&quot;:&quot;0&quot;,&quot;title&quot;:&quot;&quot;,&quot;orientation&quot;:&quot;0&quot;}\" data-image-title=\"image-81\" data-image-description=\"\" data-image-caption=\"\" data-medium-file=\"https:\/\/i0.wp.com\/blogdalucianaoliveira.com.br\/blog\/wp-content\/uploads\/2020\/01\/image-81.jpeg?fit=300%2C200\" data-large-file=\"https:\/\/i0.wp.com\/blogdalucianaoliveira.com.br\/blog\/wp-content\/uploads\/2020\/01\/image-81.jpeg?fit=600%2C400\" src=\"https:\/\/i0.wp.com\/blogdalucianaoliveira.com.br\/blog\/wp-content\/uploads\/2020\/01\/image-81.jpeg?resize=600%2C400\" alt=\"\" class=\"wp-image-26237\" srcset=\"https:\/\/i0.wp.com\/blogdalucianaoliveira.com.br\/blog\/wp-content\/uploads\/2020\/01\/image-81.jpeg?w=768 768w, https:\/\/i0.wp.com\/blogdalucianaoliveira.com.br\/blog\/wp-content\/uploads\/2020\/01\/image-81.jpeg?resize=300%2C200 300w, https:\/\/i0.wp.com\/blogdalucianaoliveira.com.br\/blog\/wp-content\/uploads\/2020\/01\/image-81.jpeg?resize=450%2C300 450w\" sizes=\"auto, (max-width: 600px) 100vw, 600px\" \/><\/figure>\n\n\n\n<p>Governo dispensa c\u00e1lculo para verificar itens do exame, e classifica\u00e7\u00e3o do Sisu pode ser afetada; Inep n\u00e3o respondeu \u00e0 reportagem.<\/p>\n\n\n\n<!--more-->\n\n\n\n<p><strong><a href=\"https:\/\/www1.folha.uol.com.br\/autores\/paulo-saldana.shtml\">Paulo Salda\u00f1a<\/a><\/strong><\/p>\n\n\n\n<p>Folha de S\u00e3o Paulo<\/p>\n\n\n\n<p>Ao identificar<a href=\"https:\/\/www1.folha.uol.com.br\/educacao\/2020\/01\/falhas-em-duas-etapas-de-verificacao-causaram-erros-no-enem-diz-grafica.shtml\">&nbsp;erros em notas do Enem<\/a>&nbsp;2019, o&nbsp;Inep (Instituto Nacional de Estudos e Pesquisas Educacionais) refez a confer\u00eancia dos desempenhos dos participantes, mas&nbsp;n\u00e3o recalculou a profici\u00eancia dos itens usados nas provas do exame.&nbsp;<\/p>\n\n\n\n<p>O procedimento traria maior seguran\u00e7a para os resultados, mas esse c\u00e1lculo levaria mais tempo para ser conclu\u00eddo. O<a href=\"https:\/\/www1.folha.uol.com.br\/educacao\/2020\/01\/bolsonaro-diz-que-situacao-do-enem-e-complicada-e-fala-em-sabotagem.shtml\">&nbsp;governo&nbsp;<\/a><a href=\"https:\/\/www1.folha.uol.com.br\/educacao\/2020\/01\/bolsonaro-diz-que-situacao-do-enem-e-complicada-e-fala-em-sabotagem.shtml\">Bolsonaro<\/a>&nbsp;preferiu abrir m\u00e3o dessa an\u00e1lise para dar uma resposta r\u00e1pida aos erros e manter o cronograma do Sisu (Sistema de Sele\u00e7\u00e3o Unificada).<\/p>\n\n\n\n<p>Sem esse procedimento, funcion\u00e1rios do instituto e do MEC (Minist\u00e9rio da Educa\u00e7\u00e3o) dizem, sob condi\u00e7\u00e3o de anonimato, que n\u00e3o \u00e9 poss\u00edvel ter 100% de confian\u00e7a nos resultados.<\/p>\n\n\n\n<p>Na avalia\u00e7\u00e3o de t\u00e9cnicos da pasta, o rec\u00e1lculo das profici\u00eancias poderia reduzir o erro padr\u00e3o do exame e indicar varia\u00e7\u00f5es nas notas \u2014que provavelmente seriam pequenas, mas suficientes para alterar, por exemplo, a lista de aprovados em cursos concorridos.&nbsp;<\/p>\n\n\n\n<p>A c\u00fapula do instituto, entretanto, evita um retrabalho na base de dados com receio de novos questionamentos da nota. O entendimento \u00e9 que isso s\u00f3 ser\u00e1 feito caso haja determina\u00e7\u00e3o da Justi\u00e7a, segundo relatos obtidos pela&nbsp;<strong>Folha<\/strong>.<\/p>\n\n\n\n<p>Ap\u00f3s comemorar o que seria o melhor Enem de todos os tempos, o ministro da Educa\u00e7\u00e3o<a href=\"https:\/\/www1.folha.uol.com.br\/educacao\/2020\/01\/ministro-aceita-pedido-via-twitter-e-refaz-analise-de-prova-de-filha-de-apoiador.shtml\">, Abraham&nbsp;<\/a><a href=\"https:\/\/www1.folha.uol.com.br\/educacao\/2020\/01\/ministro-aceita-pedido-via-twitter-e-refaz-analise-de-prova-de-filha-de-apoiador.shtml\">Weintraub<\/a>, confirmou que milhares de notas haviam sido divulgadas com erros.<\/p>\n\n\n\n<p>Candidatos que haviam feito a prova de uma cor tiveram suas provas corrigidas como se tivessem feito outra \u2014segundo o Inep, 5.974 foram afetados com o problema e seus resultados, alterados.<\/p>\n\n\n\n<p>A divulga\u00e7\u00e3o dos&nbsp;<a href=\"https:\/\/www1.folha.uol.com.br\/educacao\/2020\/01\/mec-libera-nesta-terca-28-resultados-do-sisu-e-inscricoes-no-prouni.shtml\">resultados do&nbsp;<\/a><a href=\"https:\/\/www1.folha.uol.com.br\/educacao\/2020\/01\/mec-libera-nesta-terca-28-resultados-do-sisu-e-inscricoes-no-prouni.shtml\">Sisu<\/a>&nbsp;chegou a ser barrada na Justi\u00e7a, mas o governo conseguiu reverter a decis\u00e3o no STJ (Superior Tribunal de Justi\u00e7a) nesta ter\u00e7a-feira (28).<\/p>\n\n\n\n<p>O Enem adota um conjunto de modelos matem\u00e1ticos chamado TRI (Teoria da Resposta ao Item). Para atender ao modelo, os itens da prova passam por pr\u00e9-testes (a partir das respostas de um p\u00fablico similar ao que faz a prova, estabelece-se par\u00e2metros dos itens, como os n\u00edveis de dificuldade).<\/p>\n\n\n\n<p>Ocorre que nem todas as quest\u00f5es que ca\u00edram no&nbsp;<a href=\"https:\/\/www1.folha.uol.com.br\/podcasts\/2019\/11\/primeiro-enem-sob-bolsonaro-e-tema-de-podcast-ouca.shtml\">Enem 2019<\/a>&nbsp;foram pr\u00e9-testadas.&nbsp;Nota t\u00e9cnica do Inep, mencionada no recurso da AGU (Advocacia-Geral da Uni\u00e3o) levado ao STJ, indica que houve calibragem de itens na pr\u00f3pria prova.<\/p>\n\n\n\n<p>A ado\u00e7\u00e3o de itens n\u00e3o pr\u00e9-testados j\u00e1 ocorreu em anos anteriores por causa da escassez de itens dispon\u00edveis, segundo confirma\u00e7\u00e3o por servidores, mas essa informa\u00e7\u00e3o nunca fora confirmada oficialmente.<\/p>\n\n\n\n<p>Para lidar com itens n\u00e3o pre-testados, o Inep precisar realizar a calibragem a partir do desempenho real na prova.&nbsp;O \u00f3rg\u00e3o, ent\u00e3o, seleciona uma amostra aleat\u00f3ria de participantes e, a partir dessas respostas, regula os par\u00e2metros desses itens.<\/p>\n\n\n\n<p>A amostra usada no Enem 2019 foi de 100.000 participantes e, somente depois disso, a profici\u00eancia geral da prova foi estipulada e as notas dos alunos, calculadas. Al\u00e9m de ter itens novos na prova,\u00a0os resultados de parte dos 5.974 participantes que estavam com as notas erradas por troca de gabarito fizeram parte dessa amostra.<\/p>\n\n\n\n<p>Foram 83 casos na prova de Ci\u00eancias da Natureza e 105 na de Matem\u00e1tica, segundo a pr\u00f3pria nota t\u00e9cnica do Inep.&nbsp;Dessa forma, a calibra\u00e7\u00e3o ocorrida na prova de itens n\u00e3o pr\u00e9-testados contou com respostas erradas e isso causa preocupa\u00e7\u00e3o em integrantes do Inep e do MEC.<\/p>\n\n\n\n<p>As notas do Enem dependem n\u00e3o s\u00f3 do n\u00famero de quest\u00f5es certas, mas tamb\u00e9m de quais foram assinaladas corretamente. A TRI identifica como um poss\u00edvel chute, por exemplo, o candidato que erra duas quest\u00f5es f\u00e1ceis e acerta uma dif\u00edcil \u2014e isso tem impacto na sua pontua\u00e7\u00e3o.<\/p>\n\n\n\n<p>A&nbsp;<strong>Folha<\/strong>&nbsp;questionou o Inep sobre o assunto mas n\u00e3o obteve resposta.&nbsp;<\/p>\n\n\n\n<p>Na nota t\u00e9cnica usada pela AGU, o \u00f3rg\u00e3o defende que &#8220;a proposta de selecionar nova amostra, recalibrar os itens e recalcular as profici\u00eancias, se apresentaria como medida in\u00f3cua&#8221;. O Inep menciona um estudo acad\u00eamico que trata do tema e, com base neste estudo, argumenta que &#8220;a propor\u00e7\u00e3o de indiv\u00edduos com inconsist\u00eancias encontradas na amostra n\u00e3o produziu efeitos significativos na estima\u00e7\u00e3o dos par\u00e2metros dos itens frente ao tamanho da amostra&#8221;.<\/p>\n\n\n\n<p>Ocimar Alavarse, professor da USP e&nbsp;especialista em avalia\u00e7\u00e3o educacional, diz que s\u00f3 \u00e9 poss\u00edvel ter a real dimens\u00e3o do problema se houver total transpar\u00eancia por parte do Inep e das escolhas feitas.&nbsp;<\/p>\n\n\n\n<p>&#8220;A melhor sa\u00edda seria recalcular e fazer uma auditoria detalhada nas notas&#8221;, diz. &#8220;O argumento de que o problema foi pequeno n\u00e3o se justifica porque, quando se trata de um vestibular, a nota tem que corresponder exatamente&#8221;.<\/p>\n\n\n\n<p>J\u00e1 o professor Dalton Francisco de Andrade, professor do Departamento de Inform\u00e1tica e Estat\u00edstica da UFSC (Universidade Federal de Santa Catarina), afirma que, pelas informa\u00e7\u00f5es oferecidas pelo Inep, o processo de calibra\u00e7\u00e3o est\u00e1 adequado.<\/p>\n\n\n\n<p>&#8220;Se esses participantes [que depois tiveram as notas alteradas] n\u00e3o tivessem entrado na mostra, teriam inclu\u00eddo uma pessoa com o mesmo numero de acertos&#8221;, diz.&nbsp;&#8220;Esse processo n\u00e3o \u00e9 afetado pelo fato de as 200 pessoas terem o gabarito lido errado&#8221;.<\/p>\n\n\n\n<p>N\u00e3o h\u00e1 informa\u00e7\u00f5es de quantos itens novos (sem ser pr\u00e9-testados) figuraram nas provas do Enem 2019. De acordo com um servidor do Inep, seriam ao menos 15 das 45 quest\u00f5es de cada prova.<\/p>\n\n\n\n<p>Para chegar ao n\u00famero de atingidos, o Inep inicialmente identificou quatro casos com erros e fez cruzamentos em uma amostra de participantes que tinham diverg\u00eancias de notas parecidas com estes &#8211;casos com grande diferen\u00e7as entre os resultados das provas do primeiro e segundo dia.&nbsp;<\/p>\n\n\n\n<p>O instituto ent\u00e3o cruzou os gabaritos corretos e tamb\u00e9m as outras op\u00e7\u00f5es de cor para encontrar poss\u00edveis inconsist\u00eancias. Ap\u00f3s esse processo \u00e9 que se chegou ao n\u00famero final de 5.974 casos.<br>O governo recebeu 172 mil reclama\u00e7\u00f5es de notas. Participaram do Enem 2019 cerca de 3,9 milh\u00f5es de estudantes.<\/p>\n","protected":false},"excerpt":{"rendered":"<p>Governo dispensa c\u00e1lculo para verificar itens do exame, e classifica\u00e7\u00e3o do Sisu pode ser afetada; Inep n\u00e3o respondeu \u00e0 reportagem.<\/p>\n","protected":false},"author":1,"featured_media":0,"comment_status":"closed","ping_status":"open","sticky":false,"template":"","format":"standard","meta":{"_exactmetrics_skip_tracking":false,"_exactmetrics_sitenote_active":false,"_exactmetrics_sitenote_note":"","_exactmetrics_sitenote_category":0,"jetpack_post_was_ever_published":false,"_jetpack_newsletter_access":"","_jetpack_dont_email_post_to_subs":false,"_jetpack_newsletter_tier_id":0,"_jetpack_memberships_contains_paywalled_content":false,"_jetpack_memberships_contains_paid_content":false,"footnotes":"","jetpack_publicize_message":"","jetpack_publicize_feature_enabled":true,"jetpack_social_post_already_shared":true,"jetpack_social_options":{"image_generator_settings":{"template":"highway","enabled":false},"version":2}},"categories":[1],"tags":[],"class_list":["post-26236","post","type-post","status-publish","format-standard","hentry","category-notas"],"jetpack_publicize_connections":[],"jetpack_sharing_enabled":true,"jetpack_featured_media_url":"","jetpack_shortlink":"https:\/\/wp.me\/p7wKYW-6Pa","jetpack-related-posts":[],"_links":{"self":[{"href":"http:\/\/blogdalucianaoliveira.com.br\/blog\/wp-json\/wp\/v2\/posts\/26236","targetHints":{"allow":["GET"]}}],"collection":[{"href":"http:\/\/blogdalucianaoliveira.com.br\/blog\/wp-json\/wp\/v2\/posts"}],"about":[{"href":"http:\/\/blogdalucianaoliveira.com.br\/blog\/wp-json\/wp\/v2\/types\/post"}],"author":[{"embeddable":true,"href":"http:\/\/blogdalucianaoliveira.com.br\/blog\/wp-json\/wp\/v2\/users\/1"}],"replies":[{"embeddable":true,"href":"http:\/\/blogdalucianaoliveira.com.br\/blog\/wp-json\/wp\/v2\/comments?post=26236"}],"version-history":[{"count":1,"href":"http:\/\/blogdalucianaoliveira.com.br\/blog\/wp-json\/wp\/v2\/posts\/26236\/revisions"}],"predecessor-version":[{"id":26238,"href":"http:\/\/blogdalucianaoliveira.com.br\/blog\/wp-json\/wp\/v2\/posts\/26236\/revisions\/26238"}],"wp:attachment":[{"href":"http:\/\/blogdalucianaoliveira.com.br\/blog\/wp-json\/wp\/v2\/media?parent=26236"}],"wp:term":[{"taxonomy":"category","embeddable":true,"href":"http:\/\/blogdalucianaoliveira.com.br\/blog\/wp-json\/wp\/v2\/categories?post=26236"},{"taxonomy":"post_tag","embeddable":true,"href":"http:\/\/blogdalucianaoliveira.com.br\/blog\/wp-json\/wp\/v2\/tags?post=26236"}],"curies":[{"name":"wp","href":"https:\/\/api.w.org\/{rel}","templated":true}]}}