{"id":26239,"date":"2020-01-29T12:08:05","date_gmt":"2020-01-29T16:08:05","guid":{"rendered":"http:\/\/blogdalucianaoliveira.com.br\/blog\/?p=26239"},"modified":"2020-01-29T12:08:15","modified_gmt":"2020-01-29T16:08:15","slug":"treze-ministros-de-bolsonaro-participaram-da-farra-do-jatinho-da-fab-para-viagens-internacionais","status":"publish","type":"post","link":"http:\/\/blogdalucianaoliveira.com.br\/blog\/2020\/01\/29\/treze-ministros-de-bolsonaro-participaram-da-farra-do-jatinho-da-fab-para-viagens-internacionais\/","title":{"rendered":"Treze ministros de Bolsonaro participaram da farra do jatinho da FAB para viagens internacionais"},"content":{"rendered":"\n<figure class=\"wp-block-image size-large\"><img data-recalc-dims=\"1\" loading=\"lazy\" decoding=\"async\" width=\"500\" height=\"240\" data-attachment-id=\"26240\" data-permalink=\"http:\/\/blogdalucianaoliveira.com.br\/blog\/2020\/01\/29\/treze-ministros-de-bolsonaro-participaram-da-farra-do-jatinho-da-fab-para-viagens-internacionais\/image-82-2\/\" data-orig-file=\"https:\/\/i0.wp.com\/blogdalucianaoliveira.com.br\/blog\/wp-content\/uploads\/2020\/01\/image-82.jpeg?fit=500%2C240\" data-orig-size=\"500,240\" data-comments-opened=\"0\" data-image-meta=\"{&quot;aperture&quot;:&quot;0&quot;,&quot;credit&quot;:&quot;&quot;,&quot;camera&quot;:&quot;&quot;,&quot;caption&quot;:&quot;&quot;,&quot;created_timestamp&quot;:&quot;0&quot;,&quot;copyright&quot;:&quot;&quot;,&quot;focal_length&quot;:&quot;0&quot;,&quot;iso&quot;:&quot;0&quot;,&quot;shutter_speed&quot;:&quot;0&quot;,&quot;title&quot;:&quot;&quot;,&quot;orientation&quot;:&quot;0&quot;}\" data-image-title=\"image-82\" data-image-description=\"\" data-image-caption=\"\" data-medium-file=\"https:\/\/i0.wp.com\/blogdalucianaoliveira.com.br\/blog\/wp-content\/uploads\/2020\/01\/image-82.jpeg?fit=300%2C144\" data-large-file=\"https:\/\/i0.wp.com\/blogdalucianaoliveira.com.br\/blog\/wp-content\/uploads\/2020\/01\/image-82.jpeg?fit=500%2C240\" src=\"https:\/\/i0.wp.com\/blogdalucianaoliveira.com.br\/blog\/wp-content\/uploads\/2020\/01\/image-82.jpeg?resize=500%2C240\" alt=\"\" class=\"wp-image-26240\" srcset=\"https:\/\/i0.wp.com\/blogdalucianaoliveira.com.br\/blog\/wp-content\/uploads\/2020\/01\/image-82.jpeg?w=500 500w, https:\/\/i0.wp.com\/blogdalucianaoliveira.com.br\/blog\/wp-content\/uploads\/2020\/01\/image-82.jpeg?resize=300%2C144 300w\" sizes=\"auto, (max-width: 500px) 100vw, 500px\" \/><\/figure>\n\n\n\n<p><strong>247 &#8211;<\/strong>&nbsp;&nbsp;A viagem que motivou a demiss\u00e3o do secret\u00e1rio executivo da Casa Civil, Vicente Santini, em um avi\u00e3o da For\u00e7a A\u00e9rea Brasileira (FAB) n\u00e3o foi uma exce\u00e7\u00e3o no governo Bolsonaro. H\u00e1 uma verdadeira orgia de voos internacionais em jatos da FAB pelos ministros bolsonaristas. Desde o in\u00edcio do governo, 13 ministros utilizaram os jatos para deslocamentos ao exterior. O campe\u00e3o de uso \u00e9 o chanceler Ernesto Ara\u00fajo, que viajou 22 vezes, seguido de Ricardo Salles (Meio Ambiente), Osmar Terra (Cidadania), Tereza Cristina (Agricultura) e Fernando Azevedo (Defesa) \u2013 tr\u00eas viagens cada um. O levantamento \u00e9 dos jornalistas&nbsp;<a href=\"https:\/\/politica.estadao.com.br\/noticias\/geral,treze-ministros-de-bolsonaro-utilizaram-aviao-oficial-da-fab-para-viagem-internacional,70003176642\">T\u00e2nia Monteiro e Mateus Vargas<\/a>, de O Estado de S.Paulo.<\/p>\n\n\n\n<!--more-->\n\n\n\n<p>Veja a lista completa com o n\u00famero de voos em avi\u00f5es da FAB por ministro:<\/p>\n\n\n\n<p>Ernesto Ara\u00fajo (Rela\u00e7\u00f5es Exteriores) &#8211; 22 viagens<\/p>\n\n\n\n<p>Ricardo Salles (Meio Ambiente) &#8211; 3 viagens<\/p>\n\n\n\n<p>Osmar Terra (Cidadania) &#8211; 3 viagens<\/p>\n\n\n\n<p>Tereza Cristina (Agricultura) &#8211; 3 viagens<\/p>\n\n\n\n<p>Fernando Azevedo (Defesa) &#8211; 3 viagens<\/p>\n\n\n\n<p>Damares Alves (Mulher e Direitos Humanos) &#8211; 2 viagens<\/p>\n\n\n\n<p>Marcos Pontes (Ci\u00eancia e Tecnologia) &#8211; 1 viagem<\/p>\n\n\n\n<p>Henrique Mandetta (Sa\u00fade) &#8211; 1 viagem<\/p>\n\n\n\n<p>Paulo Guedes (Economia) &#8211; 1 viagem<\/p>\n\n\n\n<p>S\u00e9rgio Moro (Justi\u00e7a) &#8211; 1 viagem<\/p>\n\n\n\n<p>Marcelo \u00c1lvaro (Turismo) &#8211; 1 viagem<\/p>\n\n\n\n<p>Onyx Lorenzoni (Casa Civil) &#8211; 1 viagem<\/p>\n\n\n\n<p>Jorge Oliveira (Secret\u00e1ria-Geral da Presid\u00eancia) &#8211; 1 viagem&nbsp;<\/p>\n","protected":false},"excerpt":{"rendered":"<p>247 &#8211;&nbsp;&nbsp;A viagem que motivou a demiss\u00e3o do secret\u00e1rio executivo da Casa Civil, Vicente Santini, em um avi\u00e3o da For\u00e7a A\u00e9rea Brasileira (FAB) n\u00e3o foi uma exce\u00e7\u00e3o no governo Bolsonaro. H\u00e1 uma verdadeira orgia de voos internacionais em jatos da FAB pelos ministros bolsonaristas. Desde o in\u00edcio do governo, 13 ministros utilizaram os jatos para&#8230;<a class=\"more-link\" href=\"http:\/\/blogdalucianaoliveira.com.br\/blog\/2020\/01\/29\/treze-ministros-de-bolsonaro-participaram-da-farra-do-jatinho-da-fab-para-viagens-internacionais\/\">Continue a leitura <span class=\"meta-nav\">&raquo;<\/span><\/a><\/p>\n","protected":false},"author":1,"featured_media":0,"comment_status":"closed","ping_status":"open","sticky":false,"template":"","format":"standard","meta":{"_exactmetrics_skip_tracking":false,"_exactmetrics_sitenote_active":false,"_exactmetrics_sitenote_note":"","_exactmetrics_sitenote_category":0,"jetpack_post_was_ever_published":false,"_jetpack_newsletter_access":"","_jetpack_dont_email_post_to_subs":false,"_jetpack_newsletter_tier_id":0,"_jetpack_memberships_contains_paywalled_content":false,"_jetpack_memberships_contains_paid_content":false,"footnotes":"","jetpack_publicize_message":"","jetpack_publicize_feature_enabled":true,"jetpack_social_post_already_shared":true,"jetpack_social_options":{"image_generator_settings":{"template":"highway","enabled":false},"version":2}},"categories":[1],"tags":[],"class_list":["post-26239","post","type-post","status-publish","format-standard","hentry","category-notas"],"jetpack_publicize_connections":[],"jetpack_sharing_enabled":true,"jetpack_featured_media_url":"","jetpack_shortlink":"https:\/\/wp.me\/p7wKYW-6Pd","jetpack-related-posts":[],"_links":{"self":[{"href":"http:\/\/blogdalucianaoliveira.com.br\/blog\/wp-json\/wp\/v2\/posts\/26239","targetHints":{"allow":["GET"]}}],"collection":[{"href":"http:\/\/blogdalucianaoliveira.com.br\/blog\/wp-json\/wp\/v2\/posts"}],"about":[{"href":"http:\/\/blogdalucianaoliveira.com.br\/blog\/wp-json\/wp\/v2\/types\/post"}],"author":[{"embeddable":true,"href":"http:\/\/blogdalucianaoliveira.com.br\/blog\/wp-json\/wp\/v2\/users\/1"}],"replies":[{"embeddable":true,"href":"http:\/\/blogdalucianaoliveira.com.br\/blog\/wp-json\/wp\/v2\/comments?post=26239"}],"version-history":[{"count":1,"href":"http:\/\/blogdalucianaoliveira.com.br\/blog\/wp-json\/wp\/v2\/posts\/26239\/revisions"}],"predecessor-version":[{"id":26241,"href":"http:\/\/blogdalucianaoliveira.com.br\/blog\/wp-json\/wp\/v2\/posts\/26239\/revisions\/26241"}],"wp:attachment":[{"href":"http:\/\/blogdalucianaoliveira.com.br\/blog\/wp-json\/wp\/v2\/media?parent=26239"}],"wp:term":[{"taxonomy":"category","embeddable":true,"href":"http:\/\/blogdalucianaoliveira.com.br\/blog\/wp-json\/wp\/v2\/categories?post=26239"},{"taxonomy":"post_tag","embeddable":true,"href":"http:\/\/blogdalucianaoliveira.com.br\/blog\/wp-json\/wp\/v2\/tags?post=26239"}],"curies":[{"name":"wp","href":"https:\/\/api.w.org\/{rel}","templated":true}]}}