{"id":26242,"date":"2020-01-29T12:10:55","date_gmt":"2020-01-29T16:10:55","guid":{"rendered":"http:\/\/blogdalucianaoliveira.com.br\/blog\/?p=26242"},"modified":"2020-01-29T12:11:06","modified_gmt":"2020-01-29T16:11:06","slug":"em-2019-124-pessoas-trans-foram-assassinadas-no-brasil","status":"publish","type":"post","link":"http:\/\/blogdalucianaoliveira.com.br\/blog\/2020\/01\/29\/em-2019-124-pessoas-trans-foram-assassinadas-no-brasil\/","title":{"rendered":"Em 2019, 124 pessoas trans foram assassinadas no Brasil"},"content":{"rendered":"\n<figure class=\"wp-block-image size-large\"><img data-recalc-dims=\"1\" loading=\"lazy\" decoding=\"async\" width=\"600\" height=\"400\" data-attachment-id=\"26243\" data-permalink=\"http:\/\/blogdalucianaoliveira.com.br\/blog\/2020\/01\/29\/em-2019-124-pessoas-trans-foram-assassinadas-no-brasil\/image-83-2\/\" data-orig-file=\"https:\/\/i0.wp.com\/blogdalucianaoliveira.com.br\/blog\/wp-content\/uploads\/2020\/01\/image-83.jpeg?fit=639%2C426\" data-orig-size=\"639,426\" data-comments-opened=\"0\" data-image-meta=\"{&quot;aperture&quot;:&quot;0&quot;,&quot;credit&quot;:&quot;Tomaz Silva\\\/Ag\\u00eancia Brasil&quot;,&quot;camera&quot;:&quot;NIKON D4&quot;,&quot;caption&quot;:&quot;Rio de Janeiro - Manifesto realizado na praia de Copacabana lembra as v\\u00edtimas da transfobia no Brasil.  (Tomaz Silva\\\/Ag\\u00eancia Brasil)&quot;,&quot;created_timestamp&quot;:&quot;1485716506&quot;,&quot;copyright&quot;:&quot;EBC - Empresa Brasil de Comunica\\u00e7\\u00e3o\\\/Ag\\u00eancia Brasil&quot;,&quot;focal_length&quot;:&quot;38&quot;,&quot;iso&quot;:&quot;200&quot;,&quot;shutter_speed&quot;:&quot;0.000625&quot;,&quot;title&quot;:&quot;&quot;,&quot;orientation&quot;:&quot;0&quot;}\" data-image-title=\"image-83\" data-image-description=\"\" data-image-caption=\"&lt;p&gt;Rio de Janeiro &amp;#8211; Manifesto realizado na praia de Copacabana lembra as v\u00edtimas da transfobia no Brasil.  (Tomaz Silva\/Ag\u00eancia Brasil)&lt;\/p&gt;\n\" data-medium-file=\"https:\/\/i0.wp.com\/blogdalucianaoliveira.com.br\/blog\/wp-content\/uploads\/2020\/01\/image-83.jpeg?fit=300%2C200\" data-large-file=\"https:\/\/i0.wp.com\/blogdalucianaoliveira.com.br\/blog\/wp-content\/uploads\/2020\/01\/image-83.jpeg?fit=600%2C400\" src=\"https:\/\/i0.wp.com\/blogdalucianaoliveira.com.br\/blog\/wp-content\/uploads\/2020\/01\/image-83.jpeg?resize=600%2C400\" alt=\"\" class=\"wp-image-26243\" srcset=\"https:\/\/i0.wp.com\/blogdalucianaoliveira.com.br\/blog\/wp-content\/uploads\/2020\/01\/image-83.jpeg?w=639 639w, https:\/\/i0.wp.com\/blogdalucianaoliveira.com.br\/blog\/wp-content\/uploads\/2020\/01\/image-83.jpeg?resize=300%2C200 300w, https:\/\/i0.wp.com\/blogdalucianaoliveira.com.br\/blog\/wp-content\/uploads\/2020\/01\/image-83.jpeg?resize=450%2C300 450w\" sizes=\"auto, (max-width: 600px) 100vw, 600px\" \/><figcaption>Rio de Janeiro &#8211; Manifesto realizado na praia de Copacabana lembra as v\u00edtimas da transfobia no Brasil.  (Tomaz Silva\/Ag\u00eancia Brasil)<\/figcaption><\/figure>\n\n\n\n<h4 class=\"wp-block-heading\">Pa\u00eds lidera ranking de assassinatos nos \u00faltimos 10 anos, segundo Dossi\u00ea da Antra divulgado nesta quarta-feira (29)<\/h4>\n\n\n\n<!--more-->\n\n\n\n<p>Lu Sudr\u00e9<\/p>\n\n\n\n<p>Brasil de Fato\u00a0<\/p>\n\n\n\n<p>O Brasil continua a ser o pa\u00eds que mais mata travestis e transexuais em todo o mundo. Esse \u00e9&nbsp;o alerta do&nbsp;<a href=\"https:\/\/antrabrasil.files.wordpress.com\/2020\/01\/dossic3aa-dos-assassinatos-e-da-violc3aancia-contra-pessoas-trans-em-2019.pdf\" target=\"_blank\" rel=\"noreferrer noopener\">novo dossi\u00ea da Associa\u00e7\u00e3o Nacional de Travestis e Transexuais (Antra)<\/a>, publicado nesta quarta-feira (29)&nbsp;em raz\u00e3o do Dia Nacional da Visibilidade Trans.<\/p>\n\n\n\n<p>De acordo com o documento, 124 pessoas trans foram assassinadas em 2019. O M\u00e9xico, que est\u00e1 em segundo lugar no ranking global, reportou metade do n\u00famero de homic\u00eddios.<\/p>\n\n\n\n<p>A maioria das mortes em territ\u00f3rio brasileiro foi registrada&nbsp;na regi\u00e3o Nordeste, onde 45 pessoas trans foram assassinadas. No entanto, em rela\u00e7\u00e3o a n\u00fameros absolutos, S\u00e3o Paulo foi o estado que mais matou essa&nbsp;popula\u00e7\u00e3o no&nbsp;ano passado, com 21 assassinatos. O Cear\u00e1 aparece logo em seguida, com 11 casos.&nbsp;<\/p>\n\n\n\n<figure class=\"wp-block-image\"><img data-recalc-dims=\"1\" decoding=\"async\" src=\"https:\/\/i0.wp.com\/farm66.staticflickr.com\/65535\/49459261197_8836e2e0f0_o.jpg?w=600&#038;ssl=1\" alt=\"\"\/><\/figure>\n\n\n\n<p>Fonte: Bruna Benevides (Antra) | Arte: Fernando Bertolo<\/p>\n\n\n\n<p>Outro dado revelado pelo levantamento explicita a gravidade da viol\u00eancia: 80% dos assassinatos apresentaram requintes de crueldade, ou seja, a maioria das mortes ocorreram ap\u00f3s viol\u00eancia excessiva. Do total, apenas 8% dos casos tiveram suspeitos identificados.<\/p>\n\n\n\n<p>Bruna Benevides, secret\u00e1ria de articula\u00e7\u00e3o pol\u00edtica da Antra e autora do dossi\u00ea, ressalta a import\u00e2ncia do levantamento, que est\u00e1 em sua terceira edi\u00e7\u00e3o.&nbsp;<\/p>\n\n\n\n<p>\u201cA LGBTfobia, especialmente a transfobia, \u00e9 estrutural e estruturante de nossa sociedade. Por conta disso, esse trabalho vem dizer \u00e0 popula\u00e7\u00e3o em geral que a popula\u00e7\u00e3o trans \u00e9 extremamente vulnerabilizada e marginalizada. E que s\u00e3o necess\u00e1rias&nbsp;a\u00e7\u00f5es focais e emergenciais para frear essa viol\u00eancia e garantir que possamos nos desenvolver. [Que possamos] ser inseridas na sociedade de forma plena, com respeito \u00e0 nossa autonomia e \u00e0 nossa identidade de g\u00eanero em sua integralidade\u201d, afirma Benevides.&nbsp;<\/p>\n\n\n\n<p>O n\u00famero de assassinatos em 2019 foi menor em rela\u00e7\u00e3o aos \u00faltimos dois anos. Em 2017, foram 179 assassinatos e, em 2018, 163. Entretanto, Bruna pondera&nbsp;que, apesar da queda dos n\u00fameros, n\u00e3o h\u00e1 diminui\u00e7\u00e3o efetiva da viol\u00eancia.&nbsp;<a href=\"https:\/\/antrabrasil.org\/mapadosassassinatos\/\" target=\"_blank\" rel=\"noreferrer noopener\">Apenas de 1\u00ba a 24 de janeiro de 2020, por exemplo, houve um aumento de 180% no n\u00famero de homic\u00eddios em rela\u00e7\u00e3o ao ano anterior<\/a>.&nbsp;<\/p>\n\n\n\n<p>\u201cQual pessoa trans se sente segura no Brasil? Sa\u00edmos de casa e n\u00e3o sabemos se iremos voltar. Se iremos ser proibidas de acessar servi\u00e7os p\u00fablicos ou espa\u00e7os comuns,&nbsp;especialmente neste momento em que tem piorado&nbsp;a forma com que a sociedade tem reagido ao avan\u00e7o de nossas conquistas, muito motivado por um discurso e agenda \u2018antitrans\u2019 e \u2018antig\u00eanero\u2019 que se instalou na esfera governamental\u201d, denuncia, acrescentando que o Brasil passou do 55\u00ba lugar para o 68\u00ba no ranking de pa\u00edses seguros para a popula\u00e7\u00e3o LGBT. &nbsp;<\/p>\n\n\n\n<figure class=\"wp-block-image\"><img data-recalc-dims=\"1\" decoding=\"async\" src=\"https:\/\/i0.wp.com\/farm66.staticflickr.com\/65535\/49459028356_a8953ff0d4_o.jpg?w=600&#038;ssl=1\" alt=\"\"\/><\/figure>\n\n\n\n<p>Fonte: Bruna Benevides (Antra) | Arte: Fernando Bertolo<\/p>\n\n\n\n<p>Conforme dados divulgados pela organiza\u00e7\u00e3o G\u00eanero e N\u00famero, no ano passado tamb\u00e9m foi registrado um aumento de 800% das notifica\u00e7\u00f5es de agress\u00f5es contra a popula\u00e7\u00e3o trans, chegando ao n\u00famero de 11 pessoas agredidas diariamente no Brasil.<\/p>\n\n\n\n<p><strong>Perfil<\/strong><\/p>\n\n\n\n<p>O dossi\u00ea tamb\u00e9m apresenta as principais caracter\u00edsticas das v\u00edtimas da transfobia em 2019. Segundo a Antra, entre o total de v\u00edtimas, 80% eram negras e 97,7% do g\u00eanero feminino.&nbsp;<\/p>\n\n\n\n<p>A associa\u00e7\u00e3o assinala que uma pessoa trans tem mais chance de ser assassinada entre 15 e 45 anos. Mas, a cada ano, a idade das v\u00edtimas \u00e9 ainda menor. Ano passado, por exemplo, tr\u00eas&nbsp;adolescentes trans de 15 anos foram mortas. Duas delas apedrejadas at\u00e9 a morte e a terceira espancada e enforcada, com sinais de viol\u00eancia sexual.<\/p>\n\n\n\n<p>Na avalia\u00e7\u00e3o da porta-voz da Antra, a compila\u00e7\u00e3o dos dados revela a omiss\u00e3o do Estado brasileiro frente a essa viol\u00eancia. \u201cO pa\u00eds segue no topo de assassinatos contra pessoas trans e nada tem sido feito. Nada. Nem mesmo o levantamento destes dados que, at\u00e9 ent\u00e3o, s\u00e3o feitos exclusivamente pela sociedade civil. A viol\u00eancia enfrentada pela popula\u00e7\u00e3o trans \u00e9 espec\u00edfica, devido \u00e0&nbsp;discrimina\u00e7\u00e3o pelo g\u00eanero e a pr\u00f3pria condi\u00e7\u00e3o trans, e precisa de formas espec\u00edficas de combate da mesma\u201d, aponta Bruna Benevides.<\/p>\n\n\n\n<p>A vulnerabilidade socioecon\u00f4mica e de trabalho, a&nbsp;qual&nbsp;as pessoas trans est\u00e3o submetidas tamb\u00e9m s\u00e3o destacadas pela Antra. De acordo com o dossi\u00ea, estima-se que 90% das mulheres trans estejam na prostitui\u00e7\u00e3o, sujeitas a&nbsp;diversas formas de viol\u00eancia. Prova disso \u00e9 que mais da metade dos homic\u00eddios de 2019 aconteceram nas ruas.&nbsp;<\/p>\n\n\n\n<p><strong>Subnotifica\u00e7\u00e3o<\/strong><\/p>\n\n\n\n<p>A Antra argumenta ainda que a falta de informa\u00e7\u00f5es sistematizadas pelo Estado dificultam o monitoramento do \u00edndice de assassinatos e leva a a uma subnotifica\u00e7\u00e3o dos casos. Para a produ\u00e7\u00e3o do dossi\u00ea, por exemplo, foram utilizadas not\u00edcias veiculadas em m\u00eddias de todo o&nbsp;pa\u00eds.<\/p>\n\n\n\n<p>\u201cO n\u00e3o registro n\u00e3o gera dados e mascara os n\u00fameros reais. A subnotifica\u00e7\u00e3o \u00e9 um problema t\u00e3o grave quanto a viol\u00eancia em si. Pois ela \u00e9 uma viol\u00eancia institucional que n\u00e3o reconhece a LGBTIfobia por suas causas, e ignora tamb\u00e9m suas consequ\u00eancias\u201d, critica Bruna Benevides.&nbsp;<\/p>\n\n\n\n<figure class=\"wp-block-image\"><img data-recalc-dims=\"1\" decoding=\"async\" src=\"https:\/\/i0.wp.com\/farm66.staticflickr.com\/65535\/49459036296_15c7af39b3_o.jpg?w=600&#038;ssl=1\" alt=\"\"\/><\/figure>\n\n\n\n<p>Fonte: Bruna Benevides (Antra) | Arte: Fernando Bertolo<\/p>\n\n\n\n<p>Ela exemplifica que s\u00f3 foi poss\u00edvel a sistematiza\u00e7\u00e3o de dados completos sobre o feminic\u00eddio quando a Lei do Feminic\u00eddio foi aprovada, mas, no&nbsp;caso da viol\u00eancia contra LGBTs,&nbsp;isso n\u00e3o acontece.&nbsp;<\/p>\n\n\n\n<p>\u201cApesar de termos a decis\u00e3o do STF [que reconheceu a discrimina\u00e7\u00e3o contra a popula\u00e7\u00e3o LGBTI como uma forma de racismo], ela n\u00e3o foi incorporada no dia a dia e nos transcursos das a\u00e7\u00f5es de seguran\u00e7a. Existe todo um lobby fundamentalista que quer derrubar a pr\u00f3pria decis\u00e3o do STF\u201d, diz.<\/p>\n\n\n\n<p>A autora do dossi\u00ea lamenta que, sob o governo atual, o transfeminic\u00eddio \u2013 classificado como o assassinato sistem\u00e1tico de travestis e mulheres transexuais \u2013&nbsp;pode recrudescer.&nbsp;<\/p>\n\n\n\n<p>O termo \u00e9 descrito pela associa\u00e7\u00e3o como uma \u201cpol\u00edtica disseminada, intencional e sistem\u00e1tica de elimina\u00e7\u00e3o da popula\u00e7\u00e3o trans, motivada pelo \u00f3dio, abje\u00e7\u00e3o e nojo.\u201d<\/p>\n\n\n\n<p>\u201cA fala de Bolsonaro que diz que a minoria deve se&nbsp;curvar \u00e0&nbsp;maioria se reflete em rea\u00e7\u00f5es odiosas contras n\u00f3s. \u00c9 um incentivo direto \u00e0 viol\u00eancia\u201d, critica em refer\u00eancia \u00e0 frase dita pelo presidente brasileiro durante as \u00faltimas elei\u00e7\u00f5es.<\/p>\n\n\n\n<p>O documento da Antra registra ainda que travestis foram assassinadas aos gritos de \u201cBolsonaro\u201d. O&nbsp;<a href=\"https:\/\/www.brasildefato.com.br\/2018\/10\/24\/transexuais-sao-assassinadas-sob-gritos-de-bolsonaro-presidente\/\">mesmo aconteceu no per\u00edodo eleitoral<\/a>, em 2018.<\/p>\n\n\n\n<p>Edi\u00e7\u00e3o: Vivian Fernandes<\/p>\n\n\n\n<p><\/p>\n","protected":false},"excerpt":{"rendered":"<p>Pa\u00eds lidera ranking de assassinatos nos \u00faltimos 10 anos, segundo Dossi\u00ea da Antra divulgado nesta quarta-feira (29)<\/p>\n","protected":false},"author":1,"featured_media":0,"comment_status":"closed","ping_status":"open","sticky":false,"template":"","format":"standard","meta":{"_exactmetrics_skip_tracking":false,"_exactmetrics_sitenote_active":false,"_exactmetrics_sitenote_note":"","_exactmetrics_sitenote_category":0,"jetpack_post_was_ever_published":false,"_jetpack_newsletter_access":"","_jetpack_dont_email_post_to_subs":false,"_jetpack_newsletter_tier_id":0,"_jetpack_memberships_contains_paywalled_content":false,"_jetpack_memberships_contains_paid_content":false,"footnotes":"","jetpack_publicize_message":"","jetpack_publicize_feature_enabled":true,"jetpack_social_post_already_shared":true,"jetpack_social_options":{"image_generator_settings":{"template":"highway","enabled":false},"version":2}},"categories":[1],"tags":[],"class_list":["post-26242","post","type-post","status-publish","format-standard","hentry","category-notas"],"jetpack_publicize_connections":[],"jetpack_sharing_enabled":true,"jetpack_featured_media_url":"","jetpack_shortlink":"https:\/\/wp.me\/p7wKYW-6Pg","jetpack-related-posts":[],"_links":{"self":[{"href":"http:\/\/blogdalucianaoliveira.com.br\/blog\/wp-json\/wp\/v2\/posts\/26242","targetHints":{"allow":["GET"]}}],"collection":[{"href":"http:\/\/blogdalucianaoliveira.com.br\/blog\/wp-json\/wp\/v2\/posts"}],"about":[{"href":"http:\/\/blogdalucianaoliveira.com.br\/blog\/wp-json\/wp\/v2\/types\/post"}],"author":[{"embeddable":true,"href":"http:\/\/blogdalucianaoliveira.com.br\/blog\/wp-json\/wp\/v2\/users\/1"}],"replies":[{"embeddable":true,"href":"http:\/\/blogdalucianaoliveira.com.br\/blog\/wp-json\/wp\/v2\/comments?post=26242"}],"version-history":[{"count":1,"href":"http:\/\/blogdalucianaoliveira.com.br\/blog\/wp-json\/wp\/v2\/posts\/26242\/revisions"}],"predecessor-version":[{"id":26244,"href":"http:\/\/blogdalucianaoliveira.com.br\/blog\/wp-json\/wp\/v2\/posts\/26242\/revisions\/26244"}],"wp:attachment":[{"href":"http:\/\/blogdalucianaoliveira.com.br\/blog\/wp-json\/wp\/v2\/media?parent=26242"}],"wp:term":[{"taxonomy":"category","embeddable":true,"href":"http:\/\/blogdalucianaoliveira.com.br\/blog\/wp-json\/wp\/v2\/categories?post=26242"},{"taxonomy":"post_tag","embeddable":true,"href":"http:\/\/blogdalucianaoliveira.com.br\/blog\/wp-json\/wp\/v2\/tags?post=26242"}],"curies":[{"name":"wp","href":"https:\/\/api.w.org\/{rel}","templated":true}]}}