{"id":26247,"date":"2020-01-29T16:56:06","date_gmt":"2020-01-29T20:56:06","guid":{"rendered":"http:\/\/blogdalucianaoliveira.com.br\/blog\/?p=26247"},"modified":"2020-01-29T16:56:16","modified_gmt":"2020-01-29T20:56:16","slug":"realidade-dramatica","status":"publish","type":"post","link":"http:\/\/blogdalucianaoliveira.com.br\/blog\/2020\/01\/29\/realidade-dramatica\/","title":{"rendered":"Realidade dram\u00e1tica"},"content":{"rendered":"\n<figure class=\"wp-block-image size-large\"><img loading=\"lazy\" decoding=\"async\" width=\"1080\" height=\"1080\" data-attachment-id=\"26248\" data-permalink=\"http:\/\/blogdalucianaoliveira.com.br\/blog\/2020\/01\/29\/realidade-dramatica\/1490a826-55c5-48a4-88cf-862a89b225cf\/\" data-orig-file=\"https:\/\/i0.wp.com\/blogdalucianaoliveira.com.br\/blog\/wp-content\/uploads\/2020\/01\/1490A826-55C5-48A4-88CF-862A89B225CF.jpeg?fit=1080%2C1080\" data-orig-size=\"1080,1080\" data-comments-opened=\"0\" data-image-meta=\"{&quot;aperture&quot;:&quot;0&quot;,&quot;credit&quot;:&quot;&quot;,&quot;camera&quot;:&quot;&quot;,&quot;caption&quot;:&quot;&quot;,&quot;created_timestamp&quot;:&quot;0&quot;,&quot;copyright&quot;:&quot;&quot;,&quot;focal_length&quot;:&quot;0&quot;,&quot;iso&quot;:&quot;0&quot;,&quot;shutter_speed&quot;:&quot;0&quot;,&quot;title&quot;:&quot;&quot;,&quot;orientation&quot;:&quot;1&quot;}\" data-image-title=\"1490A826-55C5-48A4-88CF-862A89B225CF\" data-image-description=\"\" data-image-caption=\"\" data-medium-file=\"https:\/\/i0.wp.com\/blogdalucianaoliveira.com.br\/blog\/wp-content\/uploads\/2020\/01\/1490A826-55C5-48A4-88CF-862A89B225CF.jpeg?fit=300%2C300\" data-large-file=\"https:\/\/i0.wp.com\/blogdalucianaoliveira.com.br\/blog\/wp-content\/uploads\/2020\/01\/1490A826-55C5-48A4-88CF-862A89B225CF.jpeg?fit=600%2C600\" src=\"https:\/\/i0.wp.com\/blogdalucianaoliveira.com.br\/blog\/wp-content\/uploads\/2020\/01\/1490A826-55C5-48A4-88CF-862A89B225CF.jpeg?fit=600%2C600\" alt=\"\" class=\"wp-image-26248\" srcset=\"https:\/\/i0.wp.com\/blogdalucianaoliveira.com.br\/blog\/wp-content\/uploads\/2020\/01\/1490A826-55C5-48A4-88CF-862A89B225CF.jpeg?w=1080 1080w, https:\/\/i0.wp.com\/blogdalucianaoliveira.com.br\/blog\/wp-content\/uploads\/2020\/01\/1490A826-55C5-48A4-88CF-862A89B225CF.jpeg?resize=300%2C300 300w, https:\/\/i0.wp.com\/blogdalucianaoliveira.com.br\/blog\/wp-content\/uploads\/2020\/01\/1490A826-55C5-48A4-88CF-862A89B225CF.jpeg?resize=1024%2C1024 1024w, https:\/\/i0.wp.com\/blogdalucianaoliveira.com.br\/blog\/wp-content\/uploads\/2020\/01\/1490A826-55C5-48A4-88CF-862A89B225CF.jpeg?resize=150%2C150 150w, https:\/\/i0.wp.com\/blogdalucianaoliveira.com.br\/blog\/wp-content\/uploads\/2020\/01\/1490A826-55C5-48A4-88CF-862A89B225CF.jpeg?resize=768%2C768 768w\" sizes=\"auto, (max-width: 600px) 100vw, 600px\" \/><\/figure>\n\n\n\n<p>N\u00e3o sabemos se esse trabalhador est\u00e1 indo ou voltando de uma entrega. Mas desde ontem, quando a Justi\u00e7a decidiu que n\u00e3o h\u00e1 v\u00ednculo empregat\u00edcio entre o aplicativo de entrega de comida e o entregador, se ele for uma das muitas v\u00edtimas das chuvas em Minas Gerais, ele n\u00e3o tem amparo trabalhista.<\/p>\n\n\n\n<p>A ju\u00edza que julgou improcedente o pedido do v\u00ednculo disse que \u00e9 preciso olhar contratos de emprego &#8220;sem romantismo&#8221;. N\u00e3o h\u00e1 nada de rom\u00e2ntico em querer direitos e dignidade por um trabalho.<\/p>\n\n\n\n<p>Foto: Alexandre Mota <\/p>\n\n\n\n<h1 class=\"wp-block-heading\">SOSChuvasMG #Ifood<\/h1>\n","protected":false},"excerpt":{"rendered":"<p>N\u00e3o sabemos se esse trabalhador est\u00e1 indo ou voltando de uma entrega. Mas desde ontem, quando a Justi\u00e7a decidiu que n\u00e3o h\u00e1 v\u00ednculo empregat\u00edcio entre o aplicativo de entrega de comida e o entregador, se ele for uma das muitas v\u00edtimas das chuvas em Minas Gerais, ele n\u00e3o tem amparo trabalhista. A ju\u00edza que julgou&#8230;<a class=\"more-link\" href=\"http:\/\/blogdalucianaoliveira.com.br\/blog\/2020\/01\/29\/realidade-dramatica\/\">Continue a leitura <span class=\"meta-nav\">&raquo;<\/span><\/a><\/p>\n","protected":false},"author":1,"featured_media":0,"comment_status":"closed","ping_status":"open","sticky":false,"template":"","format":"standard","meta":{"_exactmetrics_skip_tracking":false,"_exactmetrics_sitenote_active":false,"_exactmetrics_sitenote_note":"","_exactmetrics_sitenote_category":0,"jetpack_post_was_ever_published":false,"_jetpack_newsletter_access":"","_jetpack_dont_email_post_to_subs":false,"_jetpack_newsletter_tier_id":0,"_jetpack_memberships_contains_paywalled_content":false,"_jetpack_memberships_contains_paid_content":false,"footnotes":"","jetpack_publicize_message":"","jetpack_publicize_feature_enabled":true,"jetpack_social_post_already_shared":true,"jetpack_social_options":{"image_generator_settings":{"template":"highway","enabled":false},"version":2}},"categories":[1],"tags":[],"class_list":["post-26247","post","type-post","status-publish","format-standard","hentry","category-notas"],"jetpack_publicize_connections":[],"jetpack_sharing_enabled":true,"jetpack_featured_media_url":"","jetpack_shortlink":"https:\/\/wp.me\/p7wKYW-6Pl","jetpack-related-posts":[],"_links":{"self":[{"href":"http:\/\/blogdalucianaoliveira.com.br\/blog\/wp-json\/wp\/v2\/posts\/26247","targetHints":{"allow":["GET"]}}],"collection":[{"href":"http:\/\/blogdalucianaoliveira.com.br\/blog\/wp-json\/wp\/v2\/posts"}],"about":[{"href":"http:\/\/blogdalucianaoliveira.com.br\/blog\/wp-json\/wp\/v2\/types\/post"}],"author":[{"embeddable":true,"href":"http:\/\/blogdalucianaoliveira.com.br\/blog\/wp-json\/wp\/v2\/users\/1"}],"replies":[{"embeddable":true,"href":"http:\/\/blogdalucianaoliveira.com.br\/blog\/wp-json\/wp\/v2\/comments?post=26247"}],"version-history":[{"count":1,"href":"http:\/\/blogdalucianaoliveira.com.br\/blog\/wp-json\/wp\/v2\/posts\/26247\/revisions"}],"predecessor-version":[{"id":26249,"href":"http:\/\/blogdalucianaoliveira.com.br\/blog\/wp-json\/wp\/v2\/posts\/26247\/revisions\/26249"}],"wp:attachment":[{"href":"http:\/\/blogdalucianaoliveira.com.br\/blog\/wp-json\/wp\/v2\/media?parent=26247"}],"wp:term":[{"taxonomy":"category","embeddable":true,"href":"http:\/\/blogdalucianaoliveira.com.br\/blog\/wp-json\/wp\/v2\/categories?post=26247"},{"taxonomy":"post_tag","embeddable":true,"href":"http:\/\/blogdalucianaoliveira.com.br\/blog\/wp-json\/wp\/v2\/tags?post=26247"}],"curies":[{"name":"wp","href":"https:\/\/api.w.org\/{rel}","templated":true}]}}