{"id":26250,"date":"2020-01-29T17:12:53","date_gmt":"2020-01-29T21:12:53","guid":{"rendered":"http:\/\/blogdalucianaoliveira.com.br\/blog\/?p=26250"},"modified":"2020-01-29T17:12:59","modified_gmt":"2020-01-29T21:12:59","slug":"29-de-janeiro-dia-nacional-da-visibilidade-de-transexuais-e-travestis","status":"publish","type":"post","link":"http:\/\/blogdalucianaoliveira.com.br\/blog\/2020\/01\/29\/29-de-janeiro-dia-nacional-da-visibilidade-de-transexuais-e-travestis\/","title":{"rendered":"29 de janeiro \u2013 Dia Nacional da Visibilidade de Transexuais e Travestis"},"content":{"rendered":"\n<figure class=\"wp-block-image size-large\"><img loading=\"lazy\" decoding=\"async\" width=\"2048\" height=\"1365\" data-attachment-id=\"26251\" data-permalink=\"http:\/\/blogdalucianaoliveira.com.br\/blog\/2020\/01\/29\/29-de-janeiro-dia-nacional-da-visibilidade-de-transexuais-e-travestis\/f3ca0f6a-2ef5-4b00-ad58-a2e5220c81ff\/\" data-orig-file=\"https:\/\/i0.wp.com\/blogdalucianaoliveira.com.br\/blog\/wp-content\/uploads\/2020\/01\/F3CA0F6A-2EF5-4B00-AD58-A2E5220C81FF.jpeg?fit=2048%2C1365\" data-orig-size=\"2048,1365\" data-comments-opened=\"0\" data-image-meta=\"{&quot;aperture&quot;:&quot;0&quot;,&quot;credit&quot;:&quot;&quot;,&quot;camera&quot;:&quot;&quot;,&quot;caption&quot;:&quot;&quot;,&quot;created_timestamp&quot;:&quot;0&quot;,&quot;copyright&quot;:&quot;&quot;,&quot;focal_length&quot;:&quot;0&quot;,&quot;iso&quot;:&quot;0&quot;,&quot;shutter_speed&quot;:&quot;0&quot;,&quot;title&quot;:&quot;&quot;,&quot;orientation&quot;:&quot;1&quot;}\" data-image-title=\"F3CA0F6A-2EF5-4B00-AD58-A2E5220C81FF\" data-image-description=\"\" data-image-caption=\"\" data-medium-file=\"https:\/\/i0.wp.com\/blogdalucianaoliveira.com.br\/blog\/wp-content\/uploads\/2020\/01\/F3CA0F6A-2EF5-4B00-AD58-A2E5220C81FF.jpeg?fit=300%2C200\" data-large-file=\"https:\/\/i0.wp.com\/blogdalucianaoliveira.com.br\/blog\/wp-content\/uploads\/2020\/01\/F3CA0F6A-2EF5-4B00-AD58-A2E5220C81FF.jpeg?fit=600%2C400\" src=\"https:\/\/i0.wp.com\/blogdalucianaoliveira.com.br\/blog\/wp-content\/uploads\/2020\/01\/F3CA0F6A-2EF5-4B00-AD58-A2E5220C81FF.jpeg?fit=600%2C400\" alt=\"\" class=\"wp-image-26251\" srcset=\"https:\/\/i0.wp.com\/blogdalucianaoliveira.com.br\/blog\/wp-content\/uploads\/2020\/01\/F3CA0F6A-2EF5-4B00-AD58-A2E5220C81FF.jpeg?w=2048 2048w, https:\/\/i0.wp.com\/blogdalucianaoliveira.com.br\/blog\/wp-content\/uploads\/2020\/01\/F3CA0F6A-2EF5-4B00-AD58-A2E5220C81FF.jpeg?resize=300%2C200 300w, https:\/\/i0.wp.com\/blogdalucianaoliveira.com.br\/blog\/wp-content\/uploads\/2020\/01\/F3CA0F6A-2EF5-4B00-AD58-A2E5220C81FF.jpeg?resize=1024%2C683 1024w, https:\/\/i0.wp.com\/blogdalucianaoliveira.com.br\/blog\/wp-content\/uploads\/2020\/01\/F3CA0F6A-2EF5-4B00-AD58-A2E5220C81FF.jpeg?resize=768%2C512 768w, https:\/\/i0.wp.com\/blogdalucianaoliveira.com.br\/blog\/wp-content\/uploads\/2020\/01\/F3CA0F6A-2EF5-4B00-AD58-A2E5220C81FF.jpeg?resize=1536%2C1024 1536w, https:\/\/i0.wp.com\/blogdalucianaoliveira.com.br\/blog\/wp-content\/uploads\/2020\/01\/F3CA0F6A-2EF5-4B00-AD58-A2E5220C81FF.jpeg?resize=450%2C300 450w, https:\/\/i0.wp.com\/blogdalucianaoliveira.com.br\/blog\/wp-content\/uploads\/2020\/01\/F3CA0F6A-2EF5-4B00-AD58-A2E5220C81FF.jpeg?w=1200 1200w, https:\/\/i0.wp.com\/blogdalucianaoliveira.com.br\/blog\/wp-content\/uploads\/2020\/01\/F3CA0F6A-2EF5-4B00-AD58-A2E5220C81FF.jpeg?w=1800 1800w\" sizes=\"auto, (max-width: 600px) 100vw, 600px\" \/><\/figure>\n\n\n\n<p>&#8220;Esta popula\u00e7\u00e3o tem o direito de viver, de ser usu\u00e1ria dos servi\u00e7os p\u00fablicos, de ter leis protetivas e garantia de atendimento sem discrimina\u00e7\u00e3o ou preconceito em fun\u00e7\u00e3o da orienta\u00e7\u00e3o sexual e identidade de g\u00eanero&#8221;<\/p>\n\n\n\n<!--more-->\n\n\n\n<p><em>Por Sol Massari*<\/em><\/p>\n\n\n\n<p>O pensamento se forma e se projeta a partir da interpreta\u00e7\u00e3o da constru\u00e7\u00e3o da imagem que \u00e9 transmitida pela cultura e seus valores sociais. \u00c9 certo que todos os homens s\u00e3o da mesma esp\u00e9cie, por\u00e9m nem todos s\u00e3o iguais social e fisicamente, o que os torna muitas vezes estigmatizados e \u00e0 margem da sociedade. As diferen\u00e7as n\u00e3o s\u00e3o respeitadas como individualidade e diversidade.<br><\/p>\n\n\n\n<p>O ato de estigmatizar \u00e9 hist\u00f3rico. Por essa pr\u00e1tica \u00e9 que se vai definindo quem \u00e9 o indiv\u00edduo, a que classe social pertence e que poder det\u00e9m. O estigma \u00e9 uma marca e a pessoa que a carrega n\u00e3o tem credibilidade na sociedade; por mais que busque se expressar, n\u00e3o \u00e9 considerada pelo todo. \u00c9 poss\u00edvel at\u00e9 dizer que o estigma \u00e9 o elemento principal para a cria\u00e7\u00e3o ou n\u00e3o da identidade social.<\/p>\n\n\n\n<p>As atitudes preconceituosas, em particular as transf\u00f3bicas, fazem parte da cultura brasileira. Se pensarmos na diversidade humana existente fica vis\u00edvel o quanto os direitos n\u00e3o s\u00e3o respeitados.<br><\/p>\n\n\n\n<p>Em 29 de janeiro de 2004, foi institu\u00edda o Dia da Visibilidade Trans, com o lan\u00e7amento de uma campanha nacional por lideran\u00e7as do movimento de pessoas trans, em parceria com o Programa Nacional de DST\/Aids do Minist\u00e9rio da Sa\u00fade. Passados 14 anos, o Dossi\u00ea dos Assassinatos e da Viol\u00eancia contra Travestis e Transexuais no Brasil (2018) apontou que ocorreram 163 assassinatos de pessoas trans. Sendo 158 travestis e mulheres transexuais, quatro homens trans e uma\u00a0pessoa n\u00e3o-bin\u00e1ria. Destes, h\u00e1 registros de apenas 15 casos que tiveram os suspeitos presos.<\/p>\n\n\n\n<p>Os integrantes desta popula\u00e7\u00e3o, muitas vezes de baixa renda, s\u00e3o expulsas da fam\u00edlia, da escola e da cidade de origem, e a \u00fanica op\u00e7\u00e3o \u00e9 o trabalho nas ruas, tornando-se trabalhadoras do sexo.<\/p>\n\n\n\n<p>A prostitui\u00e7\u00e3o entra na vida das mulheres trans, geralmente, de maneira muito cruel. Muitas, ainda adolescentes, t\u00eam seus corpos transformados com ajuda do silicone industrial e de usos indiscriminados dos horm\u00f4nios, sem a menor orienta\u00e7\u00e3o, apenas com a promessa de uma vida melhor e com dinheiro para comprar o que desejarem. Infelizmente, muitas terminam assassinadas, e as que permanecem ficam em situa\u00e7\u00e3o de rua. Os servi\u00e7os de acolhimento, em sua maioria, est\u00e3o despreparados para receb\u00ea-las, e mais uma vez, sofrem atos transf\u00f3bicos quando a identidade de g\u00eanero n\u00e3o \u00e9 respeitada. \u00c9 comum que, para pernoitar nesses servi\u00e7os, se submetem a dormir no quarto masculino, correndo o risco de sofrerem viol\u00eancia sexual ou at\u00e9 mesmo de serem mortas.<\/p>\n\n\n\n<p>Esta popula\u00e7\u00e3o tem o direito de viver, de ser usu\u00e1ria dos servi\u00e7os p\u00fablicos, de ter leis protetivas e garantia de atendimento sem discrimina\u00e7\u00e3o ou preconceito em fun\u00e7\u00e3o da orienta\u00e7\u00e3o sexual e identidade de g\u00eanero.<\/p>\n\n\n\n<p>Se a pessoa trans encontra-se em situa\u00e7\u00e3o de desigualdade no Brasil, ent\u00e3o o processo para combater \u00e9 a implanta\u00e7\u00e3o das pol\u00edticas p\u00fablicas, que devem ir al\u00e9m das leis que proclamam a igualdade e que visam punir as pr\u00e1ticas transf\u00f3bica. \u00c9 preciso que haja a defesa intransigente na garantia das pessoas trans, para que ocupem os espa\u00e7os p\u00fablicos como na educa\u00e7\u00e3o, nos servi\u00e7os de assist\u00eancia social, na sa\u00fade, no mercado de trabalho. Afinal, lugar da pessoa trans \u00e9 onde ela quiser!<\/p>\n","protected":false},"excerpt":{"rendered":"<p>&#8220;Esta popula\u00e7\u00e3o tem o direito de viver, de ser usu\u00e1ria dos servi\u00e7os p\u00fablicos, de ter leis protetivas e garantia de atendimento sem discrimina\u00e7\u00e3o ou preconceito em fun\u00e7\u00e3o da orienta\u00e7\u00e3o sexual e identidade de g\u00eanero&#8221;<\/p>\n","protected":false},"author":1,"featured_media":0,"comment_status":"closed","ping_status":"open","sticky":false,"template":"","format":"standard","meta":{"_exactmetrics_skip_tracking":false,"_exactmetrics_sitenote_active":false,"_exactmetrics_sitenote_note":"","_exactmetrics_sitenote_category":0,"jetpack_post_was_ever_published":false,"_jetpack_newsletter_access":"","_jetpack_dont_email_post_to_subs":false,"_jetpack_newsletter_tier_id":0,"_jetpack_memberships_contains_paywalled_content":false,"_jetpack_memberships_contains_paid_content":false,"footnotes":"","jetpack_publicize_message":"","jetpack_publicize_feature_enabled":true,"jetpack_social_post_already_shared":true,"jetpack_social_options":{"image_generator_settings":{"template":"highway","enabled":false},"version":2}},"categories":[1],"tags":[],"class_list":["post-26250","post","type-post","status-publish","format-standard","hentry","category-notas"],"jetpack_publicize_connections":[],"jetpack_sharing_enabled":true,"jetpack_featured_media_url":"","jetpack_shortlink":"https:\/\/wp.me\/p7wKYW-6Po","jetpack-related-posts":[],"_links":{"self":[{"href":"http:\/\/blogdalucianaoliveira.com.br\/blog\/wp-json\/wp\/v2\/posts\/26250","targetHints":{"allow":["GET"]}}],"collection":[{"href":"http:\/\/blogdalucianaoliveira.com.br\/blog\/wp-json\/wp\/v2\/posts"}],"about":[{"href":"http:\/\/blogdalucianaoliveira.com.br\/blog\/wp-json\/wp\/v2\/types\/post"}],"author":[{"embeddable":true,"href":"http:\/\/blogdalucianaoliveira.com.br\/blog\/wp-json\/wp\/v2\/users\/1"}],"replies":[{"embeddable":true,"href":"http:\/\/blogdalucianaoliveira.com.br\/blog\/wp-json\/wp\/v2\/comments?post=26250"}],"version-history":[{"count":1,"href":"http:\/\/blogdalucianaoliveira.com.br\/blog\/wp-json\/wp\/v2\/posts\/26250\/revisions"}],"predecessor-version":[{"id":26252,"href":"http:\/\/blogdalucianaoliveira.com.br\/blog\/wp-json\/wp\/v2\/posts\/26250\/revisions\/26252"}],"wp:attachment":[{"href":"http:\/\/blogdalucianaoliveira.com.br\/blog\/wp-json\/wp\/v2\/media?parent=26250"}],"wp:term":[{"taxonomy":"category","embeddable":true,"href":"http:\/\/blogdalucianaoliveira.com.br\/blog\/wp-json\/wp\/v2\/categories?post=26250"},{"taxonomy":"post_tag","embeddable":true,"href":"http:\/\/blogdalucianaoliveira.com.br\/blog\/wp-json\/wp\/v2\/tags?post=26250"}],"curies":[{"name":"wp","href":"https:\/\/api.w.org\/{rel}","templated":true}]}}