{"id":26255,"date":"2020-01-30T09:53:13","date_gmt":"2020-01-30T13:53:13","guid":{"rendered":"http:\/\/blogdalucianaoliveira.com.br\/blog\/?p=26255"},"modified":"2020-01-30T09:53:25","modified_gmt":"2020-01-30T13:53:25","slug":"igreja-presbiteriana-condena-apoio-a-partido-de-bolsonaro","status":"publish","type":"post","link":"http:\/\/blogdalucianaoliveira.com.br\/blog\/2020\/01\/30\/igreja-presbiteriana-condena-apoio-a-partido-de-bolsonaro\/","title":{"rendered":"Igreja Presbiteriana condena apoio a partido de Bolsonaro"},"content":{"rendered":"\n<figure class=\"wp-block-image size-large\"><img data-recalc-dims=\"1\" loading=\"lazy\" decoding=\"async\" width=\"500\" height=\"240\" data-attachment-id=\"26256\" data-permalink=\"http:\/\/blogdalucianaoliveira.com.br\/blog\/2020\/01\/30\/igreja-presbiteriana-condena-apoio-a-partido-de-bolsonaro\/image-85-2\/\" data-orig-file=\"https:\/\/i0.wp.com\/blogdalucianaoliveira.com.br\/blog\/wp-content\/uploads\/2020\/01\/image-85.jpeg?fit=500%2C240\" data-orig-size=\"500,240\" data-comments-opened=\"0\" data-image-meta=\"{&quot;aperture&quot;:&quot;0&quot;,&quot;credit&quot;:&quot;&quot;,&quot;camera&quot;:&quot;&quot;,&quot;caption&quot;:&quot;&quot;,&quot;created_timestamp&quot;:&quot;0&quot;,&quot;copyright&quot;:&quot;&quot;,&quot;focal_length&quot;:&quot;0&quot;,&quot;iso&quot;:&quot;0&quot;,&quot;shutter_speed&quot;:&quot;0&quot;,&quot;title&quot;:&quot;&quot;,&quot;orientation&quot;:&quot;0&quot;}\" data-image-title=\"image-85\" data-image-description=\"\" data-image-caption=\"\" data-medium-file=\"https:\/\/i0.wp.com\/blogdalucianaoliveira.com.br\/blog\/wp-content\/uploads\/2020\/01\/image-85.jpeg?fit=300%2C144\" data-large-file=\"https:\/\/i0.wp.com\/blogdalucianaoliveira.com.br\/blog\/wp-content\/uploads\/2020\/01\/image-85.jpeg?fit=500%2C240\" src=\"https:\/\/i0.wp.com\/blogdalucianaoliveira.com.br\/blog\/wp-content\/uploads\/2020\/01\/image-85.jpeg?resize=500%2C240\" alt=\"\" class=\"wp-image-26256\" srcset=\"https:\/\/i0.wp.com\/blogdalucianaoliveira.com.br\/blog\/wp-content\/uploads\/2020\/01\/image-85.jpeg?w=500 500w, https:\/\/i0.wp.com\/blogdalucianaoliveira.com.br\/blog\/wp-content\/uploads\/2020\/01\/image-85.jpeg?resize=300%2C144 300w\" sizes=\"auto, (max-width: 500px) 100vw, 500px\" \/><\/figure>\n\n\n\n<p><strong>247 &#8211;<\/strong>&nbsp;A c\u00fapula da Igreja Presbiteriana do Brasil, a d\u00e9cima maior denomina\u00e7\u00e3o protestante do pa\u00eds, com cerca de 750 mil membros distribu\u00eddos em mais de 5\u202f068 igrejas locais e congrega\u00e7\u00f5es, publicou uma nota recha\u00e7ando a postura do Pastor e bolsonarista Filipe Barros (PSL-PR), aliado de Bolsonaro, que usou os fi\u00e9is para&nbsp;<a target=\"_blank\" href=\"https:\/\/www.brasil247.com\/regionais\/sul\/pastor-convoca-fieis-a-assinarem-apoio-ao-partido-de-bolsonaro-durante-culto\" rel=\"noreferrer noopener\">coletar assinaturas para cria\u00e7\u00e3o<\/a>&nbsp;do partido de Jair Bolsonaro, o \u201cAlian\u00e7a pelo Brasil&#8221;<\/p>\n\n\n\n<!--more-->\n\n\n\n<p>A nota diz que &nbsp;&#8220;n\u00e3o \u00e9 apol\u00edtica&#8221; e tem um compromisso hist\u00f3rico com a democracia, mas afirmou que &#8220;em nenhum momento apresentou ou apresenta apoio a qualquer partido pol\u00edtico.&#8221;<\/p>\n\n\n\n<p>&#8220;Em resolu\u00e7\u00e3o de sua reuni\u00e3o ordin\u00e1ria em 1990, o Supremo Conc\u00edlio da Igreja Presbiteriana do Brasil orienta seus conc\u00edlios em geral que evitem apoio ostensivo a partidos pol\u00edticos e que as igrejas n\u00e3o cedam seus templos ou locais de culto a Deus para debates ou apresenta\u00e7\u00f5es de cunho pol\u00edtico&#8221;, diz a nota.<\/p>\n","protected":false},"excerpt":{"rendered":"<p>247 &#8211;&nbsp;A c\u00fapula da Igreja Presbiteriana do Brasil, a d\u00e9cima maior denomina\u00e7\u00e3o protestante do pa\u00eds, com cerca de 750 mil membros distribu\u00eddos em mais de 5\u202f068 igrejas locais e congrega\u00e7\u00f5es, publicou uma nota recha\u00e7ando a postura do Pastor e bolsonarista Filipe Barros (PSL-PR), aliado de Bolsonaro, que usou os fi\u00e9is para&nbsp;coletar assinaturas para cria\u00e7\u00e3o&nbsp;do partido&#8230;<a class=\"more-link\" href=\"http:\/\/blogdalucianaoliveira.com.br\/blog\/2020\/01\/30\/igreja-presbiteriana-condena-apoio-a-partido-de-bolsonaro\/\">Continue a leitura <span class=\"meta-nav\">&raquo;<\/span><\/a><\/p>\n","protected":false},"author":1,"featured_media":0,"comment_status":"closed","ping_status":"open","sticky":false,"template":"","format":"standard","meta":{"_exactmetrics_skip_tracking":false,"_exactmetrics_sitenote_active":false,"_exactmetrics_sitenote_note":"","_exactmetrics_sitenote_category":0,"jetpack_post_was_ever_published":false,"_jetpack_newsletter_access":"","_jetpack_dont_email_post_to_subs":false,"_jetpack_newsletter_tier_id":0,"_jetpack_memberships_contains_paywalled_content":false,"_jetpack_memberships_contains_paid_content":false,"footnotes":"","jetpack_publicize_message":"","jetpack_publicize_feature_enabled":true,"jetpack_social_post_already_shared":true,"jetpack_social_options":{"image_generator_settings":{"template":"highway","enabled":false},"version":2}},"categories":[1],"tags":[],"class_list":["post-26255","post","type-post","status-publish","format-standard","hentry","category-notas"],"jetpack_publicize_connections":[],"jetpack_sharing_enabled":true,"jetpack_featured_media_url":"","jetpack_shortlink":"https:\/\/wp.me\/p7wKYW-6Pt","jetpack-related-posts":[],"_links":{"self":[{"href":"http:\/\/blogdalucianaoliveira.com.br\/blog\/wp-json\/wp\/v2\/posts\/26255","targetHints":{"allow":["GET"]}}],"collection":[{"href":"http:\/\/blogdalucianaoliveira.com.br\/blog\/wp-json\/wp\/v2\/posts"}],"about":[{"href":"http:\/\/blogdalucianaoliveira.com.br\/blog\/wp-json\/wp\/v2\/types\/post"}],"author":[{"embeddable":true,"href":"http:\/\/blogdalucianaoliveira.com.br\/blog\/wp-json\/wp\/v2\/users\/1"}],"replies":[{"embeddable":true,"href":"http:\/\/blogdalucianaoliveira.com.br\/blog\/wp-json\/wp\/v2\/comments?post=26255"}],"version-history":[{"count":1,"href":"http:\/\/blogdalucianaoliveira.com.br\/blog\/wp-json\/wp\/v2\/posts\/26255\/revisions"}],"predecessor-version":[{"id":26257,"href":"http:\/\/blogdalucianaoliveira.com.br\/blog\/wp-json\/wp\/v2\/posts\/26255\/revisions\/26257"}],"wp:attachment":[{"href":"http:\/\/blogdalucianaoliveira.com.br\/blog\/wp-json\/wp\/v2\/media?parent=26255"}],"wp:term":[{"taxonomy":"category","embeddable":true,"href":"http:\/\/blogdalucianaoliveira.com.br\/blog\/wp-json\/wp\/v2\/categories?post=26255"},{"taxonomy":"post_tag","embeddable":true,"href":"http:\/\/blogdalucianaoliveira.com.br\/blog\/wp-json\/wp\/v2\/tags?post=26255"}],"curies":[{"name":"wp","href":"https:\/\/api.w.org\/{rel}","templated":true}]}}