{"id":26258,"date":"2020-01-30T10:27:17","date_gmt":"2020-01-30T14:27:17","guid":{"rendered":"http:\/\/blogdalucianaoliveira.com.br\/blog\/?p=26258"},"modified":"2020-01-30T10:27:24","modified_gmt":"2020-01-30T14:27:24","slug":"populacao-de-rua-de-sao-paulo-cresce-60-em-quatro-anos","status":"publish","type":"post","link":"http:\/\/blogdalucianaoliveira.com.br\/blog\/2020\/01\/30\/populacao-de-rua-de-sao-paulo-cresce-60-em-quatro-anos\/","title":{"rendered":"Popula\u00e7\u00e3o de rua de S\u00e3o Paulo cresce 60% em quatro anos"},"content":{"rendered":"\n<figure class=\"wp-block-image size-large\"><img data-recalc-dims=\"1\" loading=\"lazy\" decoding=\"async\" width=\"275\" height=\"183\" data-attachment-id=\"26259\" data-permalink=\"http:\/\/blogdalucianaoliveira.com.br\/blog\/2020\/01\/30\/populacao-de-rua-de-sao-paulo-cresce-60-em-quatro-anos\/image-86-2\/\" data-orig-file=\"https:\/\/i0.wp.com\/blogdalucianaoliveira.com.br\/blog\/wp-content\/uploads\/2020\/01\/image-86.jpeg?fit=275%2C183\" data-orig-size=\"275,183\" data-comments-opened=\"0\" data-image-meta=\"{&quot;aperture&quot;:&quot;0&quot;,&quot;credit&quot;:&quot;&quot;,&quot;camera&quot;:&quot;&quot;,&quot;caption&quot;:&quot;&quot;,&quot;created_timestamp&quot;:&quot;0&quot;,&quot;copyright&quot;:&quot;&quot;,&quot;focal_length&quot;:&quot;0&quot;,&quot;iso&quot;:&quot;0&quot;,&quot;shutter_speed&quot;:&quot;0&quot;,&quot;title&quot;:&quot;&quot;,&quot;orientation&quot;:&quot;0&quot;}\" data-image-title=\"image-86\" data-image-description=\"\" data-image-caption=\"\" data-medium-file=\"https:\/\/i0.wp.com\/blogdalucianaoliveira.com.br\/blog\/wp-content\/uploads\/2020\/01\/image-86.jpeg?fit=275%2C183\" data-large-file=\"https:\/\/i0.wp.com\/blogdalucianaoliveira.com.br\/blog\/wp-content\/uploads\/2020\/01\/image-86.jpeg?fit=275%2C183\" src=\"https:\/\/i0.wp.com\/blogdalucianaoliveira.com.br\/blog\/wp-content\/uploads\/2020\/01\/image-86.jpeg?resize=275%2C183\" alt=\"\" class=\"wp-image-26259\"\/><\/figure>\n\n\n\n<p>Dados s\u00e3o do ainda in\u00e9dito Cento da Popula\u00e7\u00e3o em Situa\u00e7\u00e3o de Rua, realizado pela prefeitura.<\/p>\n\n\n\n<!--more-->\n\n\n\n<p>M\u00f4nica Bergamo <\/p>\n\n\n\n<p>Folha de S\u00e3o Paulo<\/p>\n\n\n\n<p>A\u00a0<a href=\"https:\/\/www1.folha.uol.com.br\/cotidiano\/2018\/11\/moradores-de-rua-contam-suas-historias-nas-calcadas-de-sao-paulo.shtml\">popula\u00e7\u00e3o de rua da cidade de S\u00e3o Paulo<\/a>chegou a 24.344 pessoas em 2019 \u2014<a href=\"https:\/\/www1.folha.uol.com.br\/cotidiano\/2019\/06\/em-dois-anos-sp-ve-salto-de-66-de-pessoas-abordadas-nas-ruas.shtml\">um salto de 60% em quatro anos<\/a>. Em 2015, os moradores nesta situa\u00e7\u00e3o somavam 15,9 mil.<\/p>\n\n\n\n<h3 class=\"wp-block-heading\">BEIJO NO ASFALTO<\/h3>\n\n\n\n<p>Os dados s\u00e3o do ainda in\u00e9dito Censo da Popula\u00e7\u00e3o em Situa\u00e7\u00e3o de Rua, realizado pela Prefeitura de SP. Ele ser\u00e1 lan\u00e7ado na sexta (31).<\/p>\n\n\n\n<h3 class=\"wp-block-heading\">LINHA\u2002<\/h3>\n\n\n\n<p>O levantamento mostra a rela\u00e7\u00e3o entre o salto no n\u00famero de moradores de rua e a\u00a0<a href=\"https:\/\/www1.folha.uol.com.br\/mercado\/2019\/11\/sao-paulo-e-unico-estado-com-queda-de-desemprego-no-3o-trimestre-diz-ibge.shtml\">alta na taxa de desemprego<\/a>\u00a0\u2014que era de 13,2% na cidade em 2015 e agora chega a 16,6%.<\/p>\n\n\n\n<h3 class=\"wp-block-heading\">LINHA 2<\/h3>\n\n\n\n<p>Do total de moradores, 69,3% s\u00e3o pretos ou pardos e 28% s\u00e3o brancos. H\u00e1 ainda ind\u00edgenas (1,7%) e pessoas de cor amarela (0,9%).<\/p>\n\n\n\n<h3 class=\"wp-block-heading\">FAIXA ET\u00c1RIA\u2002<\/h3>\n\n\n\n<p>A maior parte dos que est\u00e3o nas ruas tem entre 31 e 49 anos (46,6%). E 3,9% s\u00e3o crian\u00e7as.<\/p>\n\n\n\n<h3 class=\"wp-block-heading\">RUMO\u2002<\/h3>\n\n\n\n<p>Eles relatam os motivos que os levaram a essa situa\u00e7\u00e3o: conflitos familiares, falecimento de parentes, perda de trabalho, drogas e problemas de sa\u00fade (como depress\u00e3o). Alguns s\u00e3o egressos do sistema prisional.<\/p>\n\n\n\n<hr class=\"wp-block-separator\"\/>\n","protected":false},"excerpt":{"rendered":"<p>Dados s\u00e3o do ainda in\u00e9dito Cento da Popula\u00e7\u00e3o em Situa\u00e7\u00e3o de Rua, realizado pela prefeitura.<\/p>\n","protected":false},"author":1,"featured_media":0,"comment_status":"closed","ping_status":"open","sticky":false,"template":"","format":"standard","meta":{"_exactmetrics_skip_tracking":false,"_exactmetrics_sitenote_active":false,"_exactmetrics_sitenote_note":"","_exactmetrics_sitenote_category":0,"jetpack_post_was_ever_published":false,"_jetpack_newsletter_access":"","_jetpack_dont_email_post_to_subs":false,"_jetpack_newsletter_tier_id":0,"_jetpack_memberships_contains_paywalled_content":false,"_jetpack_memberships_contains_paid_content":false,"footnotes":"","jetpack_publicize_message":"","jetpack_publicize_feature_enabled":true,"jetpack_social_post_already_shared":true,"jetpack_social_options":{"image_generator_settings":{"template":"highway","enabled":false},"version":2}},"categories":[1],"tags":[],"class_list":["post-26258","post","type-post","status-publish","format-standard","hentry","category-notas"],"jetpack_publicize_connections":[],"jetpack_sharing_enabled":true,"jetpack_featured_media_url":"","jetpack_shortlink":"https:\/\/wp.me\/p7wKYW-6Pw","jetpack-related-posts":[],"_links":{"self":[{"href":"http:\/\/blogdalucianaoliveira.com.br\/blog\/wp-json\/wp\/v2\/posts\/26258","targetHints":{"allow":["GET"]}}],"collection":[{"href":"http:\/\/blogdalucianaoliveira.com.br\/blog\/wp-json\/wp\/v2\/posts"}],"about":[{"href":"http:\/\/blogdalucianaoliveira.com.br\/blog\/wp-json\/wp\/v2\/types\/post"}],"author":[{"embeddable":true,"href":"http:\/\/blogdalucianaoliveira.com.br\/blog\/wp-json\/wp\/v2\/users\/1"}],"replies":[{"embeddable":true,"href":"http:\/\/blogdalucianaoliveira.com.br\/blog\/wp-json\/wp\/v2\/comments?post=26258"}],"version-history":[{"count":1,"href":"http:\/\/blogdalucianaoliveira.com.br\/blog\/wp-json\/wp\/v2\/posts\/26258\/revisions"}],"predecessor-version":[{"id":26260,"href":"http:\/\/blogdalucianaoliveira.com.br\/blog\/wp-json\/wp\/v2\/posts\/26258\/revisions\/26260"}],"wp:attachment":[{"href":"http:\/\/blogdalucianaoliveira.com.br\/blog\/wp-json\/wp\/v2\/media?parent=26258"}],"wp:term":[{"taxonomy":"category","embeddable":true,"href":"http:\/\/blogdalucianaoliveira.com.br\/blog\/wp-json\/wp\/v2\/categories?post=26258"},{"taxonomy":"post_tag","embeddable":true,"href":"http:\/\/blogdalucianaoliveira.com.br\/blog\/wp-json\/wp\/v2\/tags?post=26258"}],"curies":[{"name":"wp","href":"https:\/\/api.w.org\/{rel}","templated":true}]}}