{"id":26264,"date":"2020-01-30T10:45:08","date_gmt":"2020-01-30T14:45:08","guid":{"rendered":"http:\/\/blogdalucianaoliveira.com.br\/blog\/?p=26264"},"modified":"2020-01-30T10:45:15","modified_gmt":"2020-01-30T14:45:15","slug":"ao-detonar-weintraub-rodrigo-maia-mira-em-bolsonaro-incompetente-e-quem-nomeou-e-mantem-o-ministro","status":"publish","type":"post","link":"http:\/\/blogdalucianaoliveira.com.br\/blog\/2020\/01\/30\/ao-detonar-weintraub-rodrigo-maia-mira-em-bolsonaro-incompetente-e-quem-nomeou-e-mantem-o-ministro\/","title":{"rendered":"Ao detonar Weintraub, Rodrigo Maia mira em Bolsonaro: incompetente \u00e9 quem nomeou e mant\u00e9m o ministro"},"content":{"rendered":"\n<figure class=\"wp-block-image size-large\"><img data-recalc-dims=\"1\" loading=\"lazy\" decoding=\"async\" width=\"600\" height=\"338\" data-attachment-id=\"26265\" data-permalink=\"http:\/\/blogdalucianaoliveira.com.br\/blog\/2020\/01\/30\/ao-detonar-weintraub-rodrigo-maia-mira-em-bolsonaro-incompetente-e-quem-nomeou-e-mantem-o-ministro\/image-88-2\/\" data-orig-file=\"https:\/\/i0.wp.com\/blogdalucianaoliveira.com.br\/blog\/wp-content\/uploads\/2020\/01\/image-88.jpeg?fit=600%2C338\" data-orig-size=\"600,338\" data-comments-opened=\"0\" data-image-meta=\"{&quot;aperture&quot;:&quot;0&quot;,&quot;credit&quot;:&quot;&quot;,&quot;camera&quot;:&quot;&quot;,&quot;caption&quot;:&quot;&quot;,&quot;created_timestamp&quot;:&quot;0&quot;,&quot;copyright&quot;:&quot;&quot;,&quot;focal_length&quot;:&quot;0&quot;,&quot;iso&quot;:&quot;0&quot;,&quot;shutter_speed&quot;:&quot;0&quot;,&quot;title&quot;:&quot;&quot;,&quot;orientation&quot;:&quot;0&quot;}\" data-image-title=\"image-88\" data-image-description=\"\" data-image-caption=\"\" data-medium-file=\"https:\/\/i0.wp.com\/blogdalucianaoliveira.com.br\/blog\/wp-content\/uploads\/2020\/01\/image-88.jpeg?fit=300%2C169\" data-large-file=\"https:\/\/i0.wp.com\/blogdalucianaoliveira.com.br\/blog\/wp-content\/uploads\/2020\/01\/image-88.jpeg?fit=600%2C338\" src=\"https:\/\/i0.wp.com\/blogdalucianaoliveira.com.br\/blog\/wp-content\/uploads\/2020\/01\/image-88.jpeg?resize=600%2C338\" alt=\"\" class=\"wp-image-26265\" srcset=\"https:\/\/i0.wp.com\/blogdalucianaoliveira.com.br\/blog\/wp-content\/uploads\/2020\/01\/image-88.jpeg?w=600 600w, https:\/\/i0.wp.com\/blogdalucianaoliveira.com.br\/blog\/wp-content\/uploads\/2020\/01\/image-88.jpeg?resize=300%2C169 300w, https:\/\/i0.wp.com\/blogdalucianaoliveira.com.br\/blog\/wp-content\/uploads\/2020\/01\/image-88.jpeg?resize=533%2C300 533w\" sizes=\"auto, (max-width: 600px) 100vw, 600px\" \/><\/figure>\n\n\n\n<p>O presidente da C\u00e2mara dos Deputados, Rodrigo Maia, detonou o ministro da Educa\u00e7\u00e3o, Abraham Weintraub, em evento realizado pelo Credit Suisse em S\u00e3o Paulo. Disse que o sujeito prejudica a imagem do pa\u00eds e que inviabiliza novos investimentos.<\/p>\n\n\n\n<p>Segundo o jornal Valor, afirmou que, com um \u201cministro da Educa\u00e7\u00e3o desses\u201d, o Brasil \u201cn\u00e3o tem futuro\u201d.<\/p>\n\n\n\n<p>O presidente da C\u00e2mara tamb\u00e9m criticou o ministro o Meio Ambiente, Ricardo Salles, que \u201cperdeu as condi\u00e7\u00f5es de ser interlocutor\u201d com investidores.<\/p>\n\n\n\n<p>Salles n\u00e3o tem credibilidade m\u00ednima.<\/p>\n\n\n\n<p>\u201cN\u00e3o sei o que o governo vai fazer com o ministro do Meio Ambiente\u201d, destacou. \u201cPerdeu condi\u00e7\u00f5es de ser interlocutor. Radicalizou demais\u201d, acrescentou.<\/p>\n\n\n\n<p>A condu\u00e7\u00e3o da Secretaria da Cultura tamb\u00e9m foi alvo das cr\u00edticas de Maia. A pasta tem agora no comando Regina Duarte, mas at\u00e9 dez duas semanas atr\u00e1s era dirigida por Roberto Alvim, que gravou um v\u00eddeo com um discurso nazista, em que repetiu palavras de Joseph Goebbels, ministro da Propaganda de Hitler.<\/p>\n\n\n\n<p>\u201cA quest\u00e3o da Cultura passou de todos os limites\u201d, disse.<\/p>\n\n\n\n<p>No fundo, Maia critica Jair Bolsonaro. Afinal, n\u00e3o existem ministros ou assessores ruins. Se eles s\u00e3o incompetentes, a responsabilidade \u00e9 de quem os colocou l\u00e1.<\/p>\n\n\n\n<p>Incompetente \u00e9 quem os nomeou.<\/p>\n\n\n\n<p>Simples assim.<\/p>\n","protected":false},"excerpt":{"rendered":"<p>O presidente da C\u00e2mara dos Deputados, Rodrigo Maia, detonou o ministro da Educa\u00e7\u00e3o, Abraham Weintraub, em evento realizado pelo Credit Suisse em S\u00e3o Paulo. Disse que o sujeito prejudica a imagem do pa\u00eds e que inviabiliza novos investimentos. Segundo o jornal Valor, afirmou que, com um \u201cministro da Educa\u00e7\u00e3o desses\u201d, o Brasil \u201cn\u00e3o tem futuro\u201d&#8230;.<a class=\"more-link\" href=\"http:\/\/blogdalucianaoliveira.com.br\/blog\/2020\/01\/30\/ao-detonar-weintraub-rodrigo-maia-mira-em-bolsonaro-incompetente-e-quem-nomeou-e-mantem-o-ministro\/\">Continue a leitura <span class=\"meta-nav\">&raquo;<\/span><\/a><\/p>\n","protected":false},"author":1,"featured_media":0,"comment_status":"closed","ping_status":"open","sticky":false,"template":"","format":"standard","meta":{"_exactmetrics_skip_tracking":false,"_exactmetrics_sitenote_active":false,"_exactmetrics_sitenote_note":"","_exactmetrics_sitenote_category":0,"jetpack_post_was_ever_published":false,"_jetpack_newsletter_access":"","_jetpack_dont_email_post_to_subs":false,"_jetpack_newsletter_tier_id":0,"_jetpack_memberships_contains_paywalled_content":false,"_jetpack_memberships_contains_paid_content":false,"footnotes":"","jetpack_publicize_message":"","jetpack_publicize_feature_enabled":true,"jetpack_social_post_already_shared":true,"jetpack_social_options":{"image_generator_settings":{"template":"highway","enabled":false},"version":2}},"categories":[1],"tags":[],"class_list":["post-26264","post","type-post","status-publish","format-standard","hentry","category-notas"],"jetpack_publicize_connections":[],"jetpack_sharing_enabled":true,"jetpack_featured_media_url":"","jetpack_shortlink":"https:\/\/wp.me\/p7wKYW-6PC","jetpack-related-posts":[],"_links":{"self":[{"href":"http:\/\/blogdalucianaoliveira.com.br\/blog\/wp-json\/wp\/v2\/posts\/26264","targetHints":{"allow":["GET"]}}],"collection":[{"href":"http:\/\/blogdalucianaoliveira.com.br\/blog\/wp-json\/wp\/v2\/posts"}],"about":[{"href":"http:\/\/blogdalucianaoliveira.com.br\/blog\/wp-json\/wp\/v2\/types\/post"}],"author":[{"embeddable":true,"href":"http:\/\/blogdalucianaoliveira.com.br\/blog\/wp-json\/wp\/v2\/users\/1"}],"replies":[{"embeddable":true,"href":"http:\/\/blogdalucianaoliveira.com.br\/blog\/wp-json\/wp\/v2\/comments?post=26264"}],"version-history":[{"count":1,"href":"http:\/\/blogdalucianaoliveira.com.br\/blog\/wp-json\/wp\/v2\/posts\/26264\/revisions"}],"predecessor-version":[{"id":26266,"href":"http:\/\/blogdalucianaoliveira.com.br\/blog\/wp-json\/wp\/v2\/posts\/26264\/revisions\/26266"}],"wp:attachment":[{"href":"http:\/\/blogdalucianaoliveira.com.br\/blog\/wp-json\/wp\/v2\/media?parent=26264"}],"wp:term":[{"taxonomy":"category","embeddable":true,"href":"http:\/\/blogdalucianaoliveira.com.br\/blog\/wp-json\/wp\/v2\/categories?post=26264"},{"taxonomy":"post_tag","embeddable":true,"href":"http:\/\/blogdalucianaoliveira.com.br\/blog\/wp-json\/wp\/v2\/tags?post=26264"}],"curies":[{"name":"wp","href":"https:\/\/api.w.org\/{rel}","templated":true}]}}