{"id":2627,"date":"2016-07-27T15:37:41","date_gmt":"2016-07-27T19:37:41","guid":{"rendered":"http:\/\/blogdalucianaoliveira.com.br\/blog\/?p=2627"},"modified":"2016-07-27T15:37:41","modified_gmt":"2016-07-27T19:37:41","slug":"do-anedotario-da-politica-rondoniense-uma-da-folha-do-sul","status":"publish","type":"post","link":"http:\/\/blogdalucianaoliveira.com.br\/blog\/2016\/07\/27\/do-anedotario-da-politica-rondoniense-uma-da-folha-do-sul\/","title":{"rendered":"Do anedot\u00e1rio da pol\u00edtica rondoniense, uma da Folha do Sul"},"content":{"rendered":"<p><img data-recalc-dims=\"1\" loading=\"lazy\" decoding=\"async\" data-attachment-id=\"2628\" data-permalink=\"http:\/\/blogdalucianaoliveira.com.br\/blog\/2016\/07\/27\/do-anedotario-da-politica-rondoniense-uma-da-folha-do-sul\/image-600\/\" data-orig-file=\"https:\/\/i0.wp.com\/blogdalucianaoliveira.com.br\/blog\/wp-content\/uploads\/2016\/07\/image-150.jpeg?fit=563%2C261\" data-orig-size=\"563,261\" data-comments-opened=\"0\" data-image-meta=\"{&quot;aperture&quot;:&quot;0&quot;,&quot;credit&quot;:&quot;&quot;,&quot;camera&quot;:&quot;&quot;,&quot;caption&quot;:&quot;&quot;,&quot;created_timestamp&quot;:&quot;0&quot;,&quot;copyright&quot;:&quot;&quot;,&quot;focal_length&quot;:&quot;0&quot;,&quot;iso&quot;:&quot;0&quot;,&quot;shutter_speed&quot;:&quot;0&quot;,&quot;title&quot;:&quot;&quot;,&quot;orientation&quot;:&quot;0&quot;}\" data-image-title=\"image\" data-image-description=\"\" data-image-caption=\"\" data-medium-file=\"https:\/\/i0.wp.com\/blogdalucianaoliveira.com.br\/blog\/wp-content\/uploads\/2016\/07\/image-150.jpeg?fit=300%2C139\" data-large-file=\"https:\/\/i0.wp.com\/blogdalucianaoliveira.com.br\/blog\/wp-content\/uploads\/2016\/07\/image-150.jpeg?fit=563%2C261\" src=\"https:\/\/i0.wp.com\/blogdalucianaoliveira.com.br\/blog\/wp-content\/uploads\/2016\/07\/image-150.jpeg?resize=563%2C261\" alt=\"image\" width=\"563\" height=\"261\" class=\"alignnone size-full wp-image-2628\" srcset=\"https:\/\/i0.wp.com\/blogdalucianaoliveira.com.br\/blog\/wp-content\/uploads\/2016\/07\/image-150.jpeg?w=563 563w, https:\/\/i0.wp.com\/blogdalucianaoliveira.com.br\/blog\/wp-content\/uploads\/2016\/07\/image-150.jpeg?resize=300%2C139 300w\" sizes=\"auto, (max-width: 563px) 100vw, 563px\" \/><\/p>\n<p>Na campanha para governador de Rond\u00f4nia, em 1994, o ex-prefeito de Rolim de Moura, Valdir Raupp, foi recebido com uma churrascada em Vilhena. <!--more--><\/p>\n<p>Liderando as pesquisas, Raupp foi recepcionado na distribuidora de bebidas na fam\u00edlia Stocco. Naquele tempo, em que a distribui\u00e7\u00e3o de energia era ca\u00f3tica, apag\u00f5es aconteciam com freq\u00fc\u00eancia na cidade.<\/p>\n<p>Durante o evento, o editor do jornal FOLHA DO SUL, o \u00fanico seman\u00e1rio do Cone Sul, que circula a partir de s\u00e1bado, Dimas Ferreira, entrevistava o futuro governador, quando as luzes do local se apagaram. A interrup\u00e7\u00e3o, no entanto, foi de poucos segundos.<\/p>\n<p>Quando a energia voltou, o jornalista se surpreendeu: entre ele e o entrevistado, surgidos do nada, dois \u201carm\u00e1rios\u201d da Pol\u00edcia Federal, que cuidavam da seguran\u00e7a de Raupp. Antes mesmo que o tr\u00eamulo comunicador cobrasse uma resposta, o agente mais mal encarado, com a m\u00e3o na cintura, esclareceu:<br \/>\n&#8211; N\u00e3o podemos facilitar&#8230; Lembra do Olavo?<\/p>\n<p>Era uma refer\u00eancia ao senador Olavo Pires, executado a tiros de metralhadora em 1990, quando tamb\u00e9m liderava a disputa pelo Governo de Rond\u00f4nia.<\/p>\n","protected":false},"excerpt":{"rendered":"<p>Na campanha para governador de Rond\u00f4nia, em 1994, o ex-prefeito de Rolim de Moura, Valdir Raupp, foi recebido com uma churrascada em Vilhena.<\/p>\n","protected":false},"author":1,"featured_media":0,"comment_status":"closed","ping_status":"open","sticky":false,"template":"","format":"standard","meta":{"_exactmetrics_skip_tracking":false,"_exactmetrics_sitenote_active":false,"_exactmetrics_sitenote_note":"","_exactmetrics_sitenote_category":0,"jetpack_post_was_ever_published":false,"_jetpack_newsletter_access":"","_jetpack_dont_email_post_to_subs":false,"_jetpack_newsletter_tier_id":0,"_jetpack_memberships_contains_paywalled_content":false,"_jetpack_memberships_contains_paid_content":false,"footnotes":"","jetpack_publicize_message":"","jetpack_publicize_feature_enabled":true,"jetpack_social_post_already_shared":true,"jetpack_social_options":{"image_generator_settings":{"template":"highway","enabled":false},"version":2}},"categories":[1],"tags":[],"class_list":["post-2627","post","type-post","status-publish","format-standard","hentry","category-notas"],"jetpack_publicize_connections":[],"jetpack_sharing_enabled":true,"jetpack_featured_media_url":"","jetpack_shortlink":"https:\/\/wp.me\/p7wKYW-Gn","jetpack-related-posts":[],"_links":{"self":[{"href":"http:\/\/blogdalucianaoliveira.com.br\/blog\/wp-json\/wp\/v2\/posts\/2627","targetHints":{"allow":["GET"]}}],"collection":[{"href":"http:\/\/blogdalucianaoliveira.com.br\/blog\/wp-json\/wp\/v2\/posts"}],"about":[{"href":"http:\/\/blogdalucianaoliveira.com.br\/blog\/wp-json\/wp\/v2\/types\/post"}],"author":[{"embeddable":true,"href":"http:\/\/blogdalucianaoliveira.com.br\/blog\/wp-json\/wp\/v2\/users\/1"}],"replies":[{"embeddable":true,"href":"http:\/\/blogdalucianaoliveira.com.br\/blog\/wp-json\/wp\/v2\/comments?post=2627"}],"version-history":[{"count":1,"href":"http:\/\/blogdalucianaoliveira.com.br\/blog\/wp-json\/wp\/v2\/posts\/2627\/revisions"}],"predecessor-version":[{"id":2629,"href":"http:\/\/blogdalucianaoliveira.com.br\/blog\/wp-json\/wp\/v2\/posts\/2627\/revisions\/2629"}],"wp:attachment":[{"href":"http:\/\/blogdalucianaoliveira.com.br\/blog\/wp-json\/wp\/v2\/media?parent=2627"}],"wp:term":[{"taxonomy":"category","embeddable":true,"href":"http:\/\/blogdalucianaoliveira.com.br\/blog\/wp-json\/wp\/v2\/categories?post=2627"},{"taxonomy":"post_tag","embeddable":true,"href":"http:\/\/blogdalucianaoliveira.com.br\/blog\/wp-json\/wp\/v2\/tags?post=2627"}],"curies":[{"name":"wp","href":"https:\/\/api.w.org\/{rel}","templated":true}]}}