{"id":26270,"date":"2020-01-30T16:24:46","date_gmt":"2020-01-30T20:24:46","guid":{"rendered":"http:\/\/blogdalucianaoliveira.com.br\/blog\/?p=26270"},"modified":"2020-01-30T16:24:58","modified_gmt":"2020-01-30T20:24:58","slug":"chico-buarque-diz-que-pais-e-governado-por-loucos","status":"publish","type":"post","link":"http:\/\/blogdalucianaoliveira.com.br\/blog\/2020\/01\/30\/chico-buarque-diz-que-pais-e-governado-por-loucos\/","title":{"rendered":"Chico Buarque diz que pa\u00eds \u00e9 governado por &#8216;loucos&#8217;"},"content":{"rendered":"\n<figure class=\"wp-block-image size-large\"><img data-recalc-dims=\"1\" loading=\"lazy\" decoding=\"async\" width=\"600\" height=\"400\" data-attachment-id=\"26271\" data-permalink=\"http:\/\/blogdalucianaoliveira.com.br\/blog\/2020\/01\/30\/chico-buarque-diz-que-pais-e-governado-por-loucos\/image-89-2\/\" data-orig-file=\"https:\/\/i0.wp.com\/blogdalucianaoliveira.com.br\/blog\/wp-content\/uploads\/2020\/01\/image-89.jpeg?fit=768%2C512\" data-orig-size=\"768,512\" data-comments-opened=\"0\" data-image-meta=\"{&quot;aperture&quot;:&quot;0&quot;,&quot;credit&quot;:&quot;&quot;,&quot;camera&quot;:&quot;&quot;,&quot;caption&quot;:&quot;&quot;,&quot;created_timestamp&quot;:&quot;0&quot;,&quot;copyright&quot;:&quot;&quot;,&quot;focal_length&quot;:&quot;0&quot;,&quot;iso&quot;:&quot;0&quot;,&quot;shutter_speed&quot;:&quot;0&quot;,&quot;title&quot;:&quot;&quot;,&quot;orientation&quot;:&quot;0&quot;}\" data-image-title=\"image-89\" data-image-description=\"\" data-image-caption=\"\" data-medium-file=\"https:\/\/i0.wp.com\/blogdalucianaoliveira.com.br\/blog\/wp-content\/uploads\/2020\/01\/image-89.jpeg?fit=300%2C200\" data-large-file=\"https:\/\/i0.wp.com\/blogdalucianaoliveira.com.br\/blog\/wp-content\/uploads\/2020\/01\/image-89.jpeg?fit=600%2C400\" src=\"https:\/\/i0.wp.com\/blogdalucianaoliveira.com.br\/blog\/wp-content\/uploads\/2020\/01\/image-89.jpeg?resize=600%2C400\" alt=\"\" class=\"wp-image-26271\" srcset=\"https:\/\/i0.wp.com\/blogdalucianaoliveira.com.br\/blog\/wp-content\/uploads\/2020\/01\/image-89.jpeg?w=768 768w, https:\/\/i0.wp.com\/blogdalucianaoliveira.com.br\/blog\/wp-content\/uploads\/2020\/01\/image-89.jpeg?resize=300%2C200 300w, https:\/\/i0.wp.com\/blogdalucianaoliveira.com.br\/blog\/wp-content\/uploads\/2020\/01\/image-89.jpeg?resize=450%2C300 450w\" sizes=\"auto, (max-width: 600px) 100vw, 600px\" \/><\/figure>\n\n\n\n<p>Cantor fez afirma\u00e7\u00e3o em v\u00eddeo enviado \u00e0 cineasta Petra Costa, diretora do filme &#8216;Democracia em Vertigem&#8217;.<\/p>\n\n\n\n<!--more-->\n\n\n\n<p>Na FSP<\/p>\n\n\n\n<p>O&nbsp;<a href=\"https:\/\/www1.folha.uol.com.br\/ilustrada\/2019\/05\/chico-buarque-e-o-novo-ganhador-do-premio-camoes.shtml\">escritor, cantor e compositor Chico Buarque<\/a>&nbsp;afirmou nesta quinta (30) que o Brasil \u00e9 atualmente governado por &#8220;loucos&#8221;.<\/p>\n\n\n\n<p>Ele fez a afirma\u00e7\u00e3o em um v\u00eddeo enviado \u00e0\u00a0<a href=\"https:\/\/www1.folha.uol.com.br\/ilustrada\/2020\/01\/precisamos-resgatar-estado-de-direito-antes-que-seja-tarde-diz-diretora-de-democracia-em-vertigem.shtml\">cineasta Petra Costa<\/a>, diretora\u00a0do filme &#8220;Democracia em Vertigem&#8221;, dirigido por ela e que foi\u00a0<a href=\"https:\/\/www1.folha.uol.com.br\/ilustrada\/2020\/01\/petra-costa-e-indicada-ao-oscar-por-documentario-sobre-impeachment-de-dilma.shtml\">indicado ao Oscar<\/a>.<\/p>\n\n\n\n<p>O cantor Chico Buarque em visita ao ex-presidente Lula, ent\u00e3o preso em Curitiba &#8211;&nbsp;Rodolfo Buhrer &#8211; 19.set.2019\/Reuters&nbsp;<\/p>\n\n\n\n<p>Na fala, Chico afirma que a cineasta &#8220;soube captar, no calor da hora&#8221;, os bastidores do processo de\u00a0<a href=\"https:\/\/www1.folha.uol.com.br\/tv\/poder\/2016\/12\/1844031-relembre-o-processo-de-impeachment-de-dilma-rousseff.shtml\">impeachment de Dilma Rousseff<\/a>.<\/p>\n\n\n\n<p>As cenas do filme, diz ele, mostram como os que tramaram pela queda da ent\u00e3o presidente davam a impress\u00e3o de que &#8220;estavam brincando com a democracia&#8221;.<\/p>\n\n\n\n<p>&#8220;N\u00e3o souberam esperar mais quatro anos, quando talvez pudessem implantar um governo liberal, conservador&#8221;, afirma o artista. &nbsp;&#8220;E o resultado est\u00e1 a\u00ed. Temos hoje um pa\u00eds governado por loucos.&#8221;<\/p>\n\n\n\n<p>Veja o v\u00eddeo e leia a \u00edntegra da fala:<\/p>\n\n\n\n<figure><iframe src=\"https:\/\/player.mais.uol.com.br\/?mediaId=16752842&amp;onDemand=true\" allowfullscreen=\"\"><\/iframe><\/figure>\n\n\n\n<p>&#8220;O filme democracia em vertigem, para al\u00e9m de seus m\u00e9ritos cinematogr\u00e1ficos, que s\u00e3o muitos, tem um grande valor hist\u00f3rico. A diretora Petra Costa soube captar no calor da hora, com sensibilidade, os bastidores da cena pol\u00edtica, principalmente a partir de 2014, quando os derrotados n\u00e3o aceitaram o resultado das urnas e passaram a tramar, com o apoio de grande parte da classe pol\u00edtica, da grande m\u00eddia, e com pelo menos a complac\u00eancia da Justi\u00e7a, come\u00e7aram a tramar contra o governo de Dilma Rousseff. N\u00e3o souberam esperar mais quatro anos, quando talvez pudessem implantar um governo liberal, conservador. Tudo bem. Mas o que a gente v\u00ea ali, assistindo as cenas hoje, d\u00e1 a impress\u00e3o de que estavam brincando com a democracia. E o resultado est\u00e1 a\u00ed. Temos hoje um pa\u00eds governado por loucos. Obrigada, Petra Costa. Parab\u00e9ns pelo seu filme e boa sorte.&#8221;&nbsp;CONTINUE LENDO \u25beM\u00f4nica Bergamo<\/p>\n","protected":false},"excerpt":{"rendered":"<p>Cantor fez afirma\u00e7\u00e3o em v\u00eddeo enviado \u00e0 cineasta Petra Costa, diretora do filme &#8216;Democracia em Vertigem&#8217;.<\/p>\n","protected":false},"author":1,"featured_media":0,"comment_status":"closed","ping_status":"open","sticky":false,"template":"","format":"standard","meta":{"_exactmetrics_skip_tracking":false,"_exactmetrics_sitenote_active":false,"_exactmetrics_sitenote_note":"","_exactmetrics_sitenote_category":0,"jetpack_post_was_ever_published":false,"_jetpack_newsletter_access":"","_jetpack_dont_email_post_to_subs":false,"_jetpack_newsletter_tier_id":0,"_jetpack_memberships_contains_paywalled_content":false,"_jetpack_memberships_contains_paid_content":false,"footnotes":"","jetpack_publicize_message":"","jetpack_publicize_feature_enabled":true,"jetpack_social_post_already_shared":true,"jetpack_social_options":{"image_generator_settings":{"template":"highway","enabled":false},"version":2}},"categories":[1],"tags":[],"class_list":["post-26270","post","type-post","status-publish","format-standard","hentry","category-notas"],"jetpack_publicize_connections":[],"jetpack_sharing_enabled":true,"jetpack_featured_media_url":"","jetpack_shortlink":"https:\/\/wp.me\/p7wKYW-6PI","jetpack-related-posts":[],"_links":{"self":[{"href":"http:\/\/blogdalucianaoliveira.com.br\/blog\/wp-json\/wp\/v2\/posts\/26270","targetHints":{"allow":["GET"]}}],"collection":[{"href":"http:\/\/blogdalucianaoliveira.com.br\/blog\/wp-json\/wp\/v2\/posts"}],"about":[{"href":"http:\/\/blogdalucianaoliveira.com.br\/blog\/wp-json\/wp\/v2\/types\/post"}],"author":[{"embeddable":true,"href":"http:\/\/blogdalucianaoliveira.com.br\/blog\/wp-json\/wp\/v2\/users\/1"}],"replies":[{"embeddable":true,"href":"http:\/\/blogdalucianaoliveira.com.br\/blog\/wp-json\/wp\/v2\/comments?post=26270"}],"version-history":[{"count":1,"href":"http:\/\/blogdalucianaoliveira.com.br\/blog\/wp-json\/wp\/v2\/posts\/26270\/revisions"}],"predecessor-version":[{"id":26272,"href":"http:\/\/blogdalucianaoliveira.com.br\/blog\/wp-json\/wp\/v2\/posts\/26270\/revisions\/26272"}],"wp:attachment":[{"href":"http:\/\/blogdalucianaoliveira.com.br\/blog\/wp-json\/wp\/v2\/media?parent=26270"}],"wp:term":[{"taxonomy":"category","embeddable":true,"href":"http:\/\/blogdalucianaoliveira.com.br\/blog\/wp-json\/wp\/v2\/categories?post=26270"},{"taxonomy":"post_tag","embeddable":true,"href":"http:\/\/blogdalucianaoliveira.com.br\/blog\/wp-json\/wp\/v2\/tags?post=26270"}],"curies":[{"name":"wp","href":"https:\/\/api.w.org\/{rel}","templated":true}]}}