{"id":26273,"date":"2020-01-30T16:38:24","date_gmt":"2020-01-30T20:38:24","guid":{"rendered":"http:\/\/blogdalucianaoliveira.com.br\/blog\/?p=26273"},"modified":"2020-01-30T16:38:35","modified_gmt":"2020-01-30T20:38:35","slug":"oms-decreta-coronavirus-como-emergencia-sanitaria-global","status":"publish","type":"post","link":"http:\/\/blogdalucianaoliveira.com.br\/blog\/2020\/01\/30\/oms-decreta-coronavirus-como-emergencia-sanitaria-global\/","title":{"rendered":"OMS decreta coronav\u00edrus como emerg\u00eancia sanit\u00e1ria global"},"content":{"rendered":"\n<figure class=\"wp-block-image size-large\"><img data-recalc-dims=\"1\" loading=\"lazy\" decoding=\"async\" width=\"500\" height=\"240\" data-attachment-id=\"26274\" data-permalink=\"http:\/\/blogdalucianaoliveira.com.br\/blog\/2020\/01\/30\/oms-decreta-coronavirus-como-emergencia-sanitaria-global\/image-90-2\/\" data-orig-file=\"https:\/\/i0.wp.com\/blogdalucianaoliveira.com.br\/blog\/wp-content\/uploads\/2020\/01\/image-90.jpeg?fit=500%2C240\" data-orig-size=\"500,240\" data-comments-opened=\"0\" data-image-meta=\"{&quot;aperture&quot;:&quot;0&quot;,&quot;credit&quot;:&quot;&quot;,&quot;camera&quot;:&quot;&quot;,&quot;caption&quot;:&quot;&quot;,&quot;created_timestamp&quot;:&quot;0&quot;,&quot;copyright&quot;:&quot;&quot;,&quot;focal_length&quot;:&quot;0&quot;,&quot;iso&quot;:&quot;0&quot;,&quot;shutter_speed&quot;:&quot;0&quot;,&quot;title&quot;:&quot;&quot;,&quot;orientation&quot;:&quot;0&quot;}\" data-image-title=\"image-90\" data-image-description=\"\" data-image-caption=\"\" data-medium-file=\"https:\/\/i0.wp.com\/blogdalucianaoliveira.com.br\/blog\/wp-content\/uploads\/2020\/01\/image-90.jpeg?fit=300%2C144\" data-large-file=\"https:\/\/i0.wp.com\/blogdalucianaoliveira.com.br\/blog\/wp-content\/uploads\/2020\/01\/image-90.jpeg?fit=500%2C240\" src=\"https:\/\/i0.wp.com\/blogdalucianaoliveira.com.br\/blog\/wp-content\/uploads\/2020\/01\/image-90.jpeg?resize=500%2C240\" alt=\"\" class=\"wp-image-26274\" srcset=\"https:\/\/i0.wp.com\/blogdalucianaoliveira.com.br\/blog\/wp-content\/uploads\/2020\/01\/image-90.jpeg?w=500 500w, https:\/\/i0.wp.com\/blogdalucianaoliveira.com.br\/blog\/wp-content\/uploads\/2020\/01\/image-90.jpeg?resize=300%2C144 300w\" sizes=\"auto, (max-width: 500px) 100vw, 500px\" \/><\/figure>\n\n\n\n<p><strong>247 &#8211;<\/strong>\u00a0A Organiza\u00e7\u00e3o Mundial da Sa\u00fade (OMS) decretou nesta quinta-feira, 30, situa\u00e7\u00e3o de emerg\u00eancia sanit\u00e1ria global por conta do novo coronav\u00edrus.\u00a0<br><\/p>\n\n\n\n<!--more-->\n\n\n\n<p>Ap\u00f3s reuni\u00e3o em Genebra entre especialistas e governos atingidos pelo v\u00edrus, a OMS declarou que o surto \u00e9 &#8220;sem precedentes&#8221;. &#8220;Isso n\u00e3o \u00e9 uma declara\u00e7\u00e3o de n\u00e3o confian\u00e7a com a China&#8221;, indicou a OMS. &#8220;Esse \u00e9 o momento para que os fatos prevale\u00e7am, n\u00e3o o medo&#8221;, declarou a OMS, segundo o&nbsp;<a target=\"_blank\" href=\"https:\/\/noticias.uol.com.br\/colunas\/jamil-chade\/2020\/01\/30\/por-mobilizacao-e-recursos-oms-decreta-emergencia-sanitaria-global.htm\" rel=\"noreferrer noopener\">jornalista Jamil Chade<\/a>.<\/p>\n\n\n\n<p>A entidade alertou tamb\u00e9m que n\u00e3o h\u00e1 necessidade de restri\u00e7\u00e3o de viagens e nem de com\u00e9rcio e que a decreta\u00e7\u00e3o de emerg\u00eancia \u00e9 uma maneira pragm\u00e1tica de apoiar pa\u00edses que n\u00e3o teriam a capacidade de lidar com um eventual surto.&nbsp;<\/p>\n","protected":false},"excerpt":{"rendered":"<p>247 &#8211;\u00a0A Organiza\u00e7\u00e3o Mundial da Sa\u00fade (OMS) decretou nesta quinta-feira, 30, situa\u00e7\u00e3o de emerg\u00eancia sanit\u00e1ria global por conta do novo coronav\u00edrus.\u00a0<\/p>\n","protected":false},"author":1,"featured_media":0,"comment_status":"closed","ping_status":"open","sticky":false,"template":"","format":"standard","meta":{"_exactmetrics_skip_tracking":false,"_exactmetrics_sitenote_active":false,"_exactmetrics_sitenote_note":"","_exactmetrics_sitenote_category":0,"jetpack_post_was_ever_published":false,"_jetpack_newsletter_access":"","_jetpack_dont_email_post_to_subs":false,"_jetpack_newsletter_tier_id":0,"_jetpack_memberships_contains_paywalled_content":false,"_jetpack_memberships_contains_paid_content":false,"footnotes":"","jetpack_publicize_message":"","jetpack_publicize_feature_enabled":true,"jetpack_social_post_already_shared":true,"jetpack_social_options":{"image_generator_settings":{"template":"highway","enabled":false},"version":2}},"categories":[1],"tags":[],"class_list":["post-26273","post","type-post","status-publish","format-standard","hentry","category-notas"],"jetpack_publicize_connections":[],"jetpack_sharing_enabled":true,"jetpack_featured_media_url":"","jetpack_shortlink":"https:\/\/wp.me\/p7wKYW-6PL","jetpack-related-posts":[],"_links":{"self":[{"href":"http:\/\/blogdalucianaoliveira.com.br\/blog\/wp-json\/wp\/v2\/posts\/26273","targetHints":{"allow":["GET"]}}],"collection":[{"href":"http:\/\/blogdalucianaoliveira.com.br\/blog\/wp-json\/wp\/v2\/posts"}],"about":[{"href":"http:\/\/blogdalucianaoliveira.com.br\/blog\/wp-json\/wp\/v2\/types\/post"}],"author":[{"embeddable":true,"href":"http:\/\/blogdalucianaoliveira.com.br\/blog\/wp-json\/wp\/v2\/users\/1"}],"replies":[{"embeddable":true,"href":"http:\/\/blogdalucianaoliveira.com.br\/blog\/wp-json\/wp\/v2\/comments?post=26273"}],"version-history":[{"count":1,"href":"http:\/\/blogdalucianaoliveira.com.br\/blog\/wp-json\/wp\/v2\/posts\/26273\/revisions"}],"predecessor-version":[{"id":26275,"href":"http:\/\/blogdalucianaoliveira.com.br\/blog\/wp-json\/wp\/v2\/posts\/26273\/revisions\/26275"}],"wp:attachment":[{"href":"http:\/\/blogdalucianaoliveira.com.br\/blog\/wp-json\/wp\/v2\/media?parent=26273"}],"wp:term":[{"taxonomy":"category","embeddable":true,"href":"http:\/\/blogdalucianaoliveira.com.br\/blog\/wp-json\/wp\/v2\/categories?post=26273"},{"taxonomy":"post_tag","embeddable":true,"href":"http:\/\/blogdalucianaoliveira.com.br\/blog\/wp-json\/wp\/v2\/tags?post=26273"}],"curies":[{"name":"wp","href":"https:\/\/api.w.org\/{rel}","templated":true}]}}