{"id":26276,"date":"2020-01-30T17:19:18","date_gmt":"2020-01-30T21:19:18","guid":{"rendered":"http:\/\/blogdalucianaoliveira.com.br\/blog\/?p=26276"},"modified":"2020-01-30T17:19:26","modified_gmt":"2020-01-30T21:19:26","slug":"coronavirus-o-que-significa-a-oms-declarar-emergencia-global-de-saude-publica","status":"publish","type":"post","link":"http:\/\/blogdalucianaoliveira.com.br\/blog\/2020\/01\/30\/coronavirus-o-que-significa-a-oms-declarar-emergencia-global-de-saude-publica\/","title":{"rendered":"Coronav\u00edrus: o que significa a OMS declarar emerg\u00eancia global de sa\u00fade p\u00fablica"},"content":{"rendered":"\n<figure class=\"wp-block-image size-large\"><img data-recalc-dims=\"1\" loading=\"lazy\" decoding=\"async\" width=\"375\" height=\"210\" data-attachment-id=\"26277\" data-permalink=\"http:\/\/blogdalucianaoliveira.com.br\/blog\/2020\/01\/30\/coronavirus-o-que-significa-a-oms-declarar-emergencia-global-de-saude-publica\/image-91-2\/\" data-orig-file=\"https:\/\/i0.wp.com\/blogdalucianaoliveira.com.br\/blog\/wp-content\/uploads\/2020\/01\/image-91.jpeg?fit=375%2C210\" data-orig-size=\"375,210\" data-comments-opened=\"0\" data-image-meta=\"{&quot;aperture&quot;:&quot;0&quot;,&quot;credit&quot;:&quot;&quot;,&quot;camera&quot;:&quot;&quot;,&quot;caption&quot;:&quot;&quot;,&quot;created_timestamp&quot;:&quot;0&quot;,&quot;copyright&quot;:&quot;&quot;,&quot;focal_length&quot;:&quot;0&quot;,&quot;iso&quot;:&quot;0&quot;,&quot;shutter_speed&quot;:&quot;0&quot;,&quot;title&quot;:&quot;&quot;,&quot;orientation&quot;:&quot;0&quot;}\" data-image-title=\"image-91\" data-image-description=\"\" data-image-caption=\"\" data-medium-file=\"https:\/\/i0.wp.com\/blogdalucianaoliveira.com.br\/blog\/wp-content\/uploads\/2020\/01\/image-91.jpeg?fit=300%2C168\" data-large-file=\"https:\/\/i0.wp.com\/blogdalucianaoliveira.com.br\/blog\/wp-content\/uploads\/2020\/01\/image-91.jpeg?fit=375%2C210\" src=\"https:\/\/i0.wp.com\/blogdalucianaoliveira.com.br\/blog\/wp-content\/uploads\/2020\/01\/image-91.jpeg?resize=375%2C210\" alt=\"\" class=\"wp-image-26277\" srcset=\"https:\/\/i0.wp.com\/blogdalucianaoliveira.com.br\/blog\/wp-content\/uploads\/2020\/01\/image-91.jpeg?w=375 375w, https:\/\/i0.wp.com\/blogdalucianaoliveira.com.br\/blog\/wp-content\/uploads\/2020\/01\/image-91.jpeg?resize=300%2C168 300w\" sizes=\"auto, (max-width: 375px) 100vw, 375px\" \/><\/figure>\n\n\n\n<p>BBC &#8211; A Organiza\u00e7\u00e3o Mundial da Sa\u00fade (OMS) anunciou nesta quinta-feira (30\/1) que, diante do avan\u00e7o do coronav\u00edrus, passa a classificar a epidemia atual como emerg\u00eancia de sa\u00fade p\u00fablica de interesse internacional.<\/p>\n\n\n\n<!--more-->\n\n\n\n<p>O coronav\u00edrus \u2014 chamado pela OMS de doen\u00e7a respirat\u00f3ria aguda 2019-nCoV \u2014, cujo epicentro \u00e9 a cidade chinesa de Wuhan, infectou 7,7 mil pessoas na China (e cerca de cem em outros 18 pa\u00edses) e deixou 170 mortos at\u00e9 o momento. No Brasil, s\u00e3o monitorados nove casos considerados suspeitos pelo Minist\u00e9rio da Sa\u00fade.<\/p>\n\n\n\n<p>Um painel de 16 especialistas da OMS havia considerado prematuro declarar situa\u00e7\u00e3o emergencial em sua reuni\u00e3o anterior, em 23 de janeiro. Desta vez, apesar de 99% dos casos confirmados at\u00e9 agora estarem dentro da China, o diretor-geral da OMS, Tedros Adhanom Ghebreyesus, afirmou que a convoca\u00e7\u00e3o da reuni\u00e3o se deu diante do &#8220;potencial de maior dissemina\u00e7\u00e3o global&#8221;.<\/p>\n\n\n\n<p>A OMS tradicionalmente reluta em declarar emerg\u00eancias internacionais a n\u00e3o ser que seja absolutamente necess\u00e1rio, explica a correspondente da BBC em Genebra, Imogen Foulkes. Mas sucumbiu, diante do aumento expressivo de casos (que aumentaram de 500 para quase 8 mil em menos de uma semana) e de mortes (que passaram de 17 para 170).&nbsp;<\/p>\n\n\n\n<p>Embora a OMS tenha elogiado a China em seus esfor\u00e7os para combater o coronav\u00edrus \u2014 Ghebreyesus afirmou que a declara\u00e7\u00e3o &#8220;n\u00e3o significa que n\u00e3o temos confian\u00e7a na capacidade da China&#8221; \u2014, a ag\u00eancia considera preocupante que o v\u00edrus, que come\u00e7ou passando de animais para humanos, est\u00e1 avan\u00e7ando com rapidez no mundo e, segundo evid\u00eancias recentes, pode ser transmitido entre humanos antes mesmo que o transmissor apresente sintomas da doen\u00e7a.<\/p>\n\n\n\n<p>&#8220;A principal raz\u00e3o (para a declara\u00e7\u00e3o de emerg\u00eancia) n\u00e3o \u00e9 o que est\u00e1 acontecendo na China, mas o que est\u00e1 acontecendo em outros pa\u00edses&#8221;, declarou Ghebreyesus. &#8220;Nossa maior preocupa\u00e7\u00e3o \u00e9 com o potencial de o v\u00edrus atingir pa\u00edses com sistemas de sa\u00fade mais fr\u00e1geis.&#8221;<\/p>\n\n\n\n<h2 class=\"wp-block-heading\">O que significa o estado de emerg\u00eancia?<\/h2>\n\n\n\n<p>A OMS a define oficialmente como um &#8220;evento extraordin\u00e1rio que constitui um risco \u00e0 sa\u00fade p\u00fablica para outros Estados por meio da dissemina\u00e7\u00e3o internacional de doen\u00e7as e potencialmente exige uma resposta internacional coordenada&#8221;.<\/p>\n\n\n\n<p>A recomenda\u00e7\u00e3o \u00e9 de que autoridades de sa\u00fade do mundo inteiro aumentem seu monitoramento da doen\u00e7a e fiquem de prontid\u00e3o para eventualmente adotar medidas de conten\u00e7\u00e3o.&nbsp;<\/p>\n\n\n\n<p>&#8220;Todos os pa\u00edses devem se preparar para a conten\u00e7\u00e3o, incluindo a vigil\u00e2ncia ativa, a detec\u00e7\u00e3o precoce, o isolamento e o gerenciamento de casos, o rastreamento de contatos e a preven\u00e7\u00e3o do avan\u00e7o do 2019-nCoV e compartilhar todos os dados com a OMS&#8221;, diz comunicado da ag\u00eancia.<\/p>\n\n\n\n<p>&#8220;Os pa\u00edses devem colocar \u00eanfase sobretudo em reduzir a infec\u00e7\u00e3o humana, prevenindo a transmiss\u00e3o secund\u00e1ria e que (a doen\u00e7a) se espalhe internacionalmente.&#8221;<\/p>\n\n\n\n<p>Os especialistas da OMS afirmaram que n\u00e3o h\u00e1 necessidade, no momento, de medidas que interfiram em trocas comerciais ou em viagens internacionais com a China. &#8220;A OMS n\u00e3o recomenda limita\u00e7\u00f5es de com\u00e9rcio ou de movimento&#8221;, declarou Ghebreyesus.&nbsp;<\/p>\n\n\n\n<p>O comit\u00ea de especialistas da ag\u00eancia afirmou que, em geral, &#8220;as evid\u00eancias mostram que restringir o movimento de pessoas e bens durante emerg\u00eancias de sa\u00fade p\u00fablica pode ser ineficiente e sugar recursos de outras interven\u00e7\u00f5es. Al\u00e9m disso, essas restri\u00e7\u00f5es podem interromper (a chegada de) ajuda e apoio t\u00e9cnico, pode prejudicar neg\u00f3cios e ter efeito negativo nas economias dos pa\u00edses afetados por emerg\u00eancias&#8221;.<\/p>\n\n\n\n<p>Por isso, a OMS afirmou que recomenda\u00e7\u00f5es de restri\u00e7\u00e3o de circula\u00e7\u00e3o s\u00f3 s\u00e3o feitas em circunst\u00e2ncias espec\u00edficas, nas quais &#8220;pa\u00edses devem fazer uma an\u00e1lise de custo-benef\u00edcio (&#8230;) e informar a OMS a respeito de qualquer medida (de restri\u00e7\u00e3o) de viagens. Advertimos os pa\u00edses contra a\u00e7\u00f5es que promovam estigmatiza\u00e7\u00e3o ou discrimina\u00e7\u00e3o&#8221;.&nbsp;<\/p>\n\n\n\n<p>\u00c9 importante levar em conta que a decis\u00e3o da OMS tem um peso sobretudo pol\u00edtico. \u00c9 um sinal que \u00e9 enviado para os pa\u00edses-membros, o Brasil entre eles, para desenvolver a\u00e7\u00f5es coordenadas, incluindo vacinas e tratamentos, e a colocar em pr\u00e1tica precau\u00e7\u00f5es, como verifica\u00e7\u00e3o de viajantes em portos, aeroportos, medi\u00e7\u00e3o de temperatura e monitoramento de quem chegou de viagem, mesmo que sem sintomas.&nbsp;<\/p>\n\n\n\n<h2 class=\"wp-block-heading\">Evento raro<\/h2>\n\n\n\n<p>A decreta\u00e7\u00e3o de uma emerg\u00eancia de sa\u00fade p\u00fablica de interesse internacional \u00e9 uma medida usada raramente, apenas para eventos mais graves que podem demandar a\u00e7\u00f5es globais para conter a transmiss\u00e3o de uma doen\u00e7a.<\/p>\n\n\n\n<p>Na \u00faltima d\u00e9cada, foi declarada apenas cinco vezes, segundo a ag\u00eancia Reuters: em 2009, por ocasi\u00e3o do v\u00edrus H1N1 que causou epidemia de gripe; em 2014, nas epidemias de ebola no oeste da \u00c1frica e de p\u00f3lio; em 2016, com a epidemia de Zika no Brasil; e em 2019, com a epidemia (ainda em curso) de ebola na Rep\u00fablica Democr\u00e1tica do Congo.<\/p>\n\n\n\n<p>Em entrevista \u00e0 BBC, Christian Lindmeier, porta-voz da OMS, explicou que o grupo de cientistas por tr\u00e1s da decis\u00e3o considera crit\u00e9rios como o fato de estarmos lidando com um novo v\u00edrus e o risco de transmiss\u00e3o em outros pa\u00edses \u2014 ou seja, n\u00e3o \u00e9 s\u00f3 o fato de a doen\u00e7a ter sido registrada fora da China, mas tamb\u00e9m de ter sido disseminada entre pessoas fora da China.&nbsp;<\/p>\n\n\n\n<p>Essa capacidade de se espalhar rapidamente tamb\u00e9m \u00e9 um elemento importante \u2014 inclusive levando-se em conta que a popula\u00e7\u00e3o n\u00e3o tem imunidade contra a doen\u00e7a, e de ela se espalhar antes mesmo de seus sintomas se manifestarem.&nbsp;<\/p>\n\n\n\n<p>Outro elemento levado em conta \u00e9 a taxa de mortalidade do coronav\u00edrus: embora essa taxa n\u00e3o esteja ainda plenamente clara, o atual v\u00edrus \u00e9 aparentemente menos letal do que a Sars, a S\u00edndrome Respirat\u00f3ria Aguda Grave, que tamb\u00e9m surgiu na China em 2002.&nbsp;<\/p>\n\n\n\n<p>A letalidade do atual coronov\u00edrus seria de cerca de 2% dos infectados, enquanto em uma gripe sazonal comum \u00e9 de cerca 0,1% dos infectados e na Sars, 10%.&nbsp;<\/p>\n\n\n\n<figure class=\"wp-block-image\"><img data-recalc-dims=\"1\" decoding=\"async\" src=\"https:\/\/i0.wp.com\/ichef.bbci.co.uk\/news\/375\/cpsprodpb\/13E61\/production\/_110450518_gettyimages-600999610.jpg?w=600&#038;ssl=1\" alt=\"virus\"\/><figcaption>Image captionH\u00e1 agora sete tipos de coronav\u00edrus conhecidos que infectam humanos<\/figcaption><\/figure>\n\n\n\n<h2 class=\"wp-block-heading\">O que \u00e9 o coronav\u00edrus<\/h2>\n\n\n\n<p>Os coronav\u00edrus s\u00e3o uma ampla fam\u00edlia de v\u00edrus, mas sabe-se que apenas sete deles (incluindo o 2019-nCoV) infectam humanos.<\/p>\n\n\n\n<p>O 2019-nCoV, cujos casos t\u00eam sido registrados desde dezembro, causa febre, tosse, falta de ar e dificuldade em respirar. Em casos mais graves, pode evoluir para pneumonia e s\u00edndrome respirat\u00f3ria aguda grave, ou causar insufici\u00eancia renal.<\/p>\n\n\n\n<p>Acredita-se que o v\u00edrus tenha origem em animais comercializados em um mercado de Wuhan, mas h\u00e1 registros tamb\u00e9m de transmiss\u00e3o de pessoa para pessoa, inclusive profissionais de sa\u00fade que foram infectados durante o tratamento de pacientes com a doen\u00e7a.<\/p>\n\n\n\n<p>H\u00e1 uma grande preocupa\u00e7\u00e3o em torno de novos v\u00edrus que infectam pulm\u00f5es, j\u00e1 que tosse e espirros s\u00e3o meios altamente eficazes de transmiss\u00e3o de uma doen\u00e7a.<\/p>\n\n\n\n<p>No momento, h\u00e1 casos do coronav\u00edrus em 18 pa\u00edses al\u00e9m da China: Jap\u00e3o, Cingapura, Coreia do Sul, Vietn\u00e3, Austr\u00e1lia, Mal\u00e1sia, Camboja, Filipinas, Tail\u00e2ndia, Nepal, Sri Lanka, \u00cdndia, EUA, Canad\u00e1, Fran\u00e7a, Finl\u00e2ndia, Alemanha e Emirados \u00c1rabes Unidos.<\/p>\n\n\n\n<p>Nos desdobramentos mais recentes, os EUA confirmaram nesta quinta-feira (30\/1) seu primeiro caso de transmiss\u00e3o de pessoa a pessoa. O infectado \u00e9 marido de uma mulher que recentemente voltou da China para o Estado de Illinois.<\/p>\n\n\n\n<p>Tamb\u00e9m nesta quinta, os 6 mil passageiros de um navio de cruzeiro foram impedidos de descer na cidade italiana de Civitavecchia porque uma das pessoas a bordo, de Macau, apresentou sintomas de gripe. Mais tarde, testes confirmaram que ela n\u00e3o estava infectada com o coronav\u00edrus.<\/p>\n","protected":false},"excerpt":{"rendered":"<p>BBC &#8211; A Organiza\u00e7\u00e3o Mundial da Sa\u00fade (OMS) anunciou nesta quinta-feira (30\/1) que, diante do avan\u00e7o do coronav\u00edrus, passa a classificar a epidemia atual como emerg\u00eancia de sa\u00fade p\u00fablica de interesse internacional.<\/p>\n","protected":false},"author":1,"featured_media":0,"comment_status":"closed","ping_status":"open","sticky":false,"template":"","format":"standard","meta":{"_exactmetrics_skip_tracking":false,"_exactmetrics_sitenote_active":false,"_exactmetrics_sitenote_note":"","_exactmetrics_sitenote_category":0,"jetpack_post_was_ever_published":false,"_jetpack_newsletter_access":"","_jetpack_dont_email_post_to_subs":false,"_jetpack_newsletter_tier_id":0,"_jetpack_memberships_contains_paywalled_content":false,"_jetpack_memberships_contains_paid_content":false,"footnotes":"","jetpack_publicize_message":"","jetpack_publicize_feature_enabled":true,"jetpack_social_post_already_shared":true,"jetpack_social_options":{"image_generator_settings":{"template":"highway","enabled":false},"version":2}},"categories":[1],"tags":[],"class_list":["post-26276","post","type-post","status-publish","format-standard","hentry","category-notas"],"jetpack_publicize_connections":[],"jetpack_sharing_enabled":true,"jetpack_featured_media_url":"","jetpack_shortlink":"https:\/\/wp.me\/p7wKYW-6PO","jetpack-related-posts":[],"_links":{"self":[{"href":"http:\/\/blogdalucianaoliveira.com.br\/blog\/wp-json\/wp\/v2\/posts\/26276","targetHints":{"allow":["GET"]}}],"collection":[{"href":"http:\/\/blogdalucianaoliveira.com.br\/blog\/wp-json\/wp\/v2\/posts"}],"about":[{"href":"http:\/\/blogdalucianaoliveira.com.br\/blog\/wp-json\/wp\/v2\/types\/post"}],"author":[{"embeddable":true,"href":"http:\/\/blogdalucianaoliveira.com.br\/blog\/wp-json\/wp\/v2\/users\/1"}],"replies":[{"embeddable":true,"href":"http:\/\/blogdalucianaoliveira.com.br\/blog\/wp-json\/wp\/v2\/comments?post=26276"}],"version-history":[{"count":1,"href":"http:\/\/blogdalucianaoliveira.com.br\/blog\/wp-json\/wp\/v2\/posts\/26276\/revisions"}],"predecessor-version":[{"id":26278,"href":"http:\/\/blogdalucianaoliveira.com.br\/blog\/wp-json\/wp\/v2\/posts\/26276\/revisions\/26278"}],"wp:attachment":[{"href":"http:\/\/blogdalucianaoliveira.com.br\/blog\/wp-json\/wp\/v2\/media?parent=26276"}],"wp:term":[{"taxonomy":"category","embeddable":true,"href":"http:\/\/blogdalucianaoliveira.com.br\/blog\/wp-json\/wp\/v2\/categories?post=26276"},{"taxonomy":"post_tag","embeddable":true,"href":"http:\/\/blogdalucianaoliveira.com.br\/blog\/wp-json\/wp\/v2\/tags?post=26276"}],"curies":[{"name":"wp","href":"https:\/\/api.w.org\/{rel}","templated":true}]}}