{"id":26279,"date":"2020-01-31T12:04:18","date_gmt":"2020-01-31T16:04:18","guid":{"rendered":"http:\/\/blogdalucianaoliveira.com.br\/blog\/?p=26279"},"modified":"2020-01-31T12:04:28","modified_gmt":"2020-01-31T16:04:28","slug":"trabalhadores-subutilizados-sobem-para-quase-28-milhoes-no-1o-ano-do-governo-bolsonaro","status":"publish","type":"post","link":"http:\/\/blogdalucianaoliveira.com.br\/blog\/2020\/01\/31\/trabalhadores-subutilizados-sobem-para-quase-28-milhoes-no-1o-ano-do-governo-bolsonaro\/","title":{"rendered":"Trabalhadores \u201csubutilizados\u201d sobem para quase 28 milh\u00f5es no 1\u00ba ano do governo Bolsonaro"},"content":{"rendered":"\n<figure class=\"wp-block-image size-large\"><img data-recalc-dims=\"1\" loading=\"lazy\" decoding=\"async\" width=\"600\" height=\"423\" data-attachment-id=\"26280\" data-permalink=\"http:\/\/blogdalucianaoliveira.com.br\/blog\/2020\/01\/31\/trabalhadores-subutilizados-sobem-para-quase-28-milhoes-no-1o-ano-do-governo-bolsonaro\/image-10-4\/\" data-orig-file=\"https:\/\/i0.wp.com\/blogdalucianaoliveira.com.br\/blog\/wp-content\/uploads\/2020\/01\/image-10.png?fit=768%2C541\" data-orig-size=\"768,541\" data-comments-opened=\"0\" data-image-meta=\"{&quot;aperture&quot;:&quot;0&quot;,&quot;credit&quot;:&quot;&quot;,&quot;camera&quot;:&quot;&quot;,&quot;caption&quot;:&quot;&quot;,&quot;created_timestamp&quot;:&quot;0&quot;,&quot;copyright&quot;:&quot;&quot;,&quot;focal_length&quot;:&quot;0&quot;,&quot;iso&quot;:&quot;0&quot;,&quot;shutter_speed&quot;:&quot;0&quot;,&quot;title&quot;:&quot;&quot;,&quot;orientation&quot;:&quot;0&quot;}\" data-image-title=\"image-10\" data-image-description=\"\" data-image-caption=\"\" data-medium-file=\"https:\/\/i0.wp.com\/blogdalucianaoliveira.com.br\/blog\/wp-content\/uploads\/2020\/01\/image-10.png?fit=300%2C211\" data-large-file=\"https:\/\/i0.wp.com\/blogdalucianaoliveira.com.br\/blog\/wp-content\/uploads\/2020\/01\/image-10.png?fit=600%2C423\" src=\"https:\/\/i0.wp.com\/blogdalucianaoliveira.com.br\/blog\/wp-content\/uploads\/2020\/01\/image-10.png?resize=600%2C423\" alt=\"\" class=\"wp-image-26280\" srcset=\"https:\/\/i0.wp.com\/blogdalucianaoliveira.com.br\/blog\/wp-content\/uploads\/2020\/01\/image-10.png?w=768 768w, https:\/\/i0.wp.com\/blogdalucianaoliveira.com.br\/blog\/wp-content\/uploads\/2020\/01\/image-10.png?resize=300%2C211 300w, https:\/\/i0.wp.com\/blogdalucianaoliveira.com.br\/blog\/wp-content\/uploads\/2020\/01\/image-10.png?resize=426%2C300 426w\" sizes=\"auto, (max-width: 600px) 100vw, 600px\" \/><\/figure>\n\n\n\n<p>Separamos textos e gr\u00e1ficos&nbsp;<a href=\"https:\/\/agenciadenoticias.ibge.gov.br\/agencia-sala-de-imprensa\/2013-agencia-de-noticias\/releases\/26740-pnad-continua-taxa-de-desocupacao-e-de-11-0-e-taxa-de-subutilizacao-e-de-23-0-no-trimestre-encerrado-em-dezembro\">divulgados hoje<\/a>&nbsp;pelo IBGE, para o leitor entender o que aconteceu ao mercado brasileiro de trabalho.<\/p>\n\n\n\n<!--more-->\n\n\n\n<p>Publicado em O Cafezinho <\/p>\n\n\n\n<p><br>Chamamos aten\u00e7\u00e3o especialmente para o crescimento dram\u00e1tico da popula\u00e7\u00e3o de \u201csubutilizados\u201d, que soma os trabalhadores desocupados e subocupados: ao final de 2019, eram 27,6 milh\u00f5es de brasileiros, mais de 12 milh\u00f5es acima do n\u00famero registrado ao final de 2014.<\/p>\n\n\n\n<p>Al\u00e9m destes, o n\u00famero de desalentados triplicou desde 2014, passando de 1,58 para 4,76 milh\u00f5es de brasileiros.<\/p>\n\n\n\n<p>Em percentual, a taxa de subutiliza\u00e7\u00e3o representou 23% de toda a for\u00e7a de trabalho no pa\u00eds.<\/p>\n\n\n\n<figure class=\"wp-block-image\"><a href=\"https:\/\/i0.wp.com\/www.ocafezinho.com\/wp-content\/uploads\/2020\/01\/screenshot-from-2020-01-31-11-48-24.png?ssl=1\"><img data-recalc-dims=\"1\" decoding=\"async\" src=\"https:\/\/i0.wp.com\/www.ocafezinho.com\/wp-content\/uploads\/2020\/01\/screenshot-from-2020-01-31-11-48-24.png?w=600&#038;ssl=1\" alt=\"\" class=\"wp-image-105710\"\/><\/a><\/figure>\n\n\n\n<figure class=\"wp-block-image\"><a href=\"https:\/\/i0.wp.com\/www.ocafezinho.com\/wp-content\/uploads\/2020\/01\/screenshot-from-2020-01-31-11-42-28.png?ssl=1\"><img data-recalc-dims=\"1\" decoding=\"async\" src=\"https:\/\/i0.wp.com\/www.ocafezinho.com\/wp-content\/uploads\/2020\/01\/screenshot-from-2020-01-31-11-42-28.png?w=600&#038;ssl=1\" alt=\"\" class=\"wp-image-105722\"\/><\/a><\/figure>\n\n\n\n<p>Outro n\u00famero que chama aten\u00e7\u00e3o nos relat\u00f3rios divulgados hoje pelo IBGE \u00e9 o contingente da popula\u00e7\u00e3o ocupada informal (empregados sem carteira, dom\u00e9sticos sem carteira, conta pr\u00f3pria sem CNPJ, empregador em CNPJ, e trabalhador familiar auxiliar): j\u00e1 s\u00e3o 38,7 milh\u00f5es de brasileiros trabalhando de maneira informal, 3 ou 4 milh\u00f5es a mais do que h\u00e1 alguns anos. S\u00e3o 19,5 milh\u00f5es trabalhando por conta pr\u00f3pria sem CNPJ, 11,8 milh\u00f5es empregados no setor privado sem carteira, 4,8 milh\u00f5es de dom\u00e9sticos sem carteira, e mais 2 milh\u00f5es de trabalhadores familiares auxiliares.<\/p>\n\n\n\n<p>A taxa percentual da informalidade no mercado de trabalho atingiu 41,1%&nbsp; em 2019, recorde dos \u00faltimos anos.<\/p>\n\n\n\n<figure class=\"wp-block-image\"><a href=\"https:\/\/i0.wp.com\/www.ocafezinho.com\/wp-content\/uploads\/2020\/01\/screenshot-from-2020-01-31-11-40-47.png?ssl=1\"><img data-recalc-dims=\"1\" decoding=\"async\" src=\"https:\/\/i0.wp.com\/www.ocafezinho.com\/wp-content\/uploads\/2020\/01\/screenshot-from-2020-01-31-11-40-47.png?w=600&#038;ssl=1\" alt=\"\" class=\"wp-image-105726\"\/><\/a><\/figure>\n\n\n\n<figure class=\"wp-block-image\"><a href=\"https:\/\/i0.wp.com\/www.ocafezinho.com\/wp-content\/uploads\/2020\/01\/screenshot-from-2020-01-31-11-41-37.png?ssl=1\"><img data-recalc-dims=\"1\" decoding=\"async\" src=\"https:\/\/i0.wp.com\/www.ocafezinho.com\/wp-content\/uploads\/2020\/01\/screenshot-from-2020-01-31-11-41-37.png?w=600&#038;ssl=1\" alt=\"\" class=\"wp-image-105724\"\/><\/a><\/figure>\n\n\n\n<figure class=\"wp-block-image\"><a href=\"https:\/\/i0.wp.com\/www.ocafezinho.com\/wp-content\/uploads\/2020\/01\/screenshot-from-2020-01-31-11-46-40.png?ssl=1\"><img data-recalc-dims=\"1\" decoding=\"async\" src=\"https:\/\/i0.wp.com\/www.ocafezinho.com\/wp-content\/uploads\/2020\/01\/screenshot-from-2020-01-31-11-46-40.png?w=600&#038;ssl=1\" alt=\"\" class=\"wp-image-105713\"\/><\/a><\/figure>\n\n\n\n<figure class=\"wp-block-image\"><a href=\"https:\/\/i0.wp.com\/www.ocafezinho.com\/wp-content\/uploads\/2020\/01\/screenshot-from-2020-01-31-11-46-05.png?ssl=1\"><img data-recalc-dims=\"1\" decoding=\"async\" src=\"https:\/\/i0.wp.com\/www.ocafezinho.com\/wp-content\/uploads\/2020\/01\/screenshot-from-2020-01-31-11-46-05.png?w=600&#038;ssl=1\" alt=\"\" class=\"wp-image-105715\"\/><\/a><\/figure>\n\n\n\n<figure class=\"wp-block-image\"><a href=\"https:\/\/i0.wp.com\/www.ocafezinho.com\/wp-content\/uploads\/2020\/01\/screenshot-from-2020-01-31-11-45-19.png?ssl=1\"><img data-recalc-dims=\"1\" decoding=\"async\" src=\"https:\/\/i0.wp.com\/www.ocafezinho.com\/wp-content\/uploads\/2020\/01\/screenshot-from-2020-01-31-11-45-19.png?w=600&#038;ssl=1\" alt=\"\" class=\"wp-image-105717\"\/><\/a><\/figure>\n\n\n\n<figure class=\"wp-block-image\"><a href=\"https:\/\/i0.wp.com\/www.ocafezinho.com\/wp-content\/uploads\/2020\/01\/screenshot-from-2020-01-31-11-45-48.png?ssl=1\"><img data-recalc-dims=\"1\" decoding=\"async\" src=\"https:\/\/i0.wp.com\/www.ocafezinho.com\/wp-content\/uploads\/2020\/01\/screenshot-from-2020-01-31-11-45-48.png?w=600&#038;ssl=1\" alt=\"\" class=\"wp-image-105716\"\/><\/a><\/figure>\n\n\n\n<figure class=\"wp-block-image\"><a href=\"https:\/\/i0.wp.com\/www.ocafezinho.com\/wp-content\/uploads\/2020\/01\/screenshot-from-2020-01-31-11-44-59.png?ssl=1\"><img data-recalc-dims=\"1\" decoding=\"async\" src=\"https:\/\/i0.wp.com\/www.ocafezinho.com\/wp-content\/uploads\/2020\/01\/screenshot-from-2020-01-31-11-44-59.png?w=600&#038;ssl=1\" alt=\"\" class=\"wp-image-105718\"\/><\/a><\/figure>\n\n\n\n<p>Abaixo, voc\u00ea ver\u00e1 uma s\u00e9rie de gr\u00e1ficos. Em seguida, o texto divulgado pelo IBGE.<\/p>\n\n\n\n<figure class=\"wp-block-image\"><a href=\"https:\/\/i0.wp.com\/www.ocafezinho.com\/wp-content\/uploads\/2020\/01\/screenshot-from-2020-01-31-11-49-50.png?ssl=1\"><img data-recalc-dims=\"1\" decoding=\"async\" src=\"https:\/\/i0.wp.com\/www.ocafezinho.com\/wp-content\/uploads\/2020\/01\/screenshot-from-2020-01-31-11-49-50.png?w=600&#038;ssl=1\" alt=\"\" class=\"wp-image-105707\"\/><\/a><\/figure>\n\n\n\n<figure class=\"wp-block-image\"><a href=\"https:\/\/i0.wp.com\/www.ocafezinho.com\/wp-content\/uploads\/2020\/01\/screenshot-from-2020-01-31-11-49-31.png?ssl=1\"><img data-recalc-dims=\"1\" decoding=\"async\" src=\"https:\/\/i0.wp.com\/www.ocafezinho.com\/wp-content\/uploads\/2020\/01\/screenshot-from-2020-01-31-11-49-31.png?w=600&#038;ssl=1\" alt=\"\" class=\"wp-image-105708\"\/><\/a><\/figure>\n\n\n\n<figure class=\"wp-block-image\"><a href=\"https:\/\/i0.wp.com\/www.ocafezinho.com\/wp-content\/uploads\/2020\/01\/screenshot-from-2020-01-31-11-48-53.png?ssl=1\"><img data-recalc-dims=\"1\" decoding=\"async\" src=\"https:\/\/i0.wp.com\/www.ocafezinho.com\/wp-content\/uploads\/2020\/01\/screenshot-from-2020-01-31-11-48-53.png?w=600&#038;ssl=1\" alt=\"\" class=\"wp-image-105709\"\/><\/a><\/figure>\n\n\n\n<figure class=\"wp-block-image\"><a href=\"https:\/\/i0.wp.com\/www.ocafezinho.com\/wp-content\/uploads\/2020\/01\/screenshot-from-2020-01-31-11-47-49.png?ssl=1\"><img data-recalc-dims=\"1\" decoding=\"async\" src=\"https:\/\/i0.wp.com\/www.ocafezinho.com\/wp-content\/uploads\/2020\/01\/screenshot-from-2020-01-31-11-47-49.png?w=600&#038;ssl=1\" alt=\"\" class=\"wp-image-105711\"\/><\/a><\/figure>\n\n\n\n<figure class=\"wp-block-image\"><a href=\"https:\/\/i0.wp.com\/www.ocafezinho.com\/wp-content\/uploads\/2020\/01\/screenshot-from-2020-01-31-11-47-13.png?ssl=1\"><img data-recalc-dims=\"1\" decoding=\"async\" src=\"https:\/\/i0.wp.com\/www.ocafezinho.com\/wp-content\/uploads\/2020\/01\/screenshot-from-2020-01-31-11-47-13.png?w=600&#038;ssl=1\" alt=\"\" class=\"wp-image-105712\"\/><\/a><\/figure>\n\n\n\n<figure class=\"wp-block-image\"><a href=\"https:\/\/i0.wp.com\/www.ocafezinho.com\/wp-content\/uploads\/2020\/01\/screenshot-from-2020-01-31-11-46-25.png?ssl=1\"><img data-recalc-dims=\"1\" decoding=\"async\" src=\"https:\/\/i0.wp.com\/www.ocafezinho.com\/wp-content\/uploads\/2020\/01\/screenshot-from-2020-01-31-11-46-25.png?w=600&#038;ssl=1\" alt=\"\" class=\"wp-image-105714\"\/><\/a><\/figure>\n\n\n\n<figure class=\"wp-block-image\"><a href=\"https:\/\/i0.wp.com\/www.ocafezinho.com\/wp-content\/uploads\/2020\/01\/screenshot-from-2020-01-31-11-44-15.png?ssl=1\"><img data-recalc-dims=\"1\" decoding=\"async\" src=\"https:\/\/i0.wp.com\/www.ocafezinho.com\/wp-content\/uploads\/2020\/01\/screenshot-from-2020-01-31-11-44-15.png?w=600&#038;ssl=1\" alt=\"\" class=\"wp-image-105719\"\/><\/a><\/figure>\n\n\n\n<figure class=\"wp-block-image\"><a href=\"https:\/\/i0.wp.com\/www.ocafezinho.com\/wp-content\/uploads\/2020\/01\/screenshot-from-2020-01-31-11-43-33.png?ssl=1\"><img data-recalc-dims=\"1\" decoding=\"async\" src=\"https:\/\/i0.wp.com\/www.ocafezinho.com\/wp-content\/uploads\/2020\/01\/screenshot-from-2020-01-31-11-43-33.png?w=600&#038;ssl=1\" alt=\"\" class=\"wp-image-105720\"\/><\/a><\/figure>\n\n\n\n<figure class=\"wp-block-image\"><a href=\"https:\/\/i0.wp.com\/www.ocafezinho.com\/wp-content\/uploads\/2020\/01\/screenshot-from-2020-01-31-11-43-08.png?ssl=1\"><img data-recalc-dims=\"1\" decoding=\"async\" src=\"https:\/\/i0.wp.com\/www.ocafezinho.com\/wp-content\/uploads\/2020\/01\/screenshot-from-2020-01-31-11-43-08.png?w=600&#038;ssl=1\" alt=\"\" class=\"wp-image-105721\"\/><\/a><\/figure>\n\n\n\n<figure class=\"wp-block-image\"><a href=\"https:\/\/i0.wp.com\/www.ocafezinho.com\/wp-content\/uploads\/2020\/01\/screenshot-from-2020-01-31-11-42-03.png?ssl=1\"><img data-recalc-dims=\"1\" decoding=\"async\" src=\"https:\/\/i0.wp.com\/www.ocafezinho.com\/wp-content\/uploads\/2020\/01\/screenshot-from-2020-01-31-11-42-03.png?w=600&#038;ssl=1\" alt=\"\" class=\"wp-image-105723\"\/><\/a><\/figure>\n\n\n\n<figure class=\"wp-block-image\"><a href=\"https:\/\/i0.wp.com\/www.ocafezinho.com\/wp-content\/uploads\/2020\/01\/screenshot-from-2020-01-31-11-41-15.png?ssl=1\"><img data-recalc-dims=\"1\" decoding=\"async\" src=\"https:\/\/i0.wp.com\/www.ocafezinho.com\/wp-content\/uploads\/2020\/01\/screenshot-from-2020-01-31-11-41-15.png?w=600&#038;ssl=1\" alt=\"\" class=\"wp-image-105725\"\/><\/a><\/figure>\n\n\n\n<figure class=\"wp-block-image\"><a href=\"https:\/\/i0.wp.com\/www.ocafezinho.com\/wp-content\/uploads\/2020\/01\/screenshot-from-2020-01-31-11-40-13.png?ssl=1\"><img data-recalc-dims=\"1\" decoding=\"async\" src=\"https:\/\/i0.wp.com\/www.ocafezinho.com\/wp-content\/uploads\/2020\/01\/screenshot-from-2020-01-31-11-40-13.png?w=600&#038;ssl=1\" alt=\"\" class=\"wp-image-105727\"\/><\/a><\/figure>\n\n\n\n<figure class=\"wp-block-image\"><a href=\"https:\/\/i0.wp.com\/www.ocafezinho.com\/wp-content\/uploads\/2020\/01\/screenshot-from-2020-01-31-11-39-53.png?ssl=1\"><img data-recalc-dims=\"1\" decoding=\"async\" src=\"https:\/\/i0.wp.com\/www.ocafezinho.com\/wp-content\/uploads\/2020\/01\/screenshot-from-2020-01-31-11-39-53.png?w=600&#038;ssl=1\" alt=\"\" class=\"wp-image-105728\"\/><\/a><\/figure>\n\n\n\n<figure class=\"wp-block-image\"><a href=\"https:\/\/i0.wp.com\/www.ocafezinho.com\/wp-content\/uploads\/2020\/01\/screenshot-from-2020-01-31-11-39-29.png?ssl=1\"><img data-recalc-dims=\"1\" decoding=\"async\" src=\"https:\/\/i0.wp.com\/www.ocafezinho.com\/wp-content\/uploads\/2020\/01\/screenshot-from-2020-01-31-11-39-29.png?w=600&#038;ssl=1\" alt=\"\" class=\"wp-image-105729\"\/><\/a><\/figure>\n\n\n\n<figure class=\"wp-block-image\"><a href=\"https:\/\/i0.wp.com\/www.ocafezinho.com\/wp-content\/uploads\/2020\/01\/screenshot-from-2020-01-31-11-39-09.png?ssl=1\"><img data-recalc-dims=\"1\" decoding=\"async\" src=\"https:\/\/i0.wp.com\/www.ocafezinho.com\/wp-content\/uploads\/2020\/01\/screenshot-from-2020-01-31-11-39-09.png?w=600&#038;ssl=1\" alt=\"\" class=\"wp-image-105730\"\/><\/a><\/figure>\n\n\n\n<figure class=\"wp-block-image\"><a href=\"https:\/\/i0.wp.com\/www.ocafezinho.com\/wp-content\/uploads\/2020\/01\/screenshot-from-2020-01-31-11-38-30.png?ssl=1\"><img data-recalc-dims=\"1\" decoding=\"async\" src=\"https:\/\/i0.wp.com\/www.ocafezinho.com\/wp-content\/uploads\/2020\/01\/screenshot-from-2020-01-31-11-38-30.png?w=600&#038;ssl=1\" alt=\"\" class=\"wp-image-105731\"\/><\/a><\/figure>\n\n\n\n<figure class=\"wp-block-image\"><a href=\"https:\/\/i0.wp.com\/www.ocafezinho.com\/wp-content\/uploads\/2020\/01\/screenshot-from-2020-01-31-11-37-54.png?ssl=1\"><img data-recalc-dims=\"1\" decoding=\"async\" src=\"https:\/\/i0.wp.com\/www.ocafezinho.com\/wp-content\/uploads\/2020\/01\/screenshot-from-2020-01-31-11-37-54.png?w=600&#038;ssl=1\" alt=\"\" class=\"wp-image-105732\"\/><\/a><\/figure>\n\n\n\n<figure class=\"wp-block-image\"><a href=\"https:\/\/i0.wp.com\/www.ocafezinho.com\/wp-content\/uploads\/2020\/01\/screenshot-from-2020-01-31-11-37-24.png?ssl=1\"><img data-recalc-dims=\"1\" decoding=\"async\" src=\"https:\/\/i0.wp.com\/www.ocafezinho.com\/wp-content\/uploads\/2020\/01\/screenshot-from-2020-01-31-11-37-24.png?w=600&#038;ssl=1\" alt=\"\" class=\"wp-image-105733\"\/><\/a><\/figure>\n\n\n\n<figure class=\"wp-block-image\"><a href=\"https:\/\/i0.wp.com\/www.ocafezinho.com\/wp-content\/uploads\/2020\/01\/screenshot-from-2020-01-31-11-36-39.png?ssl=1\"><img data-recalc-dims=\"1\" decoding=\"async\" src=\"https:\/\/i0.wp.com\/www.ocafezinho.com\/wp-content\/uploads\/2020\/01\/screenshot-from-2020-01-31-11-36-39.png?w=600&#038;ssl=1\" alt=\"\" class=\"wp-image-105734\"\/><\/a><\/figure>\n\n\n\n<p><strong>Desemprego cai para 11,9% na m\u00e9dia de 2019; trabalho informal \u00e9 o maior em <\/strong>4 <strong>anos<\/strong> <\/p>\n\n\n\n<p><em>Editoria: Estat\u00edsticas Sociais | Carmen Nery<\/em><br>31\/01\/2020 09h00 | \u00daltima Atualiza\u00e7\u00e3o: 31\/01\/2020 10h02<\/p>\n\n\n\n<p><a href=\"https:\/\/agenciadenoticias.ibge.gov.br\/agencia-noticias\/2012-agencia-de-noticias\/noticias\/26741-desemprego-cai-para-11-9-na-media-de-2019-trabalho-informal-e-o-maior-em-4-anos\">Ag\u00eancia IBGE<\/a>&nbsp;\u2014 A taxa m\u00e9dia de desocupa\u00e7\u00e3o caiu de 12,3% em 2018 para 11,9% em 2019, a segunda queda anual consecutiva, de acordo com a Pesquisa Nacional por Amostra de Domic\u00edlios Cont\u00ednua (PNAD Cont\u00ednua), divulgada hoje (31) pelo IBGE. A pesquisa revelou um contingente de 12,6 milh\u00f5es de pessoas desocupadas, no ano passado, 1,7% a menos do que em 2018. Por\u00e9m, na compara\u00e7\u00e3o com o menor ponto da s\u00e9rie, quando atingiu 6,8 milh\u00f5es em 2014, a popula\u00e7\u00e3o sem trabalho quase dobrou, crescendo 87,7% em cinco anos.<\/p>\n\n\n\n<figure class=\"wp-block-image\"><a href=\"https:\/\/i0.wp.com\/www.ocafezinho.com\/wp-content\/uploads\/2020\/01\/grafico-ibge-2020-1-31.png?ssl=1\"><img data-recalc-dims=\"1\" decoding=\"async\" src=\"https:\/\/i0.wp.com\/www.ocafezinho.com\/wp-content\/uploads\/2020\/01\/grafico-ibge-2020-1-31.png?w=600&#038;ssl=1\" alt=\"\" class=\"wp-image-105705\"\/><\/a><\/figure>\n\n\n\n<figure class=\"wp-block-image\"><a href=\"https:\/\/i0.wp.com\/www.ocafezinho.com\/wp-content\/uploads\/2020\/01\/screenshot-from-2020-01-31-11-10-01.png?ssl=1\"><img data-recalc-dims=\"1\" decoding=\"async\" src=\"https:\/\/i0.wp.com\/www.ocafezinho.com\/wp-content\/uploads\/2020\/01\/screenshot-from-2020-01-31-11-10-01.png?w=600&#038;ssl=1\" alt=\"\" class=\"wp-image-105704\"\/><\/a><\/figure>\n\n\n\n<p>A informalidade \u2013 soma dos trabalhadores sem carteira, trabalhadores dom\u00e9sticos sem carteira, empregador sem CNPJ, conta pr\u00f3pria sem CNPJ e trabalhador familiar auxiliar \u2013 atingiu 41,1% da popula\u00e7\u00e3o ocupada, o equivalente a 38,4 milh\u00f5es de pessoas, o maior contingente desde 2016, apesar da estabilidade em rela\u00e7\u00e3o a 2018. \u201cHouve um aumento de 0,3 ponto percentual e um acr\u00e9scimo de um milh\u00e3o de pessoas\u201d, avalia a analista da PNAD Cont\u00ednua, Adriana Beringuy.<\/p>\n\n\n\n<p>O Brasil conta com 11,6 milh\u00f5es de trabalhadores sem carteira assinada no setor privado, exceto empregados dom\u00e9sticos \u2013 expans\u00e3o de 4% em rela\u00e7\u00e3o a 2018 e o mais alto patamar da s\u00e9rie hist\u00f3rica iniciada em 2012. O n\u00famero de trabalhadores por conta pr\u00f3pria atingiu o maior n\u00edvel da s\u00e9rie, subindo para 24,2 milh\u00f5es, sendo que a maior parte (19,3 milh\u00f5es), sem CNPJ. O n\u00famero tamb\u00e9m representa um acr\u00e9scimo de 3,9 milh\u00f5es de pessoas desde 2012. Na compara\u00e7\u00e3o com 2018, a expans\u00e3o foi de 4,1% (958 mil).<\/p>\n\n\n\n<p>Esses dados mostram que apesar da ligeira melhora no n\u00famero de trabalhadores com carteira assinada, com a expans\u00e3o de 1,1% pela cria\u00e7\u00e3o de 356 mil vagas \u2013 interrompendo a trajet\u00f3ria descendente entre 2015 e 2018 \u2013, ela n\u00e3o foi acompanhada pelos indicadores de informalidade na passagem de 2018 para 2019. Do acr\u00e9scimo de 1,8 milh\u00e3o no n\u00famero de ocupa\u00e7\u00f5es, 446 mil foram vagas sem carteira assinada; e a maior parte, 958 mil, s\u00e3o ocupa\u00e7\u00f5es de trabalhadores por conta pr\u00f3pria, dos quais 586 mil sem CNPJ.<\/p>\n\n\n\n<p>J\u00e1 o n\u00famero de trabalhadores dom\u00e9sticos chegou a 6,3 milh\u00f5es, permanecendo praticamente est\u00e1vel em rela\u00e7\u00e3o \u00e0 estimativa de 2018 (6,2 milh\u00f5es). Mas o n\u00famero de pessoas com carteira assinada caiu 3%, de 1,819 milh\u00e3o para 1,764 milh\u00e3o, enquanto o contingente sem carteira assinada manteve-se est\u00e1vel, somando 4,5 milh\u00f5es.<\/p>\n\n\n\n<p>O n\u00famero de empregadores totalizou 4,4 milh\u00f5es em 2019, est\u00e1vel em rela\u00e7\u00e3o \u00e0 2018, mas representando um crescimento de 24,5%, frente ao in\u00edcio da s\u00e9rie, em 2012. \u201cPor\u00e9m esse aumento se deu, principalmente, na faixa dos pequenos empregadores. Do total, 3,6 milh\u00f5es possu\u00edam CNPJ, enquanto 832 mil n\u00e3o tinham esse registro em 2019\u201d, diz Adriana Beringuy.<\/p>\n\n\n\n<p>Outro indicador em destaque \u00e9 a popula\u00e7\u00e3o subutilizada na for\u00e7a de trabalho \u2013 inclui pessoas desocupadas, subocupadas por insufici\u00eancia de horas trabalhadas ou na for\u00e7a de trabalho potencial -, que chegou a 27,6 milh\u00f5es em 2019, o maior valor da s\u00e9rie e 79,3% acima do menor patamar (15,4 milh\u00f5es), apurado em 2014.<\/p>\n\n\n\n<p>Entre os grupos de atividades, transporte, outros servi\u00e7os, alojamento e armazenamento, constru\u00e7\u00e3o e servi\u00e7os dom\u00e9sticos apresentaram as menores participa\u00e7\u00f5es na s\u00e9rie. Mas a constru\u00e7\u00e3o apresentou, em 2019, revers\u00e3o no movimento de retra\u00e7\u00e3o, totalizando 6,7 milh\u00f5es de trabalhadores. A agricultura e a ind\u00fastria mantiveram-se est\u00e1veis com 8,5 milh\u00f5es e 17,7 milh\u00f5es de trabalhadores, respectivamente. As maiores expans\u00f5es foram em transporte (4,6%), informa\u00e7\u00e3o e comunica\u00e7\u00e3o (4,1%) e outros servi\u00e7os (3,9%).<\/p>\n\n\n\n<p>Empregos com carteira assinada avan\u00e7am no quarto trimestre<\/p>\n\n\n\n<p>No fechamento do \u00faltimo trimestre de 2019, a taxa de desocupa\u00e7\u00e3o recuou para 11%, com uma redu\u00e7\u00e3o de 883 mil pessoas \u2013 e somando um contingente de 11,6 milh\u00f5es -, frente ao trimestre de julho a setembro de 2019, quando a desocupa\u00e7\u00e3o foi estimada em 12,5 milh\u00f5es de pessoas, ou 11,8%. Essa \u00e9 a menor taxa do trimestre terminando em dezembro, desde 2015, quando atingiu 8,9%.<\/p>\n\n\n\n<p>O per\u00edodo tamb\u00e9m registrou queda na compara\u00e7\u00e3o com o mesmo trimestre do ano anterior, quando a taxa foi estimada em 11,6%, uma redu\u00e7\u00e3o de 520 mil pessoas desocupadas.<\/p>\n\n\n\n<p>O maior destaque foi o aumento de 1,8% no contingente de empregados no setor privado com carteira assinada, em rela\u00e7\u00e3o ao trimestre anterior, atingindo 33,7 milh\u00f5es; enquanto o n\u00famero de trabalhadores sem carteira assinada permaneceu est\u00e1vel, com 11,9 milh\u00f5es. No confronto com o trimestre de outubro a dezembro de 2018, houve expans\u00e3o de 2,2% no n\u00famero de trabalhadores com carteira (acr\u00e9scimo de 726 mil pessoas); e de 3,2%, no de trabalhadores sem carteira representando um adicional estimado de 367 mil pessoas.<\/p>\n\n\n\n<p>\u201cHouve um crescimento expressivo do emprego com carteira assinada, com expans\u00e3o de 1,8%, o que n\u00e3o ocorria desde o in\u00edcio da s\u00e9rie, em 2012. Mas, ainda que o crescimento no quarto trimestre seja um dos maiores da s\u00e9rie, o quantitativo de 33,7 milh\u00f5es, ainda \u00e9 cerca de 3 milh\u00f5es inferior ao recorde da s\u00e9rie, alcan\u00e7ado em 2014, quando foram registrados 36,7 milh\u00f5es\u201d, destaca Adriana Beringuy.<\/p>\n\n\n\n<p>A taxa de informalidade atingiu 41% no quarto trimestre, compreendendo um contingente de 38,4 milh\u00f5es de pessoas. A categoria por conta pr\u00f3pria, com 24,6 milh\u00f5es de pessoas, ficou est\u00e1vel no \u00faltimo trimestre. Na compara\u00e7\u00e3o com o \u00faltimo trimestre de 2018, houve eleva\u00e7\u00e3o (3,3%), representando um adicional estimado de 782 mil pessoas.<\/p>\n\n\n\n<p>Os grupos de atividades que tiveram aumentos no contingente de ocupados na compara\u00e7\u00e3o com o trimestre anterior foram: com\u00e9rcio, repara\u00e7\u00e3o de ve\u00edculos automotores e motocicletas (2,1%, ou mais 376 mil pessoas); alojamento e alimenta\u00e7\u00e3o (3,3%, ou mais 179 mil pessoas); e outros servi\u00e7os (3,0%, ou mais 151 mil pessoas). Houve redu\u00e7\u00e3o no grupamento de Agricultura, pecu\u00e1ria, produ\u00e7\u00e3o florestal, pesca e aquicultura (2,1%, ou menos 178 mil pessoas).<\/p>\n\n\n\n<p>Na compara\u00e7\u00e3o com o trimestre de outubro a dezembro de 2018 foi observado aumento na ind\u00fastria (3,3%, ou mais 388 mil pessoas); alojamento e alimenta\u00e7\u00e3o (5,2%, ou mais 282 mil pessoas); e outros servi\u00e7os (4,5%, ou mais 221 mil pessoas). Os demais grupamentos n\u00e3o apresentaram varia\u00e7\u00e3o significativa.<\/p>\n\n\n\n<p>O rendimento m\u00e9dio real habitual (R$ 2.340) no trimestre outubro-novembro-dezembro ficou est\u00e1vel em ambas as compara\u00e7\u00f5es. A m\u00e9dia anual ficou em R$ 2.330, com pequena varia\u00e7\u00e3o (0,4%) em rela\u00e7\u00e3o a 2018. A massa de rendimento real habitual (R$ 216,3 bilh\u00f5es) cresceu 1,9% em rela\u00e7\u00e3o ao trimestre julho-setembro. Frente ao mesmo trimestre de 2019, houve alta de 2,5%. A m\u00e9dia anual (R$ 212,4 bilh\u00f5es) subiu 2,5% em rela\u00e7\u00e3o a 2018.<\/p>\n","protected":false},"excerpt":{"rendered":"<p>Separamos textos e gr\u00e1ficos&nbsp;divulgados hoje&nbsp;pelo IBGE, para o leitor entender o que aconteceu ao mercado brasileiro de trabalho.<\/p>\n","protected":false},"author":1,"featured_media":0,"comment_status":"closed","ping_status":"open","sticky":false,"template":"","format":"standard","meta":{"_exactmetrics_skip_tracking":false,"_exactmetrics_sitenote_active":false,"_exactmetrics_sitenote_note":"","_exactmetrics_sitenote_category":0,"jetpack_post_was_ever_published":false,"_jetpack_newsletter_access":"","_jetpack_dont_email_post_to_subs":false,"_jetpack_newsletter_tier_id":0,"_jetpack_memberships_contains_paywalled_content":false,"_jetpack_memberships_contains_paid_content":false,"footnotes":"","jetpack_publicize_message":"","jetpack_publicize_feature_enabled":true,"jetpack_social_post_already_shared":true,"jetpack_social_options":{"image_generator_settings":{"template":"highway","enabled":false},"version":2}},"categories":[1],"tags":[],"class_list":["post-26279","post","type-post","status-publish","format-standard","hentry","category-notas"],"jetpack_publicize_connections":[],"jetpack_sharing_enabled":true,"jetpack_featured_media_url":"","jetpack_shortlink":"https:\/\/wp.me\/p7wKYW-6PR","jetpack-related-posts":[],"_links":{"self":[{"href":"http:\/\/blogdalucianaoliveira.com.br\/blog\/wp-json\/wp\/v2\/posts\/26279","targetHints":{"allow":["GET"]}}],"collection":[{"href":"http:\/\/blogdalucianaoliveira.com.br\/blog\/wp-json\/wp\/v2\/posts"}],"about":[{"href":"http:\/\/blogdalucianaoliveira.com.br\/blog\/wp-json\/wp\/v2\/types\/post"}],"author":[{"embeddable":true,"href":"http:\/\/blogdalucianaoliveira.com.br\/blog\/wp-json\/wp\/v2\/users\/1"}],"replies":[{"embeddable":true,"href":"http:\/\/blogdalucianaoliveira.com.br\/blog\/wp-json\/wp\/v2\/comments?post=26279"}],"version-history":[{"count":1,"href":"http:\/\/blogdalucianaoliveira.com.br\/blog\/wp-json\/wp\/v2\/posts\/26279\/revisions"}],"predecessor-version":[{"id":26281,"href":"http:\/\/blogdalucianaoliveira.com.br\/blog\/wp-json\/wp\/v2\/posts\/26279\/revisions\/26281"}],"wp:attachment":[{"href":"http:\/\/blogdalucianaoliveira.com.br\/blog\/wp-json\/wp\/v2\/media?parent=26279"}],"wp:term":[{"taxonomy":"category","embeddable":true,"href":"http:\/\/blogdalucianaoliveira.com.br\/blog\/wp-json\/wp\/v2\/categories?post=26279"},{"taxonomy":"post_tag","embeddable":true,"href":"http:\/\/blogdalucianaoliveira.com.br\/blog\/wp-json\/wp\/v2\/tags?post=26279"}],"curies":[{"name":"wp","href":"https:\/\/api.w.org\/{rel}","templated":true}]}}