{"id":26282,"date":"2020-01-31T12:08:41","date_gmt":"2020-01-31T16:08:41","guid":{"rendered":"http:\/\/blogdalucianaoliveira.com.br\/blog\/?p=26282"},"modified":"2020-01-31T12:25:40","modified_gmt":"2020-01-31T16:25:40","slug":"combate-a-lgbtfobia-nos-esportes","status":"publish","type":"post","link":"http:\/\/blogdalucianaoliveira.com.br\/blog\/2020\/01\/31\/combate-a-lgbtfobia-nos-esportes\/","title":{"rendered":"Combate \u00e0 LGBTfobia nos esportes"},"content":{"rendered":"\n<figure class=\"wp-block-image size-large\"><img data-recalc-dims=\"1\" loading=\"lazy\" decoding=\"async\" width=\"600\" height=\"334\" data-attachment-id=\"26283\" data-permalink=\"http:\/\/blogdalucianaoliveira.com.br\/blog\/2020\/01\/31\/combate-a-lgbtfobia-nos-esportes\/image-11-4\/\" data-orig-file=\"https:\/\/i0.wp.com\/blogdalucianaoliveira.com.br\/blog\/wp-content\/uploads\/2020\/01\/image-11.png?fit=768%2C427\" data-orig-size=\"768,427\" data-comments-opened=\"0\" data-image-meta=\"{&quot;aperture&quot;:&quot;0&quot;,&quot;credit&quot;:&quot;&quot;,&quot;camera&quot;:&quot;&quot;,&quot;caption&quot;:&quot;&quot;,&quot;created_timestamp&quot;:&quot;0&quot;,&quot;copyright&quot;:&quot;&quot;,&quot;focal_length&quot;:&quot;0&quot;,&quot;iso&quot;:&quot;0&quot;,&quot;shutter_speed&quot;:&quot;0&quot;,&quot;title&quot;:&quot;&quot;,&quot;orientation&quot;:&quot;0&quot;}\" data-image-title=\"image-11\" data-image-description=\"\" data-image-caption=\"\" data-medium-file=\"https:\/\/i0.wp.com\/blogdalucianaoliveira.com.br\/blog\/wp-content\/uploads\/2020\/01\/image-11.png?fit=300%2C167\" data-large-file=\"https:\/\/i0.wp.com\/blogdalucianaoliveira.com.br\/blog\/wp-content\/uploads\/2020\/01\/image-11.png?fit=600%2C334\" src=\"https:\/\/i0.wp.com\/blogdalucianaoliveira.com.br\/blog\/wp-content\/uploads\/2020\/01\/image-11.png?resize=600%2C334\" alt=\"\" class=\"wp-image-26283\" srcset=\"https:\/\/i0.wp.com\/blogdalucianaoliveira.com.br\/blog\/wp-content\/uploads\/2020\/01\/image-11.png?w=768 768w, https:\/\/i0.wp.com\/blogdalucianaoliveira.com.br\/blog\/wp-content\/uploads\/2020\/01\/image-11.png?resize=300%2C167 300w, https:\/\/i0.wp.com\/blogdalucianaoliveira.com.br\/blog\/wp-content\/uploads\/2020\/01\/image-11.png?resize=540%2C300 540w\" sizes=\"auto, (max-width: 600px) 100vw, 600px\" \/><\/figure>\n\n\n\n<p>No Blog da Cidadania &#8211; A Procuradoria Federal dos Direitos do Cidad\u00e3o enviou of\u00edcios \u00e0 Confedera\u00e7\u00e3o Brasileira de Futebol (CBF) e ao Conselho Nacional dos Esportes (CNE) pedindo que os \u00f3rg\u00e3os adotem uma s\u00e9rie de a\u00e7\u00f5es para enfrentar e prevenir atos de homofobia e transfobia em campeonatos de futebol e competi\u00e7\u00f5es esportivas nacionais. As medidas incluem a adequa\u00e7\u00e3o de atos normativos \u00e0 criminaliza\u00e7\u00e3o da homotransfobia, a realiza\u00e7\u00e3o de campanhas e o aprofundamento da discuss\u00e3o de pol\u00edticas sobre o assunto.<\/p>\n\n\n\n<!--more-->\n\n\n\n<p>Entre os pedidos comuns enviados aos dois \u00f3rg\u00e3os est\u00e1 a adapta\u00e7\u00e3o das normas da CBF e da CNE \u00e0 decis\u00e3o do Supremo Tribunal Federal que equiparou a pr\u00e1tica de homotransfobia ao crime de racismo, tornando inafian\u00e7\u00e1vel e imprescrit\u00edvel pr\u00e1ticas que envolvam ofensas e outras formas de discrimina\u00e7\u00e3o a gays e transg\u00eaneros.<\/p>\n\n\n\n<p>Especificamente \u00e0 Confedera\u00e7\u00e3o Brasileira de Futebol, a Procuradoria pediu que o \u00f3rg\u00e3o promova campanhas de conscientiza\u00e7\u00e3o, enfrentamento e preven\u00e7\u00e3o \u00e0s pr\u00e1ticas de homofobia e transfobia nos est\u00e1dios, alertando sobre as consequ\u00eancias desses atos.<\/p>\n\n\n\n<p>J\u00e1 ao Conselho Nacional dos Esportes, o of\u00edcio solicita o aprofundamento da discuss\u00e3o sobre a necessidade de pol\u00edticas de preven\u00e7\u00e3o e enfrentamento \u00e0 homotransfobia no \u00e2mbito do Plano Nacional do Desporto, que tramita no Congresso Nacional.<\/p>\n\n\n\n<p>Os of\u00edcios foram enviados \u00e0 CBF e ao CNE por conta da den\u00fancia de um torcedor que relatou ter sofrido ataques homof\u00f3bicos ap\u00f3s ser filmado com seu namorado na partida entre Flamengo e Vasco realizada no dia 17 de agosto de 2019 no Man\u00e9 Garricha, em Bras\u00edlia. Segundo a v\u00edtima, a imagem foi postada na Internet e \u2018amplamente compartilhada por torcedores do Vasco e tamb\u00e9m de outros times, com diversos coment\u00e1rios homof\u00f3bicos\u2019.<\/p>\n\n\n\n<p>Na \u00e9poca, p\u00e1gina \u2018Meng\u00e3o minha vida \u00e9 voc\u00ea\u2019 compartilhou a foto para se posicionar contra a homofobia.<\/p>\n\n\n\n<p>Nos of\u00edcios enviados \u00e0 CBF e ao CNE, a Procuradoria frisou que, de acordo com o Estatuto do Torcedor, a preven\u00e7\u00e3o da viol\u00eancia nos esportes \u00e9 de responsabilidade do poder p\u00fablico, das confedera\u00e7\u00f5es, federa\u00e7\u00f5es, ligas, clubes, associa\u00e7\u00f5es ou entidades esportivas, entidades recreativas e associa\u00e7\u00f5es de torcedores.<\/p>\n\n\n\n<p>Os of\u00edcios frisam que o C\u00f3digo Brasileiro de Justi\u00e7a Desportiva estabelece uma s\u00e9rie de penalidades a quem \u2018praticar ato discriminat\u00f3rio, desdenhoso ou ultrajante relacionado a preconceito em raz\u00e3o de origem \u00e9tnica, ra\u00e7a, sexo, cor, idade, condi\u00e7\u00e3o de pessoa idosa ou portadora de defici\u00eancia\u2019.<\/p>\n\n\n\n<p>As san\u00e7\u00f5es tamb\u00e9m est\u00e3o estabelecidas na Lei Geral do Desporto e v\u00e3o desde advert\u00eancia, \u00e0 exclus\u00e3o de campeonato ou torneio, perda de pontos e perda de renda da partida, indica o MPF.<\/p>\n\n\n\n<p>No of\u00edcio \u00e0 CBF, a Procuradoria Federal dos Direitos do Cidad\u00e3o destaca ainda que o Regulamento Geral de Competi\u00e7\u00f5es da Confedera\u00e7\u00e3o prev\u00ea que as \u2018competi\u00e7\u00f5es nacionais oficiais do futebol brasileiro exigem de todos os intervenientes colaborar de forma a prevenir comportamentos antidesportivos, bem como viol\u00eancia, dopagem, corrup\u00e7\u00e3o, manifesta\u00e7\u00f5es pol\u00edtico-religiosas, racismo, xenofobia ou qualquer outra forma de discrimina\u00e7\u00e3o\u2019.<\/p>\n\n\n\n<p>O documento tamb\u00e9m registra que o C\u00f3digo Disciplinar da Federa\u00e7\u00e3o Internacional de Futebol (FIFA) traz puni\u00e7\u00f5es para atos de discrimina\u00e7\u00e3o praticados em raz\u00e3o de sexo, g\u00eanero ou orienta\u00e7\u00e3o sexual, inclusive puni\u00e7\u00e3o do clube de futebol por atos de sua torcida.<\/p>\n\n\n\n<p><a href=\"https:\/\/politica.estadao.com.br\/blogs\/fausto-macedo\/procuradoria-pede-as-entidades-maximas-dos-esportes-acoes-contra-a-homofobia\/\"><strong>Estad\u00e3o&nbsp;<\/strong><\/a><\/p>\n","protected":false},"excerpt":{"rendered":"<p>No Blog da Cidadania &#8211; A Procuradoria Federal dos Direitos do Cidad\u00e3o enviou of\u00edcios \u00e0 Confedera\u00e7\u00e3o Brasileira de Futebol (CBF) e ao Conselho Nacional dos Esportes (CNE) pedindo que os \u00f3rg\u00e3os adotem uma s\u00e9rie de a\u00e7\u00f5es para enfrentar e prevenir atos de homofobia e transfobia em campeonatos de futebol e competi\u00e7\u00f5es esportivas nacionais. As medidas&#8230;<a class=\"more-link\" href=\"http:\/\/blogdalucianaoliveira.com.br\/blog\/2020\/01\/31\/combate-a-lgbtfobia-nos-esportes\/\">Continue a leitura <span class=\"meta-nav\">&raquo;<\/span><\/a><\/p>\n","protected":false},"author":1,"featured_media":0,"comment_status":"closed","ping_status":"open","sticky":false,"template":"","format":"standard","meta":{"_exactmetrics_skip_tracking":false,"_exactmetrics_sitenote_active":false,"_exactmetrics_sitenote_note":"","_exactmetrics_sitenote_category":0,"jetpack_post_was_ever_published":false,"_jetpack_newsletter_access":"","_jetpack_dont_email_post_to_subs":false,"_jetpack_newsletter_tier_id":0,"_jetpack_memberships_contains_paywalled_content":false,"_jetpack_memberships_contains_paid_content":false,"footnotes":"","jetpack_publicize_message":"","jetpack_publicize_feature_enabled":true,"jetpack_social_post_already_shared":true,"jetpack_social_options":{"image_generator_settings":{"template":"highway","enabled":false},"version":2}},"categories":[1],"tags":[],"class_list":["post-26282","post","type-post","status-publish","format-standard","hentry","category-notas"],"jetpack_publicize_connections":[],"jetpack_sharing_enabled":true,"jetpack_featured_media_url":"","jetpack_shortlink":"https:\/\/wp.me\/p7wKYW-6PU","jetpack-related-posts":[],"_links":{"self":[{"href":"http:\/\/blogdalucianaoliveira.com.br\/blog\/wp-json\/wp\/v2\/posts\/26282","targetHints":{"allow":["GET"]}}],"collection":[{"href":"http:\/\/blogdalucianaoliveira.com.br\/blog\/wp-json\/wp\/v2\/posts"}],"about":[{"href":"http:\/\/blogdalucianaoliveira.com.br\/blog\/wp-json\/wp\/v2\/types\/post"}],"author":[{"embeddable":true,"href":"http:\/\/blogdalucianaoliveira.com.br\/blog\/wp-json\/wp\/v2\/users\/1"}],"replies":[{"embeddable":true,"href":"http:\/\/blogdalucianaoliveira.com.br\/blog\/wp-json\/wp\/v2\/comments?post=26282"}],"version-history":[{"count":2,"href":"http:\/\/blogdalucianaoliveira.com.br\/blog\/wp-json\/wp\/v2\/posts\/26282\/revisions"}],"predecessor-version":[{"id":26292,"href":"http:\/\/blogdalucianaoliveira.com.br\/blog\/wp-json\/wp\/v2\/posts\/26282\/revisions\/26292"}],"wp:attachment":[{"href":"http:\/\/blogdalucianaoliveira.com.br\/blog\/wp-json\/wp\/v2\/media?parent=26282"}],"wp:term":[{"taxonomy":"category","embeddable":true,"href":"http:\/\/blogdalucianaoliveira.com.br\/blog\/wp-json\/wp\/v2\/categories?post=26282"},{"taxonomy":"post_tag","embeddable":true,"href":"http:\/\/blogdalucianaoliveira.com.br\/blog\/wp-json\/wp\/v2\/tags?post=26282"}],"curies":[{"name":"wp","href":"https:\/\/api.w.org\/{rel}","templated":true}]}}