{"id":26285,"date":"2020-01-31T12:13:17","date_gmt":"2020-01-31T16:13:17","guid":{"rendered":"http:\/\/blogdalucianaoliveira.com.br\/blog\/?p=26285"},"modified":"2020-01-31T12:18:07","modified_gmt":"2020-01-31T16:18:07","slug":"funai-planeja-colocar-evangelizador-de-indigenas-na-chefia-de-indios-isolados","status":"publish","type":"post","link":"http:\/\/blogdalucianaoliveira.com.br\/blog\/2020\/01\/31\/funai-planeja-colocar-evangelizador-de-indigenas-na-chefia-de-indios-isolados\/","title":{"rendered":"Funai planeja colocar evangelizador de ind\u00edgenas na chefia de \u00edndios isolados"},"content":{"rendered":"\n<figure class=\"wp-block-image size-large\"><img data-recalc-dims=\"1\" loading=\"lazy\" decoding=\"async\" width=\"600\" height=\"400\" data-attachment-id=\"26286\" data-permalink=\"http:\/\/blogdalucianaoliveira.com.br\/blog\/2020\/01\/31\/funai-planeja-colocar-evangelizador-de-indigenas-na-chefia-de-indios-isolados\/image-92-2\/\" data-orig-file=\"https:\/\/i0.wp.com\/blogdalucianaoliveira.com.br\/blog\/wp-content\/uploads\/2020\/01\/image-92.jpeg?fit=768%2C512\" data-orig-size=\"768,512\" data-comments-opened=\"0\" data-image-meta=\"{&quot;aperture&quot;:&quot;0&quot;,&quot;credit&quot;:&quot;&quot;,&quot;camera&quot;:&quot;&quot;,&quot;caption&quot;:&quot;&quot;,&quot;created_timestamp&quot;:&quot;0&quot;,&quot;copyright&quot;:&quot;&quot;,&quot;focal_length&quot;:&quot;0&quot;,&quot;iso&quot;:&quot;0&quot;,&quot;shutter_speed&quot;:&quot;0&quot;,&quot;title&quot;:&quot;&quot;,&quot;orientation&quot;:&quot;0&quot;}\" data-image-title=\"image-92\" data-image-description=\"\" data-image-caption=\"\" data-medium-file=\"https:\/\/i0.wp.com\/blogdalucianaoliveira.com.br\/blog\/wp-content\/uploads\/2020\/01\/image-92.jpeg?fit=300%2C200\" data-large-file=\"https:\/\/i0.wp.com\/blogdalucianaoliveira.com.br\/blog\/wp-content\/uploads\/2020\/01\/image-92.jpeg?fit=600%2C400\" src=\"https:\/\/i0.wp.com\/blogdalucianaoliveira.com.br\/blog\/wp-content\/uploads\/2020\/01\/image-92.jpeg?resize=600%2C400\" alt=\"\" class=\"wp-image-26286\" srcset=\"https:\/\/i0.wp.com\/blogdalucianaoliveira.com.br\/blog\/wp-content\/uploads\/2020\/01\/image-92.jpeg?w=768 768w, https:\/\/i0.wp.com\/blogdalucianaoliveira.com.br\/blog\/wp-content\/uploads\/2020\/01\/image-92.jpeg?resize=300%2C200 300w, https:\/\/i0.wp.com\/blogdalucianaoliveira.com.br\/blog\/wp-content\/uploads\/2020\/01\/image-92.jpeg?resize=450%2C300 450w\" sizes=\"auto, (max-width: 600px) 100vw, 600px\" \/><\/figure>\n\n\n\n<p>Nomea\u00e7\u00e3o pode levar ao fim do princ\u00edpio do &#8216;n\u00e3o contato&#8217;, linha fundamental da pol\u00edtica indigenista brasileira desde 1987.<\/p>\n\n\n\n<!--more-->\n\n\n\n<p><strong><a href=\"https:\/\/www1.folha.uol.com.br\/autores\/rubens-valente.shtml\">Rubens Valente<\/a><\/strong><br>Folha de S\u00e3o Paulo <\/p>\n\n\n\n<p>A&nbsp;<a href=\"https:\/\/www1.folha.uol.com.br\/poder\/2019\/06\/general-cai-da-presidencia-da-funai-apos-pressao-de-ruralistas.shtml\">presid\u00eancia da&nbsp;<\/a><a href=\"https:\/\/www1.folha.uol.com.br\/poder\/2019\/06\/general-cai-da-presidencia-da-funai-apos-pressao-de-ruralistas.shtml\">Funai<\/a>&nbsp;(Funda\u00e7\u00e3o Nacional do \u00cdndio) prepara a nomea\u00e7\u00e3o de um te\u00f3logo e mission\u00e1rio da organiza\u00e7\u00e3o evang\u00e9lica americana MNTB (Miss\u00e3o Novas Tribos do Brasil) na chefia de um dos setores mais sens\u00edveis do \u00f3rg\u00e3o, a&nbsp;<a href=\"https:\/\/www1.folha.uol.com.br\/poder\/2019\/03\/funai-inicia-operacao-para-proteger-indios-isolados-sob-risco-de-massacre.shtml\">coordena\u00e7\u00e3o de \u00edndios isolados<\/a>&nbsp;e de recente contato.<\/p>\n\n\n\n<p>A Miss\u00e3o Novas Tribos&nbsp;atua na evangeliza\u00e7\u00e3o de ind\u00edgenas na Amaz\u00f4nia desde os anos 1950, sendo objeto&nbsp;de pol\u00eamicas e cr\u00edticas de indigenistas e antrop\u00f3logos.<\/p>\n\n\n\n<p>Nos \u00faltimos anos, a coordena\u00e7\u00e3o da Funai tem resistido \u00e0 atua\u00e7\u00e3o de evang\u00e9licos junto \u00e0s comunidades isoladas e de recente contato por entender que s\u00e3o os grupos mais vulner\u00e1veis e que requerem a maior prote\u00e7\u00e3o do governo brasileiro.<\/p>\n\n\n\n<p>No come\u00e7o dos anos 1990, a Funai retirou a Miss\u00e3o Novas Tribos\u00a0da regi\u00e3o habitada pelos \u00edndios zo\u00e9s, no Par\u00e1, que haviam sido contatados pela miss\u00e3o em 1987.<\/p>\n\n\n\n<figure class=\"wp-block-image size-large\"><img data-recalc-dims=\"1\" loading=\"lazy\" decoding=\"async\" width=\"600\" height=\"727\" data-attachment-id=\"26290\" data-permalink=\"http:\/\/blogdalucianaoliveira.com.br\/blog\/2020\/01\/31\/funai-planeja-colocar-evangelizador-de-indigenas-na-chefia-de-indios-isolados\/aed0bdda-4eef-4473-ac9b-1015751bb09e\/\" data-orig-file=\"https:\/\/i0.wp.com\/blogdalucianaoliveira.com.br\/blog\/wp-content\/uploads\/2020\/01\/AED0BDDA-4EEF-4473-AC9B-1015751BB09E.jpeg?fit=750%2C909\" data-orig-size=\"750,909\" data-comments-opened=\"0\" data-image-meta=\"{&quot;aperture&quot;:&quot;0&quot;,&quot;credit&quot;:&quot;&quot;,&quot;camera&quot;:&quot;&quot;,&quot;caption&quot;:&quot;&quot;,&quot;created_timestamp&quot;:&quot;0&quot;,&quot;copyright&quot;:&quot;&quot;,&quot;focal_length&quot;:&quot;0&quot;,&quot;iso&quot;:&quot;0&quot;,&quot;shutter_speed&quot;:&quot;0&quot;,&quot;title&quot;:&quot;&quot;,&quot;orientation&quot;:&quot;0&quot;}\" data-image-title=\"AED0BDDA-4EEF-4473-AC9B-1015751BB09E\" data-image-description=\"\" data-image-caption=\"\" data-medium-file=\"https:\/\/i0.wp.com\/blogdalucianaoliveira.com.br\/blog\/wp-content\/uploads\/2020\/01\/AED0BDDA-4EEF-4473-AC9B-1015751BB09E.jpeg?fit=248%2C300\" data-large-file=\"https:\/\/i0.wp.com\/blogdalucianaoliveira.com.br\/blog\/wp-content\/uploads\/2020\/01\/AED0BDDA-4EEF-4473-AC9B-1015751BB09E.jpeg?fit=600%2C727\" src=\"https:\/\/i0.wp.com\/blogdalucianaoliveira.com.br\/blog\/wp-content\/uploads\/2020\/01\/AED0BDDA-4EEF-4473-AC9B-1015751BB09E.jpeg?resize=600%2C727\" alt=\"\" class=\"wp-image-26290\" srcset=\"https:\/\/i0.wp.com\/blogdalucianaoliveira.com.br\/blog\/wp-content\/uploads\/2020\/01\/AED0BDDA-4EEF-4473-AC9B-1015751BB09E.jpeg?w=750 750w, https:\/\/i0.wp.com\/blogdalucianaoliveira.com.br\/blog\/wp-content\/uploads\/2020\/01\/AED0BDDA-4EEF-4473-AC9B-1015751BB09E.jpeg?resize=248%2C300 248w\" sizes=\"auto, (max-width: 600px) 100vw, 600px\" \/><\/figure>\n\n\n\n<p>Nos \u00faltimos anos, evang\u00e9licos tentaram retomar o trabalho junto aos zo\u00e9s, mas foram repelidos pelos indigenistas da Funai. Outra etnia na&nbsp;mira dos evang\u00e9licos s\u00e3o os zuruah\u00e3s, no Amazonas. A responsabilidade sobre os dois grupos est\u00e1 na mesma coordena\u00e7\u00e3o que agora poder\u00e1 ser ocupada por um evang\u00e9lico.<\/p>\n\n\n\n<p>Havia um empecilho administrativo para a nomea\u00e7\u00e3o de algu\u00e9m de fora da Funai na Coordena\u00e7\u00e3o Geral de \u00cdndios Isolados e de Recente Contato, mas ele foi removido nesta quinta-feira (30) pelo presidente da Funai, Marcelo Xavier da Silva,&nbsp;um delegado da Pol\u00edcia Federal indicado ao cargo por membros da bancada ruralista no Congresso.<\/p>\n\n\n\n<p>Ele alterou o regimento interno da Funai para permutar a fun\u00e7\u00e3o comissionada do comando do setor, que s\u00f3 poderia ser ocupada por um servidor p\u00fablico concursado, por um cargo em comiss\u00e3o. A atual coordenadora\u00a0\u00e9 a indigenista Paula Pires, servidora da Funai h\u00e1 mais de dez anos.<\/p>\n\n\n\n<figure class=\"wp-block-image size-large\"><img data-recalc-dims=\"1\" loading=\"lazy\" decoding=\"async\" width=\"600\" height=\"717\" data-attachment-id=\"26289\" data-permalink=\"http:\/\/blogdalucianaoliveira.com.br\/blog\/2020\/01\/31\/funai-planeja-colocar-evangelizador-de-indigenas-na-chefia-de-indios-isolados\/22027769-01a6-4229-b263-cf73e90515f7\/\" data-orig-file=\"https:\/\/i0.wp.com\/blogdalucianaoliveira.com.br\/blog\/wp-content\/uploads\/2020\/01\/22027769-01A6-4229-B263-CF73E90515F7.jpeg?fit=750%2C896\" data-orig-size=\"750,896\" data-comments-opened=\"0\" data-image-meta=\"{&quot;aperture&quot;:&quot;0&quot;,&quot;credit&quot;:&quot;&quot;,&quot;camera&quot;:&quot;&quot;,&quot;caption&quot;:&quot;&quot;,&quot;created_timestamp&quot;:&quot;0&quot;,&quot;copyright&quot;:&quot;&quot;,&quot;focal_length&quot;:&quot;0&quot;,&quot;iso&quot;:&quot;0&quot;,&quot;shutter_speed&quot;:&quot;0&quot;,&quot;title&quot;:&quot;&quot;,&quot;orientation&quot;:&quot;0&quot;}\" data-image-title=\"22027769-01A6-4229-B263-CF73E90515F7\" data-image-description=\"\" data-image-caption=\"\" data-medium-file=\"https:\/\/i0.wp.com\/blogdalucianaoliveira.com.br\/blog\/wp-content\/uploads\/2020\/01\/22027769-01A6-4229-B263-CF73E90515F7.jpeg?fit=251%2C300\" data-large-file=\"https:\/\/i0.wp.com\/blogdalucianaoliveira.com.br\/blog\/wp-content\/uploads\/2020\/01\/22027769-01A6-4229-B263-CF73E90515F7.jpeg?fit=600%2C717\" src=\"https:\/\/i0.wp.com\/blogdalucianaoliveira.com.br\/blog\/wp-content\/uploads\/2020\/01\/22027769-01A6-4229-B263-CF73E90515F7.jpeg?resize=600%2C717\" alt=\"\" class=\"wp-image-26289\" srcset=\"https:\/\/i0.wp.com\/blogdalucianaoliveira.com.br\/blog\/wp-content\/uploads\/2020\/01\/22027769-01A6-4229-B263-CF73E90515F7.jpeg?w=750 750w, https:\/\/i0.wp.com\/blogdalucianaoliveira.com.br\/blog\/wp-content\/uploads\/2020\/01\/22027769-01A6-4229-B263-CF73E90515F7.jpeg?resize=251%2C300 251w\" sizes=\"auto, (max-width: 600px) 100vw, 600px\" \/><\/figure>\n\n\n\n<p>O preferido do comando da Funai para comandar o setor, segundo fontes consultadas pela&nbsp;<strong>Folha<\/strong>, \u00e9 Ricardo Lopes Dias, te\u00f3logo formado por uma institui\u00e7\u00e3o mantida por evang\u00e9licos no Paran\u00e1, graduado em antropologia em 2012 e cientista social.<\/p>\n\n\n\n<p>Em uma disserta\u00e7\u00e3o de 2015, Dias destacou sua &#8220;experi\u00eancia mission\u00e1ria na MNTB por mais de uma d\u00e9cada&#8221;. Em seu curr\u00edculo na plataforma Lattes explicou ter desenvolvido, de 1997 a 2007, &#8220;um projeto volunt\u00e1rio religioso agenciado pela Miss\u00e3o Novas Tribos do Brasil junto \u00e0s comunidades Palmeiras do Javari [AM] e Cruzeirinho (esta, da etnia ind\u00edgena mats\u00e9s)&#8221;.<\/p>\n\n\n\n<p>Na disserta\u00e7\u00e3o, o pr\u00f3prio Dias explicou qual o principal objetivo da Miss\u00e3o Novas Tribos&nbsp;que, segundo ele, atua com 47 etnias no Brasil e cinco na \u00c1frica.<\/p>\n\n\n\n<p>&#8220;O foco \u00e9 a planta\u00e7\u00e3o de uma igreja nativa aut\u00f3ctone em cada etnia e para isso disp\u00f5e de treinamento b\u00edblico, lingu\u00edstico e transcultural pr\u00f3prio, al\u00e9m de uma consultoria t\u00e9cnica para assessoria estrat\u00e9gica e de acompanhamento espiritual por meio de visitas regulares da lideran\u00e7a aos mission\u00e1rios nos campos&#8221;.<\/p>\n\n\n\n<p>No ano passado, Dias foi o orientador em p\u00f3s-gradua\u00e7\u00e3o da UniEvang\u00e9lica, uma institui\u00e7\u00e3o de An\u00e1polis (GO), no trabalho intitulado: &#8220;Antropologia em miss\u00f5es: considera\u00e7\u00f5es sobre as apropria\u00e7\u00f5es da antropologia pelos mission\u00e1rios evang\u00e9licos contempor\u00e2neos&#8221;.<\/p>\n\n\n\n<p>A Funai contabiliza cerca de 28 registros confirmados de grupos ind\u00edgenas isolados em seis estados da Amaz\u00f4nia Legal brasileira.<\/p>\n\n\n\n<p>A maior parte deles est\u00e1 na Terra Ind\u00edgena Vale do Javari, onde Dias afirma ter trabalhado com os \u00edndios maiorunas, tamb\u00e9m chamados de mats\u00e9s. A coordena\u00e7\u00e3o de \u00edndios isolados&nbsp;\u00e9 respons\u00e1vel pelo funcionamento de 11 Frentes de Prote\u00e7\u00e3o Etnoambiental&nbsp;em sete estados da Amaz\u00f4nia, cuja fun\u00e7\u00e3o \u00e9 monitorar a sa\u00fade e a seguran\u00e7a dos \u00edndios isolados e de recente contato.<\/p>\n\n\n\n<p>Servidores e ex-servidores da Funai ouvidos pela reportagem sob a condi\u00e7\u00e3o de anonimato temem que a nomea\u00e7\u00e3o de um evang\u00e9lico no cargo estrat\u00e9gico possa representar, al\u00e9m do avan\u00e7o sobre as etnias de recente contato, como os zo\u00e9s e os zuruah\u00e3s, o fim da chamada &#8220;pol\u00edtica do n\u00e3o contato&#8221;, assumida pelo governo federal como linha fundamental da pol\u00edtica indigenista brasileira desde 1987.<\/p>\n\n\n\n<p>Para evitar massacres e mortes que foram constantes antes e durante a ditadura militar (1964-1985), a Funai deliberou que grupos ind\u00edgenas isolados somente seriam contatados quando um evento puder colocar em risco a vida dessas popula\u00e7\u00f5es, como ataques de madeireiros e garimpeiros ou atritos entre tribos. Nos \u00faltimos 20 anos, apenas&nbsp;<a href=\"https:\/\/www1.folha.uol.com.br\/poder\/2019\/03\/funai-inicia-operacao-para-proteger-indios-isolados-sob-risco-de-massacre.shtml\">uma opera\u00e7\u00e3o de contato foi desencadeada<\/a>, no ano passado.<\/p>\n\n\n\n<p>Procurada para comentar sobre a poss\u00edvel nomea\u00e7\u00e3o de Dias, a assessoria da Funai informou que &#8220;uma nomea\u00e7\u00e3o s\u00f3 \u00e9 v\u00e1lida a partir de publica\u00e7\u00e3o de portaria no Di\u00e1rio Oficial, posse e exerc\u00edcio do nomeado.&#8221;<\/p>\n\n\n\n<p>&#8220;A&nbsp;Funai&nbsp;n\u00e3o se pronunciar\u00e1 quanto a supostas indica\u00e7\u00f5es. No que diz respeito \u00e0 permuta entre fun\u00e7\u00f5es comissionadas e cargos em comiss\u00e3o, declara que este \u00e9 um procedimento comum necess\u00e1rio \u00e0 organiza\u00e7\u00e3o interna de um \u00f3rg\u00e3o p\u00fablico. Ambas s\u00e3o de livre nomea\u00e7\u00e3o por parte do gestor e sua ocupa\u00e7\u00e3o sempre dever\u00e1 atender aos crit\u00e9rios exigidos pelo Decreto n\u00ba 9.727, de 15 de mar\u00e7o de 2019.\u201d&nbsp;<\/p>\n\n\n\n<p>O decreto aponta como crit\u00e9rios b\u00e1sicos para a ocupa\u00e7\u00e3o dos cargos e fun\u00e7\u00f5es idoneidade moral e reputa\u00e7\u00e3o ilibada e perfil profissional ou forma\u00e7\u00e3o acad\u00eamica compat\u00edvel.<\/p>\n","protected":false},"excerpt":{"rendered":"<p>Nomea\u00e7\u00e3o pode levar ao fim do princ\u00edpio do &#8216;n\u00e3o contato&#8217;, linha fundamental da pol\u00edtica indigenista brasileira desde 1987.<\/p>\n","protected":false},"author":1,"featured_media":0,"comment_status":"closed","ping_status":"open","sticky":false,"template":"","format":"standard","meta":{"_exactmetrics_skip_tracking":false,"_exactmetrics_sitenote_active":false,"_exactmetrics_sitenote_note":"","_exactmetrics_sitenote_category":0,"jetpack_post_was_ever_published":false,"_jetpack_newsletter_access":"","_jetpack_dont_email_post_to_subs":false,"_jetpack_newsletter_tier_id":0,"_jetpack_memberships_contains_paywalled_content":false,"_jetpack_memberships_contains_paid_content":false,"footnotes":"","jetpack_publicize_message":"","jetpack_publicize_feature_enabled":true,"jetpack_social_post_already_shared":true,"jetpack_social_options":{"image_generator_settings":{"template":"highway","enabled":false},"version":2}},"categories":[1],"tags":[],"class_list":["post-26285","post","type-post","status-publish","format-standard","hentry","category-notas"],"jetpack_publicize_connections":[],"jetpack_sharing_enabled":true,"jetpack_featured_media_url":"","jetpack_shortlink":"https:\/\/wp.me\/p7wKYW-6PX","jetpack-related-posts":[],"_links":{"self":[{"href":"http:\/\/blogdalucianaoliveira.com.br\/blog\/wp-json\/wp\/v2\/posts\/26285","targetHints":{"allow":["GET"]}}],"collection":[{"href":"http:\/\/blogdalucianaoliveira.com.br\/blog\/wp-json\/wp\/v2\/posts"}],"about":[{"href":"http:\/\/blogdalucianaoliveira.com.br\/blog\/wp-json\/wp\/v2\/types\/post"}],"author":[{"embeddable":true,"href":"http:\/\/blogdalucianaoliveira.com.br\/blog\/wp-json\/wp\/v2\/users\/1"}],"replies":[{"embeddable":true,"href":"http:\/\/blogdalucianaoliveira.com.br\/blog\/wp-json\/wp\/v2\/comments?post=26285"}],"version-history":[{"count":2,"href":"http:\/\/blogdalucianaoliveira.com.br\/blog\/wp-json\/wp\/v2\/posts\/26285\/revisions"}],"predecessor-version":[{"id":26291,"href":"http:\/\/blogdalucianaoliveira.com.br\/blog\/wp-json\/wp\/v2\/posts\/26285\/revisions\/26291"}],"wp:attachment":[{"href":"http:\/\/blogdalucianaoliveira.com.br\/blog\/wp-json\/wp\/v2\/media?parent=26285"}],"wp:term":[{"taxonomy":"category","embeddable":true,"href":"http:\/\/blogdalucianaoliveira.com.br\/blog\/wp-json\/wp\/v2\/categories?post=26285"},{"taxonomy":"post_tag","embeddable":true,"href":"http:\/\/blogdalucianaoliveira.com.br\/blog\/wp-json\/wp\/v2\/tags?post=26285"}],"curies":[{"name":"wp","href":"https:\/\/api.w.org\/{rel}","templated":true}]}}