{"id":26293,"date":"2020-01-31T17:24:52","date_gmt":"2020-01-31T21:24:52","guid":{"rendered":"http:\/\/blogdalucianaoliveira.com.br\/blog\/?p=26293"},"modified":"2020-01-31T17:25:04","modified_gmt":"2020-01-31T21:25:04","slug":"defensorias-recomendam-que-governo-nao-veicule-campanha-de-abstinencia-sexual","status":"publish","type":"post","link":"http:\/\/blogdalucianaoliveira.com.br\/blog\/2020\/01\/31\/defensorias-recomendam-que-governo-nao-veicule-campanha-de-abstinencia-sexual\/","title":{"rendered":"Defensorias recomendam que governo n\u00e3o veicule campanha de abstin\u00eancia sexual"},"content":{"rendered":"\n<figure class=\"wp-block-image size-large\"><img data-recalc-dims=\"1\" loading=\"lazy\" decoding=\"async\" width=\"500\" height=\"240\" data-attachment-id=\"26294\" data-permalink=\"http:\/\/blogdalucianaoliveira.com.br\/blog\/2020\/01\/31\/defensorias-recomendam-que-governo-nao-veicule-campanha-de-abstinencia-sexual\/image-93-2\/\" data-orig-file=\"https:\/\/i0.wp.com\/blogdalucianaoliveira.com.br\/blog\/wp-content\/uploads\/2020\/01\/image-93.jpeg?fit=500%2C240\" data-orig-size=\"500,240\" data-comments-opened=\"0\" data-image-meta=\"{&quot;aperture&quot;:&quot;0&quot;,&quot;credit&quot;:&quot;&quot;,&quot;camera&quot;:&quot;&quot;,&quot;caption&quot;:&quot;&quot;,&quot;created_timestamp&quot;:&quot;0&quot;,&quot;copyright&quot;:&quot;&quot;,&quot;focal_length&quot;:&quot;0&quot;,&quot;iso&quot;:&quot;0&quot;,&quot;shutter_speed&quot;:&quot;0&quot;,&quot;title&quot;:&quot;&quot;,&quot;orientation&quot;:&quot;0&quot;}\" data-image-title=\"image-93\" data-image-description=\"\" data-image-caption=\"\" data-medium-file=\"https:\/\/i0.wp.com\/blogdalucianaoliveira.com.br\/blog\/wp-content\/uploads\/2020\/01\/image-93.jpeg?fit=300%2C144\" data-large-file=\"https:\/\/i0.wp.com\/blogdalucianaoliveira.com.br\/blog\/wp-content\/uploads\/2020\/01\/image-93.jpeg?fit=500%2C240\" src=\"https:\/\/i0.wp.com\/blogdalucianaoliveira.com.br\/blog\/wp-content\/uploads\/2020\/01\/image-93.jpeg?resize=500%2C240\" alt=\"\" class=\"wp-image-26294\" srcset=\"https:\/\/i0.wp.com\/blogdalucianaoliveira.com.br\/blog\/wp-content\/uploads\/2020\/01\/image-93.jpeg?w=500 500w, https:\/\/i0.wp.com\/blogdalucianaoliveira.com.br\/blog\/wp-content\/uploads\/2020\/01\/image-93.jpeg?resize=300%2C144 300w\" sizes=\"auto, (max-width: 500px) 100vw, 500px\" \/><\/figure>\n\n\n\n<p><strong>247 &#8211;<\/strong>&nbsp;A Defensoria P\u00fablica da Uni\u00e3o (DPU) e a Defensoria P\u00fablica de S\u00e3o Paulo expediram nesta sexta-feira, 31, recomenda\u00e7\u00e3o para que o Minist\u00e9rio da Sa\u00fade e o Minist\u00e9rio da Mulher, da Fam\u00edlia e dos Direitos Humanos n\u00e3o veiculem a campanha publicit\u00e1ria que prega a abstin\u00eancia sexual entre adolescentes.&nbsp;<\/p>\n\n\n\n<!--more-->\n\n\n\n<p>Os dois \u00f3rg\u00e3os sustentam que pregar a abstin\u00eancia como pol\u00edtica p\u00fablica para preven\u00e7\u00e3o n\u00e3o tem nenhum suporte cient\u00edfico &#8211; pelo contr\u00e1rio, s\u00e3o ineficazes, como apontam pesquisas nacionais e internacionais.<\/p>\n\n\n\n<p>A ministra Damares Alves defendeu a pr\u00e1tica como forma de enfrentar gravidez precoce e prolifera\u00e7\u00e3o de doen\u00e7as sexualmente transmiss\u00edveis no Pa\u00eds e quer transform\u00e1-la em pol\u00edtica p\u00fablica.\u00a0<br><\/p>\n\n\n\n<p>Al\u00e9m da recomenda\u00e7\u00e3o, as defensorias solicitaram aos minist\u00e9rio que apresentem o custo total de produ\u00e7\u00e3o e divulga\u00e7\u00e3o da campanha e quanto isso representa proporcionalmente em rela\u00e7\u00e3o ao que foi gasto no ano de 2019.<\/p>\n","protected":false},"excerpt":{"rendered":"<p>247 &#8211;&nbsp;A Defensoria P\u00fablica da Uni\u00e3o (DPU) e a Defensoria P\u00fablica de S\u00e3o Paulo expediram nesta sexta-feira, 31, recomenda\u00e7\u00e3o para que o Minist\u00e9rio da Sa\u00fade e o Minist\u00e9rio da Mulher, da Fam\u00edlia e dos Direitos Humanos n\u00e3o veiculem a campanha publicit\u00e1ria que prega a abstin\u00eancia sexual entre adolescentes.&nbsp;<\/p>\n","protected":false},"author":1,"featured_media":0,"comment_status":"closed","ping_status":"open","sticky":false,"template":"","format":"standard","meta":{"_exactmetrics_skip_tracking":false,"_exactmetrics_sitenote_active":false,"_exactmetrics_sitenote_note":"","_exactmetrics_sitenote_category":0,"jetpack_post_was_ever_published":false,"_jetpack_newsletter_access":"","_jetpack_dont_email_post_to_subs":false,"_jetpack_newsletter_tier_id":0,"_jetpack_memberships_contains_paywalled_content":false,"_jetpack_memberships_contains_paid_content":false,"footnotes":"","jetpack_publicize_message":"","jetpack_publicize_feature_enabled":true,"jetpack_social_post_already_shared":true,"jetpack_social_options":{"image_generator_settings":{"template":"highway","enabled":false},"version":2}},"categories":[1],"tags":[],"class_list":["post-26293","post","type-post","status-publish","format-standard","hentry","category-notas"],"jetpack_publicize_connections":[],"jetpack_sharing_enabled":true,"jetpack_featured_media_url":"","jetpack_shortlink":"https:\/\/wp.me\/p7wKYW-6Q5","jetpack-related-posts":[],"_links":{"self":[{"href":"http:\/\/blogdalucianaoliveira.com.br\/blog\/wp-json\/wp\/v2\/posts\/26293","targetHints":{"allow":["GET"]}}],"collection":[{"href":"http:\/\/blogdalucianaoliveira.com.br\/blog\/wp-json\/wp\/v2\/posts"}],"about":[{"href":"http:\/\/blogdalucianaoliveira.com.br\/blog\/wp-json\/wp\/v2\/types\/post"}],"author":[{"embeddable":true,"href":"http:\/\/blogdalucianaoliveira.com.br\/blog\/wp-json\/wp\/v2\/users\/1"}],"replies":[{"embeddable":true,"href":"http:\/\/blogdalucianaoliveira.com.br\/blog\/wp-json\/wp\/v2\/comments?post=26293"}],"version-history":[{"count":1,"href":"http:\/\/blogdalucianaoliveira.com.br\/blog\/wp-json\/wp\/v2\/posts\/26293\/revisions"}],"predecessor-version":[{"id":26295,"href":"http:\/\/blogdalucianaoliveira.com.br\/blog\/wp-json\/wp\/v2\/posts\/26293\/revisions\/26295"}],"wp:attachment":[{"href":"http:\/\/blogdalucianaoliveira.com.br\/blog\/wp-json\/wp\/v2\/media?parent=26293"}],"wp:term":[{"taxonomy":"category","embeddable":true,"href":"http:\/\/blogdalucianaoliveira.com.br\/blog\/wp-json\/wp\/v2\/categories?post=26293"},{"taxonomy":"post_tag","embeddable":true,"href":"http:\/\/blogdalucianaoliveira.com.br\/blog\/wp-json\/wp\/v2\/tags?post=26293"}],"curies":[{"name":"wp","href":"https:\/\/api.w.org\/{rel}","templated":true}]}}