{"id":26296,"date":"2020-01-31T20:23:18","date_gmt":"2020-02-01T00:23:18","guid":{"rendered":"http:\/\/blogdalucianaoliveira.com.br\/blog\/?p=26296"},"modified":"2020-01-31T20:24:02","modified_gmt":"2020-02-01T00:24:02","slug":"mostra-alma-adornada","status":"publish","type":"post","link":"http:\/\/blogdalucianaoliveira.com.br\/blog\/2020\/01\/31\/mostra-alma-adornada\/","title":{"rendered":"Mostra: Alma Adornada"},"content":{"rendered":"\n<div class=\"fb-post\" data-href=\"https:\/\/www.facebook.com\/100000605493231\/posts\/3162627970434022\/?d=n\" data-width=\"552\"><\/div>\n\n\n\n<p class=\"has-text-align-left\"><br> Uma s\u00e9rie de resgates da mem\u00f3ria-imagem a partir da constela\u00e7\u00f5es de est\u00f3rias, adornos e fotografia de mulheres negras (quilombolas e cai\u00e7aras; rurais e urbanas) de Paraty elucidando suas (nossas) trajet\u00f3rias e fortalecendo exist\u00eancias femininas negras e seus lugares de fala .<\/p>\n\n\n\n<!--more-->\n\n\n\n<p><br>Com adornos da @dani.guirra, curadoria editoriais de @eloasilvamoraes e @mauriceiatan com seu lugar de mulher negra conectora dessas lindas est\u00f3rias! <br> Bora visitar! Bora conhcer um peda\u00e7o da hist\u00f3ria negra desse m\u00e1gico lugar<\/p>\n\n\n\n<p>Esse trabalho idealizado e realizado por mulheres pretas dentro de uma coletiva preta de mulheres de Paraty, <\/p>\n\n\n\n<p>@articulapreta123<br> Salvea mulher negra! <br> Salve a mulher negra quilombola! <br> Salve a mulher negra quilombola e cai\u00e7ara! <br> Salve a mulher negra quilombola, cai\u00e7ara, rural\u2026 e paratiense! <br> Salve Alma Adornada! @ Sesc Paraty<\/p>\n","protected":false},"excerpt":{"rendered":"<p>Uma s\u00e9rie de resgates da mem\u00f3ria-imagem a partir da constela\u00e7\u00f5es de est\u00f3rias, adornos e fotografia de mulheres negras (quilombolas e cai\u00e7aras; rurais e urbanas) de Paraty elucidando suas (nossas) trajet\u00f3rias e fortalecendo exist\u00eancias femininas negras e seus lugares de fala .<\/p>\n","protected":false},"author":1,"featured_media":0,"comment_status":"closed","ping_status":"open","sticky":false,"template":"","format":"standard","meta":{"_exactmetrics_skip_tracking":false,"_exactmetrics_sitenote_active":false,"_exactmetrics_sitenote_note":"","_exactmetrics_sitenote_category":0,"jetpack_post_was_ever_published":false,"_jetpack_newsletter_access":"","_jetpack_dont_email_post_to_subs":false,"_jetpack_newsletter_tier_id":0,"_jetpack_memberships_contains_paywalled_content":false,"_jetpack_memberships_contains_paid_content":false,"footnotes":"","jetpack_publicize_message":"","jetpack_publicize_feature_enabled":true,"jetpack_social_post_already_shared":true,"jetpack_social_options":{"image_generator_settings":{"template":"highway","enabled":false},"version":2}},"categories":[1],"tags":[],"class_list":["post-26296","post","type-post","status-publish","format-standard","hentry","category-notas"],"jetpack_publicize_connections":[],"jetpack_sharing_enabled":true,"jetpack_featured_media_url":"","jetpack_shortlink":"https:\/\/wp.me\/p7wKYW-6Q8","jetpack-related-posts":[],"_links":{"self":[{"href":"http:\/\/blogdalucianaoliveira.com.br\/blog\/wp-json\/wp\/v2\/posts\/26296","targetHints":{"allow":["GET"]}}],"collection":[{"href":"http:\/\/blogdalucianaoliveira.com.br\/blog\/wp-json\/wp\/v2\/posts"}],"about":[{"href":"http:\/\/blogdalucianaoliveira.com.br\/blog\/wp-json\/wp\/v2\/types\/post"}],"author":[{"embeddable":true,"href":"http:\/\/blogdalucianaoliveira.com.br\/blog\/wp-json\/wp\/v2\/users\/1"}],"replies":[{"embeddable":true,"href":"http:\/\/blogdalucianaoliveira.com.br\/blog\/wp-json\/wp\/v2\/comments?post=26296"}],"version-history":[{"count":3,"href":"http:\/\/blogdalucianaoliveira.com.br\/blog\/wp-json\/wp\/v2\/posts\/26296\/revisions"}],"predecessor-version":[{"id":26299,"href":"http:\/\/blogdalucianaoliveira.com.br\/blog\/wp-json\/wp\/v2\/posts\/26296\/revisions\/26299"}],"wp:attachment":[{"href":"http:\/\/blogdalucianaoliveira.com.br\/blog\/wp-json\/wp\/v2\/media?parent=26296"}],"wp:term":[{"taxonomy":"category","embeddable":true,"href":"http:\/\/blogdalucianaoliveira.com.br\/blog\/wp-json\/wp\/v2\/categories?post=26296"},{"taxonomy":"post_tag","embeddable":true,"href":"http:\/\/blogdalucianaoliveira.com.br\/blog\/wp-json\/wp\/v2\/tags?post=26296"}],"curies":[{"name":"wp","href":"https:\/\/api.w.org\/{rel}","templated":true}]}}