{"id":2630,"date":"2016-07-27T18:41:24","date_gmt":"2016-07-27T22:41:24","guid":{"rendered":"http:\/\/blogdalucianaoliveira.com.br\/blog\/?p=2630"},"modified":"2016-07-27T18:41:24","modified_gmt":"2016-07-27T22:41:24","slug":"como-um-ex-deputado-e-ex-ministro-consegue-se-tornar-banqueiro","status":"publish","type":"post","link":"http:\/\/blogdalucianaoliveira.com.br\/blog\/2016\/07\/27\/como-um-ex-deputado-e-ex-ministro-consegue-se-tornar-banqueiro\/","title":{"rendered":"Como um ex-deputado e ex-ministro consegue se tornar banqueiro?"},"content":{"rendered":"<p><img data-recalc-dims=\"1\" loading=\"lazy\" decoding=\"async\" data-attachment-id=\"2631\" data-permalink=\"http:\/\/blogdalucianaoliveira.com.br\/blog\/2016\/07\/27\/como-um-ex-deputado-e-ex-ministro-consegue-se-tornar-banqueiro\/image-601\/\" data-orig-file=\"https:\/\/i0.wp.com\/blogdalucianaoliveira.com.br\/blog\/wp-content\/uploads\/2016\/07\/image-151.jpeg?fit=635%2C467\" data-orig-size=\"635,467\" data-comments-opened=\"0\" data-image-meta=\"{&quot;aperture&quot;:&quot;0&quot;,&quot;credit&quot;:&quot;&quot;,&quot;camera&quot;:&quot;&quot;,&quot;caption&quot;:&quot;&quot;,&quot;created_timestamp&quot;:&quot;0&quot;,&quot;copyright&quot;:&quot;&quot;,&quot;focal_length&quot;:&quot;0&quot;,&quot;iso&quot;:&quot;0&quot;,&quot;shutter_speed&quot;:&quot;0&quot;,&quot;title&quot;:&quot;&quot;,&quot;orientation&quot;:&quot;0&quot;}\" data-image-title=\"image\" data-image-description=\"\" data-image-caption=\"\" data-medium-file=\"https:\/\/i0.wp.com\/blogdalucianaoliveira.com.br\/blog\/wp-content\/uploads\/2016\/07\/image-151.jpeg?fit=300%2C221\" data-large-file=\"https:\/\/i0.wp.com\/blogdalucianaoliveira.com.br\/blog\/wp-content\/uploads\/2016\/07\/image-151.jpeg?fit=600%2C441\" src=\"https:\/\/i0.wp.com\/blogdalucianaoliveira.com.br\/blog\/wp-content\/uploads\/2016\/07\/image-151.jpeg?resize=600%2C441\" alt=\"image\" width=\"600\" height=\"441\" class=\"alignnone size-full wp-image-2631\" srcset=\"https:\/\/i0.wp.com\/blogdalucianaoliveira.com.br\/blog\/wp-content\/uploads\/2016\/07\/image-151.jpeg?w=635 635w, https:\/\/i0.wp.com\/blogdalucianaoliveira.com.br\/blog\/wp-content\/uploads\/2016\/07\/image-151.jpeg?resize=300%2C221 300w, https:\/\/i0.wp.com\/blogdalucianaoliveira.com.br\/blog\/wp-content\/uploads\/2016\/07\/image-151.jpeg?resize=408%2C300 408w\" sizes=\"auto, (max-width: 600px) 100vw, 600px\" \/><\/p>\n<p>BTG anuncia que ex-ministro do STF Nelson Jobim virou s\u00f3cio do banco<!--more--><\/p>\n<p>Da Folha <\/p>\n<p>O BTG Pactual, banco que foi controlado por Andr\u00e9 Esteves, um dos presos da Opera\u00e7\u00e3o Lava Jato, anunciou nesta ter\u00e7a-feira (26) que o ex-presidente do STF (Supremo Tribunal Federal) e ex-ministro da Justi\u00e7a e da Defesa Nelson Jobim virou s\u00f3cio da institui\u00e7\u00e3o. Jobim tamb\u00e9m passou a ser membro do conselho de administra\u00e7\u00e3o do banco.<\/p>\n<p>Ele vai ser respons\u00e1vel por rela\u00e7\u00f5es institucionais e por verificar o cumprimento de leis e regulamentos do banco.<\/p>\n<p>&#8220;A vinda do ministro Nelson Jobim \u00e9 mais um importante passo em dire\u00e7\u00e3o ao aprimoramento da gest\u00e3o do BTG Pactual. Sua not\u00e1vel trajet\u00f3ria, experi\u00eancia e conhecimento contribuir\u00e3o para aperfei\u00e7oar ainda mais a governan\u00e7a do banco&#8221;, disse Persio Arida, presidente do Conselho de Administra\u00e7\u00e3o do BTG Pactual.<\/p>\n<p>O ex-ministro tem no curr\u00edculo passagens pelo governo federal e presidiu o Supremo Tribunal Federal. Ele tamb\u00e9m atuou como um dos principais consultores das defesas de empreiteiras acusadas na Opera\u00e7\u00e3o Lava Jato. Jobim teria herdado atribui\u00e7\u00e3o que era de M\u00e1rcio Thomaz Bastos at\u00e9 o advogado e ex-ministro morrer, em 2014.<\/p>\n<p>Desde a pris\u00e3o de Esteves, o BTG, que estava entre os maiores bancos do pa\u00eds, sofreu saques de investidores. Para conter a crise, foram vendidos ativos e parte da carteira de cr\u00e9dito. Esteves j\u00e1 foi solto e voltou a trabalhar no banco.<\/p>\n<p>Ap\u00f3s ser citado em grava\u00e7\u00e3o de conversa entre o ex-senador Delc\u00eddio do Amaral e o filho do ex-diretor da Petrobras Nestor Cerver\u00f3, o banqueiro foi preso sob acusa\u00e7\u00e3o de envolvimento em trama para evitar dela\u00e7\u00e3o de Cerver\u00f3.<\/p>\n<p>No \u00e1udio, Delc\u00eddio diz que Esteves teria aceitado pagar R$ 1,5 milh\u00e3o ao advogado que defendia Cerver\u00f3, Edson Ribeiro, desde que o BTG n\u00e3o fosse envolvido na Lava Jato.<\/p>\n<p>Esteves negou as acusa\u00e7\u00f5es e, em dezembro, deixou a pris\u00e3o por &#8220;recolhimento domiciliar&#8221;. Foi alvo de den\u00fancia no STF acusado de impedir a investiga\u00e7\u00e3o de infra\u00e7\u00f5es penais. A acusa\u00e7\u00e3o foi reiterada pela Rep\u00fablica no Distrito Federal depois que o caso foi enviado \u00e0 Justi\u00e7a de Bras\u00edlia.<\/p>\n<p>Esteves voltou a trabalhar no banco por decis\u00e3o do ministro do STF Teori Zavascki, que tamb\u00e9m revogou a &#8220;reclus\u00e3o domiciliar&#8221; do banqueiro.<\/p>\n","protected":false},"excerpt":{"rendered":"<p>BTG anuncia que ex-ministro do STF Nelson Jobim virou s\u00f3cio do banco<\/p>\n","protected":false},"author":1,"featured_media":0,"comment_status":"closed","ping_status":"open","sticky":false,"template":"","format":"standard","meta":{"_exactmetrics_skip_tracking":false,"_exactmetrics_sitenote_active":false,"_exactmetrics_sitenote_note":"","_exactmetrics_sitenote_category":0,"jetpack_post_was_ever_published":false,"_jetpack_newsletter_access":"","_jetpack_dont_email_post_to_subs":false,"_jetpack_newsletter_tier_id":0,"_jetpack_memberships_contains_paywalled_content":false,"_jetpack_memberships_contains_paid_content":false,"footnotes":"","jetpack_publicize_message":"","jetpack_publicize_feature_enabled":true,"jetpack_social_post_already_shared":true,"jetpack_social_options":{"image_generator_settings":{"template":"highway","enabled":false},"version":2}},"categories":[1],"tags":[],"class_list":["post-2630","post","type-post","status-publish","format-standard","hentry","category-notas"],"jetpack_publicize_connections":[],"jetpack_sharing_enabled":true,"jetpack_featured_media_url":"","jetpack_shortlink":"https:\/\/wp.me\/p7wKYW-Gq","jetpack-related-posts":[],"_links":{"self":[{"href":"http:\/\/blogdalucianaoliveira.com.br\/blog\/wp-json\/wp\/v2\/posts\/2630","targetHints":{"allow":["GET"]}}],"collection":[{"href":"http:\/\/blogdalucianaoliveira.com.br\/blog\/wp-json\/wp\/v2\/posts"}],"about":[{"href":"http:\/\/blogdalucianaoliveira.com.br\/blog\/wp-json\/wp\/v2\/types\/post"}],"author":[{"embeddable":true,"href":"http:\/\/blogdalucianaoliveira.com.br\/blog\/wp-json\/wp\/v2\/users\/1"}],"replies":[{"embeddable":true,"href":"http:\/\/blogdalucianaoliveira.com.br\/blog\/wp-json\/wp\/v2\/comments?post=2630"}],"version-history":[{"count":2,"href":"http:\/\/blogdalucianaoliveira.com.br\/blog\/wp-json\/wp\/v2\/posts\/2630\/revisions"}],"predecessor-version":[{"id":2633,"href":"http:\/\/blogdalucianaoliveira.com.br\/blog\/wp-json\/wp\/v2\/posts\/2630\/revisions\/2633"}],"wp:attachment":[{"href":"http:\/\/blogdalucianaoliveira.com.br\/blog\/wp-json\/wp\/v2\/media?parent=2630"}],"wp:term":[{"taxonomy":"category","embeddable":true,"href":"http:\/\/blogdalucianaoliveira.com.br\/blog\/wp-json\/wp\/v2\/categories?post=2630"},{"taxonomy":"post_tag","embeddable":true,"href":"http:\/\/blogdalucianaoliveira.com.br\/blog\/wp-json\/wp\/v2\/tags?post=2630"}],"curies":[{"name":"wp","href":"https:\/\/api.w.org\/{rel}","templated":true}]}}