{"id":2634,"date":"2016-07-28T09:37:04","date_gmt":"2016-07-28T13:37:04","guid":{"rendered":"http:\/\/blogdalucianaoliveira.com.br\/blog\/?p=2634"},"modified":"2016-07-28T09:37:04","modified_gmt":"2016-07-28T13:37:04","slug":"tocha-olimpica-e-apagada-conter-protestos-no-rio-de-janeiro-sera-prova-de-fogo-pra-eduardo-paes","status":"publish","type":"post","link":"http:\/\/blogdalucianaoliveira.com.br\/blog\/2016\/07\/28\/tocha-olimpica-e-apagada-conter-protestos-no-rio-de-janeiro-sera-prova-de-fogo-pra-eduardo-paes\/","title":{"rendered":"Tocha ol\u00edmpica \u00e9 apagada. Conter protestos no Rio de Janeiro ser\u00e1 prova de fogo pra Eduardo Paes"},"content":{"rendered":"<p><img data-recalc-dims=\"1\" loading=\"lazy\" decoding=\"async\" data-attachment-id=\"2635\" data-permalink=\"http:\/\/blogdalucianaoliveira.com.br\/blog\/2016\/07\/28\/tocha-olimpica-e-apagada-conter-protestos-no-rio-de-janeiro-sera-prova-de-fogo-pra-eduardo-paes\/image-602\/\" data-orig-file=\"https:\/\/i0.wp.com\/blogdalucianaoliveira.com.br\/blog\/wp-content\/uploads\/2016\/07\/image-152.jpeg?fit=649%2C433\" data-orig-size=\"649,433\" data-comments-opened=\"0\" data-image-meta=\"{&quot;aperture&quot;:&quot;0&quot;,&quot;credit&quot;:&quot;&quot;,&quot;camera&quot;:&quot;&quot;,&quot;caption&quot;:&quot;&quot;,&quot;created_timestamp&quot;:&quot;0&quot;,&quot;copyright&quot;:&quot;&quot;,&quot;focal_length&quot;:&quot;0&quot;,&quot;iso&quot;:&quot;0&quot;,&quot;shutter_speed&quot;:&quot;0&quot;,&quot;title&quot;:&quot;&quot;,&quot;orientation&quot;:&quot;0&quot;}\" data-image-title=\"image\" data-image-description=\"\" data-image-caption=\"\" data-medium-file=\"https:\/\/i0.wp.com\/blogdalucianaoliveira.com.br\/blog\/wp-content\/uploads\/2016\/07\/image-152.jpeg?fit=300%2C200\" data-large-file=\"https:\/\/i0.wp.com\/blogdalucianaoliveira.com.br\/blog\/wp-content\/uploads\/2016\/07\/image-152.jpeg?fit=600%2C400\" src=\"https:\/\/i0.wp.com\/blogdalucianaoliveira.com.br\/blog\/wp-content\/uploads\/2016\/07\/image-152.jpeg?resize=600%2C400\" alt=\"image\" width=\"600\" height=\"400\" class=\"alignnone size-full wp-image-2635\" srcset=\"https:\/\/i0.wp.com\/blogdalucianaoliveira.com.br\/blog\/wp-content\/uploads\/2016\/07\/image-152.jpeg?w=649 649w, https:\/\/i0.wp.com\/blogdalucianaoliveira.com.br\/blog\/wp-content\/uploads\/2016\/07\/image-152.jpeg?resize=300%2C200 300w, https:\/\/i0.wp.com\/blogdalucianaoliveira.com.br\/blog\/wp-content\/uploads\/2016\/07\/image-152.jpeg?resize=450%2C300 450w\" sizes=\"auto, (max-width: 600px) 100vw, 600px\" \/><\/p>\n<p>A uma semana da abertura das Olimp\u00edadas, enfim, apagaram a tocha acesa em abril l\u00e1 em Ol\u00edmpia, cidade hist\u00f3rica da Gr\u00e9cia.<!--more--><\/p>\n<p>Houve v\u00e1rias tentativas de apagamento da tocha no percurso com mais de 300 cidades, mas isso aconteceu em Angra dos Reis, no Rio de Janeiro, que abrigar\u00e1 a Olimp\u00edada.<\/p>\n<p>Com faixas e aos berros, moradores protestaram contra o fechamento de uma Unidade de Pronto Atendimento (UPA) e a suspens\u00e3o de uma linha de \u00f4nibus do munic\u00edpio est\u00e3o entre eles. Tamb\u00e9m n\u00e3o faltou o coral Fora Temer, presente em v\u00e1rias passagens da tocha. <\/p>\n<p>Dois percursos de revezamento e os shows previstos foram cancelados. <\/p>\n<p>https:\/\/m.youtube.com\/watch?v=IcVdEI95FQg<\/p>\n<p>N\u00e3o permitir que a chama ol\u00edmpica se apague \u00e9 um desafio em todas as edi\u00e7\u00f5es dos jogos. <\/p>\n<p>Em Pequim, quando voltava da Fran\u00e7a, a chama foi apagada tr\u00eas vezes e, pelos seguran\u00e7as que protestaram em favor do Tibete. Foi uma vergonha, porque mais de tr\u00eas mil policiais foram convocados pra manter o fogo aceso e a tranquilidade do desfile. <\/p>\n<p>No Rio, o protesto foi inibido com bombas de efeito moral. <\/p>\n<p>A noite que era pra ser de festa foi um fiasco. <\/p>\n","protected":false},"excerpt":{"rendered":"<p>A uma semana da abertura das Olimp\u00edadas, enfim, apagaram a tocha acesa em abril l\u00e1 em Ol\u00edmpia, cidade hist\u00f3rica da Gr\u00e9cia.<\/p>\n","protected":false},"author":1,"featured_media":0,"comment_status":"closed","ping_status":"open","sticky":false,"template":"","format":"standard","meta":{"_exactmetrics_skip_tracking":false,"_exactmetrics_sitenote_active":false,"_exactmetrics_sitenote_note":"","_exactmetrics_sitenote_category":0,"jetpack_post_was_ever_published":false,"_jetpack_newsletter_access":"","_jetpack_dont_email_post_to_subs":false,"_jetpack_newsletter_tier_id":0,"_jetpack_memberships_contains_paywalled_content":false,"_jetpack_memberships_contains_paid_content":false,"footnotes":"","jetpack_publicize_message":"","jetpack_publicize_feature_enabled":true,"jetpack_social_post_already_shared":true,"jetpack_social_options":{"image_generator_settings":{"template":"highway","enabled":false},"version":2}},"categories":[1],"tags":[],"class_list":["post-2634","post","type-post","status-publish","format-standard","hentry","category-notas"],"jetpack_publicize_connections":[],"jetpack_sharing_enabled":true,"jetpack_featured_media_url":"","jetpack_shortlink":"https:\/\/wp.me\/p7wKYW-Gu","jetpack-related-posts":[],"_links":{"self":[{"href":"http:\/\/blogdalucianaoliveira.com.br\/blog\/wp-json\/wp\/v2\/posts\/2634","targetHints":{"allow":["GET"]}}],"collection":[{"href":"http:\/\/blogdalucianaoliveira.com.br\/blog\/wp-json\/wp\/v2\/posts"}],"about":[{"href":"http:\/\/blogdalucianaoliveira.com.br\/blog\/wp-json\/wp\/v2\/types\/post"}],"author":[{"embeddable":true,"href":"http:\/\/blogdalucianaoliveira.com.br\/blog\/wp-json\/wp\/v2\/users\/1"}],"replies":[{"embeddable":true,"href":"http:\/\/blogdalucianaoliveira.com.br\/blog\/wp-json\/wp\/v2\/comments?post=2634"}],"version-history":[{"count":3,"href":"http:\/\/blogdalucianaoliveira.com.br\/blog\/wp-json\/wp\/v2\/posts\/2634\/revisions"}],"predecessor-version":[{"id":2638,"href":"http:\/\/blogdalucianaoliveira.com.br\/blog\/wp-json\/wp\/v2\/posts\/2634\/revisions\/2638"}],"wp:attachment":[{"href":"http:\/\/blogdalucianaoliveira.com.br\/blog\/wp-json\/wp\/v2\/media?parent=2634"}],"wp:term":[{"taxonomy":"category","embeddable":true,"href":"http:\/\/blogdalucianaoliveira.com.br\/blog\/wp-json\/wp\/v2\/categories?post=2634"},{"taxonomy":"post_tag","embeddable":true,"href":"http:\/\/blogdalucianaoliveira.com.br\/blog\/wp-json\/wp\/v2\/tags?post=2634"}],"curies":[{"name":"wp","href":"https:\/\/api.w.org\/{rel}","templated":true}]}}