{"id":2642,"date":"2016-07-28T11:57:05","date_gmt":"2016-07-28T15:57:05","guid":{"rendered":"http:\/\/blogdalucianaoliveira.com.br\/blog\/?p=2642"},"modified":"2016-07-28T12:58:02","modified_gmt":"2016-07-28T16:58:02","slug":"a-tradicao-de-todas-as-geracoes-mortas-oprime-como-um-pesadelo-o-cerebro-dos-vivos","status":"publish","type":"post","link":"http:\/\/blogdalucianaoliveira.com.br\/blog\/2016\/07\/28\/a-tradicao-de-todas-as-geracoes-mortas-oprime-como-um-pesadelo-o-cerebro-dos-vivos\/","title":{"rendered":"A tradi\u00e7\u00e3o de todas as gera\u00e7\u00f5es mortas oprime como um pesadelo o c\u00e9rebro dos vivos"},"content":{"rendered":"<p><img data-recalc-dims=\"1\" loading=\"lazy\" decoding=\"async\" data-attachment-id=\"2643\" data-permalink=\"http:\/\/blogdalucianaoliveira.com.br\/blog\/2016\/07\/28\/a-tradicao-de-todas-as-geracoes-mortas-oprime-como-um-pesadelo-o-cerebro-dos-vivos\/image-604\/\" data-orig-file=\"https:\/\/i0.wp.com\/blogdalucianaoliveira.com.br\/blog\/wp-content\/uploads\/2016\/07\/image-154.jpeg?fit=2400%2C1213\" data-orig-size=\"2400,1213\" data-comments-opened=\"0\" data-image-meta=\"{&quot;aperture&quot;:&quot;0&quot;,&quot;credit&quot;:&quot;&quot;,&quot;camera&quot;:&quot;&quot;,&quot;caption&quot;:&quot;&quot;,&quot;created_timestamp&quot;:&quot;0&quot;,&quot;copyright&quot;:&quot;&quot;,&quot;focal_length&quot;:&quot;0&quot;,&quot;iso&quot;:&quot;0&quot;,&quot;shutter_speed&quot;:&quot;0&quot;,&quot;title&quot;:&quot;&quot;,&quot;orientation&quot;:&quot;0&quot;}\" data-image-title=\"image\" data-image-description=\"\" data-image-caption=\"\" data-medium-file=\"https:\/\/i0.wp.com\/blogdalucianaoliveira.com.br\/blog\/wp-content\/uploads\/2016\/07\/image-154.jpeg?fit=300%2C152\" data-large-file=\"https:\/\/i0.wp.com\/blogdalucianaoliveira.com.br\/blog\/wp-content\/uploads\/2016\/07\/image-154.jpeg?fit=600%2C303\" src=\"https:\/\/i0.wp.com\/blogdalucianaoliveira.com.br\/blog\/wp-content\/uploads\/2016\/07\/image-154.jpeg?resize=600%2C303\" alt=\"image\" width=\"600\" height=\"303\" class=\"alignnone size-full wp-image-2643\" srcset=\"https:\/\/i0.wp.com\/blogdalucianaoliveira.com.br\/blog\/wp-content\/uploads\/2016\/07\/image-154.jpeg?w=2400 2400w, https:\/\/i0.wp.com\/blogdalucianaoliveira.com.br\/blog\/wp-content\/uploads\/2016\/07\/image-154.jpeg?resize=300%2C152 300w, https:\/\/i0.wp.com\/blogdalucianaoliveira.com.br\/blog\/wp-content\/uploads\/2016\/07\/image-154.jpeg?w=1200 1200w, https:\/\/i0.wp.com\/blogdalucianaoliveira.com.br\/blog\/wp-content\/uploads\/2016\/07\/image-154.jpeg?w=1800 1800w\" sizes=\"auto, (max-width: 600px) 100vw, 600px\" \/><\/p>\n<p>Dilma N\u00c3O, e Temer PIOR AINDA, foi o que revelou pesquisa Ipsus, realizada entre os dias 1 e 12 de julho. <!--more--><\/p>\n<p>Os entrevistados em 72 cidades do pa\u00eds apontaram como melhor solu\u00e7\u00e3o, a proposta engavetada de novas elei\u00e7\u00f5es. <\/p>\n<p>Michel Temer goza de pat\u00e9ticos 6% de aprova\u00e7\u00e3o ap\u00f3s dois meses de governo. <\/p>\n<p>Como observou o escritor Paulo Nogueira, \u00e9 menos da metade que Dilma tinha quando o impeachment foi aprovado na C\u00e2mara. <\/p>\n<p>&#8220;Num mundo menos imperfeito, os 6% seriam manchete dos jornais, e ocupariam v\u00e1rios minutos do JN.&#8221;<\/p>\n<p>O Movimento Vem Pra Rua vai desfilar com a mesma pauta: Fora Dilma. V\u00e3o pedir tamb\u00e9m cadeia para todos os corruptos, mas n\u00e3o apontam quais, porque s\u00e3o financiados por muitos. <\/p>\n<p>E da\u00ed se os peritos do Senado e o MPF conclu\u00edram que as pedaladas e os decretos suplementares n\u00e3o caracterizam crime da presidente eleita? <\/p>\n<p>A pauta agora \u00e9 outra.<\/p>\n<p>O que est\u00e1 em jogo s\u00e3o os direitos adquiridos e a retirada deles. <\/p>\n<p>Um lado ap\u00f3ia a manuten\u00e7\u00e3o e o outro a retirada de direitos. <\/p>\n","protected":false},"excerpt":{"rendered":"<p>Dilma N\u00c3O, e Temer PIOR AINDA, foi o que revelou pesquisa Ipsus, realizada entre os dias 1 e 12 de julho.<\/p>\n","protected":false},"author":1,"featured_media":0,"comment_status":"closed","ping_status":"open","sticky":false,"template":"","format":"standard","meta":{"_exactmetrics_skip_tracking":false,"_exactmetrics_sitenote_active":false,"_exactmetrics_sitenote_note":"","_exactmetrics_sitenote_category":0,"jetpack_post_was_ever_published":false,"_jetpack_newsletter_access":"","_jetpack_dont_email_post_to_subs":false,"_jetpack_newsletter_tier_id":0,"_jetpack_memberships_contains_paywalled_content":false,"_jetpack_memberships_contains_paid_content":false,"footnotes":"","jetpack_publicize_message":"","jetpack_publicize_feature_enabled":true,"jetpack_social_post_already_shared":true,"jetpack_social_options":{"image_generator_settings":{"template":"highway","enabled":false},"version":2}},"categories":[1],"tags":[],"class_list":["post-2642","post","type-post","status-publish","format-standard","hentry","category-notas"],"jetpack_publicize_connections":[],"jetpack_sharing_enabled":true,"jetpack_featured_media_url":"","jetpack_shortlink":"https:\/\/wp.me\/p7wKYW-GC","jetpack-related-posts":[],"_links":{"self":[{"href":"http:\/\/blogdalucianaoliveira.com.br\/blog\/wp-json\/wp\/v2\/posts\/2642","targetHints":{"allow":["GET"]}}],"collection":[{"href":"http:\/\/blogdalucianaoliveira.com.br\/blog\/wp-json\/wp\/v2\/posts"}],"about":[{"href":"http:\/\/blogdalucianaoliveira.com.br\/blog\/wp-json\/wp\/v2\/types\/post"}],"author":[{"embeddable":true,"href":"http:\/\/blogdalucianaoliveira.com.br\/blog\/wp-json\/wp\/v2\/users\/1"}],"replies":[{"embeddable":true,"href":"http:\/\/blogdalucianaoliveira.com.br\/blog\/wp-json\/wp\/v2\/comments?post=2642"}],"version-history":[{"count":3,"href":"http:\/\/blogdalucianaoliveira.com.br\/blog\/wp-json\/wp\/v2\/posts\/2642\/revisions"}],"predecessor-version":[{"id":2646,"href":"http:\/\/blogdalucianaoliveira.com.br\/blog\/wp-json\/wp\/v2\/posts\/2642\/revisions\/2646"}],"wp:attachment":[{"href":"http:\/\/blogdalucianaoliveira.com.br\/blog\/wp-json\/wp\/v2\/media?parent=2642"}],"wp:term":[{"taxonomy":"category","embeddable":true,"href":"http:\/\/blogdalucianaoliveira.com.br\/blog\/wp-json\/wp\/v2\/categories?post=2642"},{"taxonomy":"post_tag","embeddable":true,"href":"http:\/\/blogdalucianaoliveira.com.br\/blog\/wp-json\/wp\/v2\/tags?post=2642"}],"curies":[{"name":"wp","href":"https:\/\/api.w.org\/{rel}","templated":true}]}}